
{"id":9494,"date":"2024-04-04T16:44:27","date_gmt":"2024-04-04T19:44:27","guid":{"rendered":"https:\/\/goias.gov.br\/escoladegoverno\/?p=9494"},"modified":"2024-07-16T08:47:42","modified_gmt":"2024-07-16T11:47:42","slug":"atividades-presenciais-do-lideracao-tem-inicio-com-oficinas-do-pequilab","status":"publish","type":"post","link":"https:\/\/goias.gov.br\/escoladegoverno\/atividades-presenciais-do-lideracao-tem-inicio-com-oficinas-do-pequilab\/","title":{"rendered":"Atividades presenciais do LiderA\u00e7\u00e3o t\u00eam in\u00edcio com oficinas do PequiLab"},"content":{"rendered":"<p><em>Etapa prev\u00ea a participa\u00e7\u00e3o dos gerentes selecionados divididos em cinco turmas, no decorrer do m\u00eas<\/em><\/p>\n<p>Cerca de 200 gerentes participar\u00e3o, durante o m\u00eas de abril, de experi\u00eancias de lideran\u00e7a dentro do laborat\u00f3rio de inova\u00e7\u00e3o da Escola de Governo, o PequiLab, como parte do Programa de Desenvolvimento de Lideran\u00e7as do Governo de Goi\u00e1s, o LiderA\u00e7\u00e3o. A primeira turma de gerentes vivenciou, construiu, desconstruiu e redefiniu a palavra lideran\u00e7a, com intera\u00e7\u00f5es, na \u00faltima ter\u00e7a-feira (2\/4). Uma nova turma participa da oficina nesta quinta (4\/4) e as demais est\u00e3o programadas para os dias 9, 11 e 16 de abril, em per\u00edodo integral, na Escola de Governo.<\/p>\n<figure id=\"attachment_9497\" aria-describedby=\"caption-attachment-9497\" style=\"width: 434px\" class=\"wp-caption alignright\"><img fetchpriority=\"high\" decoding=\"async\" class=\"wp-image-9497\" src=\"https:\/\/goias.gov.br\/escoladegoverno\/wp-content\/uploads\/sites\/28\/2024\/04\/oficina-lideracao-20240402-paulo-1.jpg\" alt=\"\" width=\"434\" height=\"579\" \/><figcaption id=\"caption-attachment-9497\" class=\"wp-caption-text\">Paulo Henrique de Souza &#8211; gerente do Pequilab<\/figcaption><\/figure>\n<p>Segundo o gerente do PequiLab, Paulo Henrique de Souza, as experimenta\u00e7\u00f5es feitas pelos participantes est\u00e3o fundamentadas em conte\u00fados indispens\u00e1veis para quem lidera e s\u00e3o proporcionadas como um exerc\u00edcio cr\u00edtico de pr\u00e1ticas do cotidiano gerencial. &#8220;O resultado disso \u00e9 o aprendizado com o erro e a possibilidade de incorpora\u00e7\u00e3o de novas atitudes e comportamentos, com o consequente abandono de pr\u00e1ticas inadequadas&#8221;, pontua o gerente.<\/p>\n<p><strong>Experi\u00eancias<\/strong><br \/>Paulo Henrique explica que &#8220;para dar conta dos despertares relacionando o conhecimento de si pr\u00f3prio e de seus liderados&#8221;, o dia de atividades \u00e9 intenso. &#8220;Tudo desenvolvido num ambiente de seguran\u00e7a psicol\u00f3gica, onde o erro \u00e9 admitido e desejado, para ser detectado e tratado, evitando que no ambiente de trabalho pr\u00e1ticas indesej\u00e1veis venham sequer acontecer. Mas, se ocorrerem, possam ser conduzidas com base em refer\u00eancias j\u00e1 vivenciadas&#8221;, detalha.<\/p>\n\n<p>Para que as experi\u00eancias vivenciadas durante as oficinas sejam relembradas no dia a dia profissional, s\u00e3o oferecidas aos participantes ferramentas para fixa\u00e7\u00e3o do conhecimento constru\u00eddo em laborat\u00f3rio, envolvendo temas como letramento sobre assuntos atuais; cria\u00e7\u00e3o de report\u00f3rio; autoconhecimento; conhecimento e reconhecimento de vulnerabilidades; adaptabilidade; colabora\u00e7\u00e3o X coopera\u00e7\u00e3o; lideran\u00e7a X gest\u00e3o.<\/p>\n\n\n<figure class=\"wp-block-gallery has-nested-images columns-default is-cropped wp-block-gallery-1 is-layout-flex wp-block-gallery-is-layout-flex\">\n<figure class=\"wp-block-image size-large\"><img decoding=\"async\" width=\"4032\" height=\"3024\" data-id=\"9498\" src=\"https:\/\/goias.gov.br\/escoladegoverno\/wp-content\/uploads\/sites\/28\/2024\/04\/oficina-lideracao-20240402-victor-1.jpg\" alt=\"\" class=\"wp-image-9498\" \/><figcaption class=\"wp-element-caption\">Victor Caetano &#8211; facilitador Pequilab<\/figcaption><\/figure>\n\n\n\n<figure class=\"wp-block-image size-large\"><img decoding=\"async\" width=\"4032\" height=\"3024\" data-id=\"9499\" src=\"https:\/\/goias.gov.br\/escoladegoverno\/wp-content\/uploads\/sites\/28\/2024\/04\/oficina-lideracao-20240402malu-1.jpg\" alt=\"\" class=\"wp-image-9499\" \/><figcaption class=\"wp-element-caption\">Maria Morais &#8211; facilitadora Pequilab<\/figcaption><\/figure>\n<\/figure>\n\n\n<p>Gerentes selecionados que desejam participar dessa e outras atividades do Programa LiderA\u00e7\u00e3o podem realizar a inscri\u00e7\u00e3o pelo Portal do Aluno (<a href=\"https:\/\/sgc.escoladegoverno.go.gov.br\/\">https:\/\/sgc.escoladegoverno.go.gov.br\/<\/a>), clicando, na p\u00e1gina inicial, na aba LiderA\u00e7\u00e3o &#8211; Programa de Desenvolvimento de Lideran\u00e7as.<\/p>\n<p>*Essa mat\u00e9ria tem como inspira\u00e7\u00e3o o Objetivo de Desenvolvimento Sustent\u00e1vel (ODS) n\u00ba 04, relativo \u00e0 Educa\u00e7\u00e3o de Qualidade. Para saber mais sobre ODS acesse <a href=\"https:\/\/odsbrasil.gov.br\/\">https:\/\/odsbrasil.gov.br\/<\/a><\/p>\n<p><strong>Secretaria da Administra\u00e7\u00e3o &#8211; Governo de Goi\u00e1s<\/strong><\/p>\n\n\n<p><\/p>\n","protected":false},"excerpt":{"rendered":"<p>Etapa prev\u00ea a participa\u00e7\u00e3o dos gerentes selecionados divididos em cinco turmas, no decorrer do m\u00eas Cerca de 200 gerentes participar\u00e3o, durante o m\u00eas de abril, de experi\u00eancias de lideran\u00e7a dentro do laborat\u00f3rio de inova\u00e7\u00e3o da Escola de Governo, o PequiLab, como parte do Programa de Desenvolvimento de Lideran\u00e7as do Governo de Goi\u00e1s, o LiderA\u00e7\u00e3o. A [&hellip;]<\/p>\n","protected":false},"author":384,"featured_media":9496,"comment_status":"closed","ping_status":"open","sticky":false,"template":"","format":"standard","meta":{"footnotes":""},"categories":[3],"tags":[62],"class_list":["post-9494","post","type-post","status-publish","format-standard","has-post-thumbnail","hentry","category-noticias","tag-pequilab"],"rttpg_featured_image_url":{"full":["https:\/\/goias.gov.br\/escoladegoverno\/wp-content\/uploads\/sites\/28\/2024\/04\/oficina-lideracao-20240402-gerentes-1-editada.jpeg",1600,696,false],"landscape":["https:\/\/goias.gov.br\/escoladegoverno\/wp-content\/uploads\/sites\/28\/2024\/04\/oficina-lideracao-20240402-gerentes-1-editada.jpeg",1600,696,false],"portraits":["https:\/\/goias.gov.br\/escoladegoverno\/wp-content\/uploads\/sites\/28\/2024\/04\/oficina-lideracao-20240402-gerentes-1-editada.jpeg",1600,696,false],"thumbnail":["https:\/\/goias.gov.br\/escoladegoverno\/wp-content\/uploads\/sites\/28\/2024\/04\/oficina-lideracao-20240402-gerentes-1-editada.jpeg",150,65,false],"medium":["https:\/\/goias.gov.br\/escoladegoverno\/wp-content\/uploads\/sites\/28\/2024\/04\/oficina-lideracao-20240402-gerentes-1-editada.jpeg",300,131,false],"large":["https:\/\/goias.gov.br\/escoladegoverno\/wp-content\/uploads\/sites\/28\/2024\/04\/oficina-lideracao-20240402-gerentes-1-editada.jpeg",1024,445,false],"1536x1536":["https:\/\/goias.gov.br\/escoladegoverno\/wp-content\/uploads\/sites\/28\/2024\/04\/oficina-lideracao-20240402-gerentes-1-editada.jpeg",1536,668,false],"2048x2048":["https:\/\/goias.gov.br\/escoladegoverno\/wp-content\/uploads\/sites\/28\/2024\/04\/oficina-lideracao-20240402-gerentes-1-editada.jpeg",1600,696,false]},"rttpg_author":{"display_name":"rutholiveira","author_link":"https:\/\/goias.gov.br\/escoladegoverno\/author\/rutholiveira\/"},"rttpg_comment":0,"rttpg_category":"<a href=\"https:\/\/goias.gov.br\/escoladegoverno\/categoria\/noticias\/\" rel=\"category tag\">Not\u00edcias<\/a>","rttpg_excerpt":"Etapa prev\u00ea a participa\u00e7\u00e3o dos gerentes selecionados divididos em cinco turmas, no decorrer do m\u00eas Cerca de 200 gerentes participar\u00e3o, durante o m\u00eas de abril, de experi\u00eancias de lideran\u00e7a dentro do laborat\u00f3rio de inova\u00e7\u00e3o da Escola de Governo, o PequiLab, como parte do Programa de Desenvolvimento de Lideran\u00e7as do Governo de Goi\u00e1s, o LiderA\u00e7\u00e3o. A&hellip;","_links":{"self":[{"href":"https:\/\/goias.gov.br\/escoladegoverno\/wp-json\/wp\/v2\/posts\/9494","targetHints":{"allow":["GET"]}}],"collection":[{"href":"https:\/\/goias.gov.br\/escoladegoverno\/wp-json\/wp\/v2\/posts"}],"about":[{"href":"https:\/\/goias.gov.br\/escoladegoverno\/wp-json\/wp\/v2\/types\/post"}],"author":[{"embeddable":true,"href":"https:\/\/goias.gov.br\/escoladegoverno\/wp-json\/wp\/v2\/users\/384"}],"replies":[{"embeddable":true,"href":"https:\/\/goias.gov.br\/escoladegoverno\/wp-json\/wp\/v2\/comments?post=9494"}],"version-history":[{"count":2,"href":"https:\/\/goias.gov.br\/escoladegoverno\/wp-json\/wp\/v2\/posts\/9494\/revisions"}],"predecessor-version":[{"id":9506,"href":"https:\/\/goias.gov.br\/escoladegoverno\/wp-json\/wp\/v2\/posts\/9494\/revisions\/9506"}],"wp:featuredmedia":[{"embeddable":true,"href":"https:\/\/goias.gov.br\/escoladegoverno\/wp-json\/wp\/v2\/media\/9496"}],"wp:attachment":[{"href":"https:\/\/goias.gov.br\/escoladegoverno\/wp-json\/wp\/v2\/media?parent=9494"}],"wp:term":[{"taxonomy":"category","embeddable":true,"href":"https:\/\/goias.gov.br\/escoladegoverno\/wp-json\/wp\/v2\/categories?post=9494"},{"taxonomy":"post_tag","embeddable":true,"href":"https:\/\/goias.gov.br\/escoladegoverno\/wp-json\/wp\/v2\/tags?post=9494"}],"curies":[{"name":"wp","href":"https:\/\/api.w.org\/{rel}","templated":true}]}}