
{"id":6978,"date":"2023-09-29T09:59:41","date_gmt":"2023-09-29T12:59:41","guid":{"rendered":"https:\/\/siteshom.goias.gov.br\/escoladegoverno\/oficina-caminhos-da-criatividade\/"},"modified":"2026-04-29T07:39:10","modified_gmt":"2026-04-29T10:39:10","slug":"oficina-caminhos-da-criatividade","status":"publish","type":"post","link":"https:\/\/goias.gov.br\/escoladegoverno\/oficina-caminhos-da-criatividade\/","title":{"rendered":"Oficina PequiLab: Caminhos da Criatividade"},"content":{"rendered":"\n<div class=\"wp-block-columns alignwide are-vertically-aligned-center is-layout-flex wp-container-core-columns-is-layout-9d6595d7 wp-block-columns-is-layout-flex\">\n<div class=\"wp-block-column is-vertically-aligned-center is-layout-flow wp-block-column-is-layout-flow\" style=\"flex-basis:30%\">\n<div class=\"wp-block-buttons is-layout-flex wp-container-core-buttons-is-layout-a74382ec wp-block-buttons-is-layout-flex\">\n<div class=\"wp-block-button has-custom-width wp-block-button__width-100 is-style-outline is-style-outline--1\"><a class=\"wp-block-button__link has-white-background-color has-text-color has-background has-link-color has-text-align-center wp-element-button\" href=\"https:\/\/sgc.escoladegoverno.go.gov.br\/\" style=\"color:#1d7e5e\" target=\"_blank\" rel=\"noreferrer noopener\">Inscri\u00e7\u00f5es Indispon\u00edveis<\/a><\/div>\n<\/div>\n<\/div>\n\n\n\n<div class=\"wp-block-column is-vertically-aligned-center is-layout-flow wp-block-column-is-layout-flow\" style=\"flex-basis:30%\"><div class=\"wp-block-image\">\n<figure class=\"alignleft size-full\"><img decoding=\"async\" width=\"212\" height=\"41\" src=\"https:\/\/goias.gov.br\/escoladegoverno\/wp-content\/uploads\/sites\/28\/2024\/04\/Presencial-2-2.png\" alt=\"\" class=\"wp-image-9438\" style=\"object-fit:cover\"\/><\/figure>\n<\/div><\/div>\n<\/div>\n\n\n<p><strong>Data de Inscri\u00e7\u00e3o:<\/strong> Em breve&#8230;<\/p>\n<p><strong>Data de Realiza\u00e7\u00e3o:<\/strong> Em breve&#8230;<\/p>\n<p><strong>Hor\u00e1rio:<\/strong> Em breve&#8230;<\/p>\n<p><strong data-sider-select-id=\"583adee2-1c30-44a4-ae7d-1100ade65692\">Modalidade:<\/strong> Presencial na Escola de Governo<\/p>\n<p><strong>Carga hor\u00e1ria<\/strong>: 8 horas<\/p>\n<p><strong>Instrutora<\/strong>: L\u00edvia Nunes Borges Rodrigues<\/p>\n<p><strong>Objetivo\/resumo do curso: <\/strong><\/p>\n<ul>\n<li>Desenvolver e explorar a criatividade por meio de exerc\u00edcios pr\u00e1ticos.<\/li>\n<li>Explorar formas de express\u00e3o da subjetividade<\/li>\n<\/ul>\n<p><strong>Pr\u00e9-requisito: <\/strong>Possuir v\u00ednculo ativo com o Estado (Servidor P\u00fablico ou Tempor\u00e1rio)<\/p>\n<p><strong>Conte\u00fado program\u00e1tico:<\/strong><\/p>\n<ul>\n<li>Mitos e barreiras;<\/li>\n<li>Conceitos acerca da criatividade;<\/li>\n<li>Pensamento concreto x Pensamento abstrato;<\/li>\n<li>Rela\u00e7\u00e3o entre as cores e a criatividade no ambiente de trabalho;<\/li>\n<li>Harmonias crom\u00e1ticas;<\/li>\n<li>Tipos de intelig\u00eancia para o s\u00e9culo XXI;<\/li>\n<li>Como criar repert\u00f3rio diverso;<\/li>\n<li>Produto final. Pensar um espa\u00e7o de conviv\u00eancia e elaborar um prot\u00f3tipo.<\/li>\n<\/ul>","protected":false},"excerpt":{"rendered":"<p>(Presencial) &#8211; Tem por objetivo compreender os conceitos acerca da criatividade e sua rela\u00e7\u00e3o com a inova\u00e7\u00e3o. Permite aos integrantes desenvolver esta habilidade por meio de exerc\u00edcios pr\u00e1ticos.<\/p>\n","protected":false},"author":430,"featured_media":0,"comment_status":"closed","ping_status":"open","sticky":false,"template":"","format":"standard","meta":{"footnotes":""},"categories":[8,98],"tags":[],"class_list":["post-6978","post","type-post","status-publish","format-standard","hentry","category-cursos-presenciais","category-area-oficinas-pequilab"],"rttpg_featured_image_url":null,"rttpg_author":{"display_name":"vanessaamendes","author_link":"https:\/\/goias.gov.br\/escoladegoverno\/author\/vanessaamendes\/"},"rttpg_comment":0,"rttpg_category":"<a href=\"https:\/\/goias.gov.br\/escoladegoverno\/categoria\/capacitacao\/modalidade\/cursos-presenciais\/\" rel=\"category tag\">Cursos Presenciais<\/a> <a href=\"https:\/\/goias.gov.br\/escoladegoverno\/categoria\/capacitacao\/areas-cursos\/area-oficinas-pequilab\/\" rel=\"category tag\">Oficinas PequiLab<\/a>","rttpg_excerpt":"(Presencial) - Tem por objetivo compreender os conceitos acerca da criatividade e sua rela\u00e7\u00e3o com a inova\u00e7\u00e3o. Permite aos integrantes desenvolver esta habilidade por meio de exerc\u00edcios pr\u00e1ticos.","_links":{"self":[{"href":"https:\/\/goias.gov.br\/escoladegoverno\/wp-json\/wp\/v2\/posts\/6978","targetHints":{"allow":["GET"]}}],"collection":[{"href":"https:\/\/goias.gov.br\/escoladegoverno\/wp-json\/wp\/v2\/posts"}],"about":[{"href":"https:\/\/goias.gov.br\/escoladegoverno\/wp-json\/wp\/v2\/types\/post"}],"author":[{"embeddable":true,"href":"https:\/\/goias.gov.br\/escoladegoverno\/wp-json\/wp\/v2\/users\/430"}],"replies":[{"embeddable":true,"href":"https:\/\/goias.gov.br\/escoladegoverno\/wp-json\/wp\/v2\/comments?post=6978"}],"version-history":[{"count":2,"href":"https:\/\/goias.gov.br\/escoladegoverno\/wp-json\/wp\/v2\/posts\/6978\/revisions"}],"predecessor-version":[{"id":16712,"href":"https:\/\/goias.gov.br\/escoladegoverno\/wp-json\/wp\/v2\/posts\/6978\/revisions\/16712"}],"wp:attachment":[{"href":"https:\/\/goias.gov.br\/escoladegoverno\/wp-json\/wp\/v2\/media?parent=6978"}],"wp:term":[{"taxonomy":"category","embeddable":true,"href":"https:\/\/goias.gov.br\/escoladegoverno\/wp-json\/wp\/v2\/categories?post=6978"},{"taxonomy":"post_tag","embeddable":true,"href":"https:\/\/goias.gov.br\/escoladegoverno\/wp-json\/wp\/v2\/tags?post=6978"}],"curies":[{"name":"wp","href":"https:\/\/api.w.org\/{rel}","templated":true}]}}