
{"id":6936,"date":"2023-07-14T10:30:56","date_gmt":"2023-07-14T13:30:56","guid":{"rendered":"https:\/\/siteshom.goias.gov.br\/escoladegoverno\/conciliacao-contabil-no-setor-publico\/"},"modified":"2025-04-14T11:13:17","modified_gmt":"2025-04-14T14:13:17","slug":"conciliacao-contabil-no-setor-publico","status":"publish","type":"post","link":"https:\/\/goias.gov.br\/escoladegoverno\/conciliacao-contabil-no-setor-publico\/","title":{"rendered":"Concilia\u00e7\u00e3o Cont\u00e1bil no Setor P\u00fablico"},"content":{"rendered":"\n<div class=\"wp-block-columns alignwide are-vertically-aligned-center is-layout-flex wp-container-core-columns-is-layout-9d6595d7 wp-block-columns-is-layout-flex\">\n<div class=\"wp-block-column is-vertically-aligned-center is-layout-flow wp-block-column-is-layout-flow\" style=\"flex-basis:30%\">\n<div class=\"wp-block-buttons is-layout-flex wp-container-core-buttons-is-layout-a74382ec wp-block-buttons-is-layout-flex\">\n<div class=\"wp-block-button has-custom-width wp-block-button__width-100 is-style-outline is-style-outline--1\"><a class=\"wp-block-button__link has-white-background-color has-text-color has-background has-link-color has-text-align-center wp-element-button\" href=\"https:\/\/sgc.escoladegoverno.go.gov.br\/\" style=\"color:#1d7e5e\" target=\"_blank\" rel=\"noreferrer noopener\">Inscri\u00e7\u00f5es Indispon\u00edveis<\/a><\/div>\n<\/div>\n<\/div>\n\n\n\n<div class=\"wp-block-column is-vertically-aligned-center is-layout-flow wp-block-column-is-layout-flow\" style=\"flex-basis:30%\"><div class=\"wp-block-image\">\n<figure class=\"alignleft size-full\"><img decoding=\"async\" width=\"212\" height=\"41\" src=\"https:\/\/goias.gov.br\/escoladegoverno\/wp-content\/uploads\/sites\/28\/2024\/04\/Presencial-2-2.png\" alt=\"\" class=\"wp-image-9438\" style=\"object-fit:cover\"\/><\/figure>\n<\/div><\/div>\n<\/div>\n\n\n\n<div class=\"wp-block-buttons is-layout-flex wp-block-buttons-is-layout-flex\">\n<div class=\"wp-block-button has-custom-width wp-block-button__width-100\"><a class=\"wp-block-button__link has-black-color has-text-color has-background has-link-color wp-element-button\" style=\"border-radius:0px;background-color:#f9f9f9\"><strong>Sobre o Curso<\/strong><\/a><\/div>\n<\/div>\n\n\n<h4><strong>Modalidade<\/strong><\/h4>\n<p>Presencial \u2013 na Escola de Governo.<\/p>\n<h4><strong>Carga Hor\u00e1ria<\/strong><\/h4>\n<p>20 horas.<\/p>\n<h4><strong>Objetivos<\/strong><\/h4>\n<p>Capacitar, aperfei\u00e7oar e gerar conhecimentos em concilia\u00e7\u00e3o cont\u00e1bil no \u00e2mbito estadual para servidores que atuem nas rotinas de contabilidade, bem como os profissionais que lidam com contabilidade aplicada ao setor p\u00fablico.<\/p>\n<h4><strong>Pr\u00e9-requisito<\/strong><\/h4>\n<p>Ter conhecimento em Inform\u00e1tica B\u00e1sica.<\/p>\n<h4><strong>P\u00fablico-Alvo<\/strong><\/h4>\n<p>Servidores que atuam nas rotinas de contabilidade p\u00fablica como auxiliares cont\u00e1beis nos \u00f3rg\u00e3os da Administra\u00e7\u00e3o Direta, das Entidades Fundacionais e das Empresas Estatais Dependentes do Poder Executivo Estadual.<b> <\/b><\/p>\n<h4><strong>Conte\u00fado Program\u00e1tico<\/strong><\/h4>\n<ul>\n<li>Conceitos b\u00e1sicos:<br \/>\u00a0 \u00a0 \u2022 Aspectos Gerais das Regras de Contabilidade e Plano de Contas Aplicado ao Setor P\u00fablico;<br \/>\u00a0 \u00a0 \u2022 Contas Cont\u00e1beis;<br \/>\u00a0 \u00a0 \u2022 Contas Correntes;<br \/>\u00a0 \u00a0 \u2022 Registro dos movimentos, fatos e atos cont\u00e1beis mensal dos \u00f3rg\u00e3os no Sistema de Contabilidade Geral do Estado (SCG).<\/li>\n<li>Sistema de Contabilidade Geral do Estado de Goi\u00e1s (SCG) &#8211; apresenta\u00e7\u00e3o e orienta\u00e7\u00e3o dos recursos, ferramentas, relat\u00f3rios e documentos dispon\u00edveis para concilia\u00e7\u00e3o cont\u00e1bil:<br \/>\u00a0 \u00a0\u2022 Apresenta\u00e7\u00e3o do SCG para concilia\u00e7\u00e3o cont\u00e1bil;<br \/>\u00a0 \u00a0\u2022 Documentos cont\u00e1beis dispon\u00edveis para concilia\u00e7\u00e3o cont\u00e1bil no SCG e SIOFI-Net;<br \/>\u00a0 \u00a0\u2022 Notas de Lan\u00e7amento;<br \/>\u00a0 \u00a0\u2022 Ordem de Pagamento Extra Or\u00e7ament\u00e1ria &#8211; OPE;<br \/>\u00a0 \u00a0\u2022 Guia de Receita Or\u00e7ament\u00e1ria;<br \/>\u00a0 \u00a0\u2022 Documento de Ajuste Cont\u00e1bil &#8211; DAC;<br \/>\u00a0 \u00a0 \u2022 Consultar relat\u00f3rios cont\u00e1beis no SCG para concilia\u00e7\u00e3o cont\u00e1bil;<br \/>\u00a0 \u00a0 \u2022 DCASPs (Anexo 12, Anexo 13 e Anexo 14);<br \/>\u00a0 \u00a0 \u2022 Relat\u00f3rios TCE (Registro de Saldos Banc\u00e1rios, Anexo 02, Anexo 10, Anexo 11, Demonstrativo Almoxarifado, Demonstrativo Imobilizado, Demonstrativo Intang\u00edvel e Diferido);<br \/>\u00a0 \u00a0 \u2022 Relat\u00f3rios CUTE (Classe 1 X Classe 8, Registro Saldo Estrutural DDRs);<br \/>\u00a0 \u00a0 \u2022 Relat\u00f3rios Cont\u00e1beis (Demonstrativo Saldos Invertidos, Saldos das Notas de Disp\u00eandios, Saldos das Notas de Ingressos, Raz\u00e3o Cont\u00e1bil, Demonstrativo Sint\u00e9tico de Restos a Pagar);<br \/>\u00a0 \u00a0 \u2022 Relat\u00f3rios de Verifica\u00e7\u00e3o de Integridade.<\/li>\n<li>Procedimentos para fechamento cont\u00e1bil mensal dos \u00d3rg\u00e3os que utilizam o Sistema de Contabilidade Geral do Estado:<br \/>\u00a0 \u00a0 \u2022 Extrato banc\u00e1rio;<br \/>\u00a0 \u00a0 \u2022 Obriga\u00e7\u00f5es por Compet\u00eancia;<br \/>\u00a0 \u00a0 \u2022 Cr\u00e9ditos a Receber;<br \/>\u00a0 \u00a0 \u2022 Invent\u00e1rio de Materiais;<br \/>\u00a0 \u00a0 \u2022 Invent\u00e1rio do Imobilizado e Intang\u00edvel.<\/li>\n<\/ul>\n<h4><strong>Crit\u00e9rios de Aprova\u00e7\u00e3o<\/strong><\/h4>\n<p>Frequ\u00eancia igual ou superior a 80% (oitenta por cento).<\/p>","protected":false},"excerpt":{"rendered":"<p>(Presencial) \u2013 Capacitar e aprimorar servidores estaduais e profissionais em concilia\u00e7\u00e3o cont\u00e1bil e contabilidade p\u00fablica, promovendo conhecimentos t\u00e9cnicos para melhorar as rotinas cont\u00e1beis no setor p\u00fablico.<\/p>\n","protected":false},"author":430,"featured_media":0,"comment_status":"closed","ping_status":"open","sticky":false,"template":"","format":"standard","meta":{"footnotes":""},"categories":[8,99],"tags":[],"class_list":["post-6936","post","type-post","status-publish","format-standard","hentry","category-cursos-presenciais","category-area-orcamento-financas"],"rttpg_featured_image_url":null,"rttpg_author":{"display_name":"vanessaamendes","author_link":"https:\/\/goias.gov.br\/escoladegoverno\/author\/vanessaamendes\/"},"rttpg_comment":0,"rttpg_category":"<a href=\"https:\/\/goias.gov.br\/escoladegoverno\/categoria\/capacitacao\/modalidade\/cursos-presenciais\/\" rel=\"category tag\">Cursos Presenciais<\/a> <a href=\"https:\/\/goias.gov.br\/escoladegoverno\/categoria\/capacitacao\/areas-cursos\/area-orcamento-financas\/\" rel=\"category tag\">Or\u00e7amento e Finan\u00e7as P\u00fablicas<\/a>","rttpg_excerpt":"(Presencial) \u2013 Capacitar e aprimorar servidores estaduais e profissionais em concilia\u00e7\u00e3o cont\u00e1bil e contabilidade p\u00fablica, promovendo conhecimentos t\u00e9cnicos para melhorar as rotinas cont\u00e1beis no setor p\u00fablico.","_links":{"self":[{"href":"https:\/\/goias.gov.br\/escoladegoverno\/wp-json\/wp\/v2\/posts\/6936","targetHints":{"allow":["GET"]}}],"collection":[{"href":"https:\/\/goias.gov.br\/escoladegoverno\/wp-json\/wp\/v2\/posts"}],"about":[{"href":"https:\/\/goias.gov.br\/escoladegoverno\/wp-json\/wp\/v2\/types\/post"}],"author":[{"embeddable":true,"href":"https:\/\/goias.gov.br\/escoladegoverno\/wp-json\/wp\/v2\/users\/430"}],"replies":[{"embeddable":true,"href":"https:\/\/goias.gov.br\/escoladegoverno\/wp-json\/wp\/v2\/comments?post=6936"}],"version-history":[{"count":2,"href":"https:\/\/goias.gov.br\/escoladegoverno\/wp-json\/wp\/v2\/posts\/6936\/revisions"}],"predecessor-version":[{"id":14058,"href":"https:\/\/goias.gov.br\/escoladegoverno\/wp-json\/wp\/v2\/posts\/6936\/revisions\/14058"}],"wp:attachment":[{"href":"https:\/\/goias.gov.br\/escoladegoverno\/wp-json\/wp\/v2\/media?parent=6936"}],"wp:term":[{"taxonomy":"category","embeddable":true,"href":"https:\/\/goias.gov.br\/escoladegoverno\/wp-json\/wp\/v2\/categories?post=6936"},{"taxonomy":"post_tag","embeddable":true,"href":"https:\/\/goias.gov.br\/escoladegoverno\/wp-json\/wp\/v2\/tags?post=6936"}],"curies":[{"name":"wp","href":"https:\/\/api.w.org\/{rel}","templated":true}]}}