
{"id":6727,"date":"2023-01-09T15:18:11","date_gmt":"2023-01-09T18:18:11","guid":{"rendered":"https:\/\/siteshom.goias.gov.br\/escoladegoverno\/execucao-orcamentaria-e-financeira-modulo-1-2\/"},"modified":"2025-11-10T09:52:28","modified_gmt":"2025-11-10T12:52:28","slug":"execucao-orcamentaria-e-financeira-modulo-1-2","status":"publish","type":"post","link":"https:\/\/goias.gov.br\/escoladegoverno\/execucao-orcamentaria-e-financeira-modulo-1-2\/","title":{"rendered":"Execu\u00e7\u00e3o Or\u00e7ament\u00e1ria e Financeira &#8211; M\u00f3dulo 2 e 3"},"content":{"rendered":"\n<div class=\"wp-block-columns alignwide are-vertically-aligned-center is-layout-flex wp-container-core-columns-is-layout-9d6595d7 wp-block-columns-is-layout-flex\">\n<div class=\"wp-block-column is-vertically-aligned-center is-layout-flow wp-block-column-is-layout-flow\" style=\"flex-basis:30%\">\n<div class=\"wp-block-buttons is-layout-flex wp-container-core-buttons-is-layout-a74382ec wp-block-buttons-is-layout-flex\">\n<div class=\"wp-block-button has-custom-width wp-block-button__width-100 is-style-outline is-style-outline--1\"><a class=\"wp-block-button__link has-white-background-color has-text-color has-background has-link-color has-text-align-center wp-element-button\" href=\"https:\/\/sgc.escoladegoverno.go.gov.br\/\" style=\"color:#1d7e5e\" target=\"_blank\" rel=\"noreferrer noopener\">Inscri\u00e7\u00f5es Indispon\u00edveis<\/a><\/div>\n<\/div>\n<\/div>\n\n\n\n<div class=\"wp-block-column is-vertically-aligned-center is-layout-flow wp-block-column-is-layout-flow\" style=\"flex-basis:30%\"><div class=\"wp-block-image\">\n<figure class=\"alignleft size-full\"><img decoding=\"async\" width=\"212\" height=\"41\" src=\"https:\/\/goias.gov.br\/escoladegoverno\/wp-content\/uploads\/sites\/28\/2024\/04\/Presencial-2-2.png\" alt=\"\" class=\"wp-image-9438\" style=\"object-fit:cover\"\/><\/figure>\n<\/div><\/div>\n<\/div>\n\n\n\n<div class=\"wp-block-columns is-layout-flex wp-container-core-columns-is-layout-9d6595d7 wp-block-columns-is-layout-flex\">\n<div class=\"wp-block-column is-layout-flow wp-block-column-is-layout-flow\" style=\"flex-basis:100%\">\n<div class=\"wp-block-buttons is-layout-flex wp-block-buttons-is-layout-flex\">\n<div class=\"wp-block-button has-custom-width wp-block-button__width-100\"><a class=\"wp-block-button__link has-black-color has-text-color has-background has-link-color wp-element-button\" style=\"border-radius:0px;background-color:#f9f9f9\"><strong>Sobre o Curso<\/strong><\/a><\/div>\n<\/div>\n<\/div>\n<\/div>\n\n\n<h4><strong>Modalidade<\/strong><\/h4>\n<p>Presencial \u2013 na Escola de Governo.<\/p>\n<h4><strong>Carga Hor\u00e1ria<\/strong><\/h4>\n<p>32 horas.<\/p>\n<h4><strong>Objetivo Geral<\/strong><\/h4>\n<p>Promover o conhecimento e uma vis\u00e3o geral das principais orienta\u00e7\u00f5es constantes do MCASP (Manual de Contabilidade Aplicada ao Setor P\u00fablico) para a correta classifica\u00e7\u00e3o e registro das receitas or\u00e7ament\u00e1rias e com rela\u00e7\u00e3o \u00e0 classifica\u00e7\u00e3o da despesa.<\/p>\n<h4><strong>Pr\u00e9-Requisito<\/strong><\/h4>\n<p>Ser concluinte do curso Execu\u00e7\u00e3o Or\u00e7ament\u00e1ria e Financeira &#8211; M\u00f3dulo 1.<\/p>\n<h4><strong>P\u00fablico-Alvo<\/strong><\/h4>\n<p>Servidores P\u00fablicos do Poder Executivo Estadual\u00a0concluintes do curso Execu\u00e7\u00e3o Or\u00e7ament\u00e1ria e Financeira &#8211; M\u00f3dulo 1.<\/p>\n<h4><strong>Conte\u00fado\u00a0Program\u00e1tico<\/strong><\/h4>\n<ul>\n<li>M\u00f3dulo 2:<br \/>\u00a0 \u00a0 \u2022 Orienta\u00e7\u00f5es do Manual de Contabilidade ao Setor P\u00fablico (MCASP);<br \/>\u00a0 \u00a0 \u2022 Introdu\u00e7\u00e3o ao conceito de Receita Or\u00e7ament\u00e1ria;<br \/>\u00a0 \u00a0 \u2022 Classifica\u00e7\u00e3o da Receita conforme a sua natureza.<\/li>\n<li>M\u00f3dulo 3:<br \/>\u00a0 \u00a0 \u2022 Orienta\u00e7\u00f5es do Manual de Contabilidade ao Setor P\u00fablico (MCASP) quanto a classifica\u00e7\u00e3o da despesa;<br \/>\u00a0 \u00a0 \u2022 Opera\u00e7\u00e3o intraor\u00e7ament\u00e1ria;<br \/>\u00a0 \u00a0 \u2022 Guia de Apropria\u00e7\u00e3o de Despesa adotado pelo Estado de Goi\u00e1s;<br \/>\u00a0 \u00a0 \u2022 Classifica\u00e7\u00e3o Funcional da despesa;<br \/>\u00a0 \u00a0 \u2022 Classifica\u00e7\u00e3o Program\u00e1tica da Despesa.<\/li>\n<\/ul>\n<h4><strong>Crit\u00e9rios para aprova\u00e7\u00e3o<\/strong><\/h4>\n<p>Frequ\u00eancia igual ou superior a 80% (oitenta por cento).<\/p>","protected":false},"excerpt":{"rendered":"<p>(Presencial) \u2013 Este curso apresenta uma vis\u00e3o geral das principais orienta\u00e7\u00f5es para a correta classifica\u00e7\u00e3o e registro das receitas or\u00e7ament\u00e1rias e com rela\u00e7\u00e3o \u00e0 classifica\u00e7\u00e3o da despesa.<\/p>\n","protected":false},"author":430,"featured_media":0,"comment_status":"closed","ping_status":"open","sticky":false,"template":"","format":"standard","meta":{"footnotes":""},"categories":[8,99],"tags":[],"class_list":["post-6727","post","type-post","status-publish","format-standard","hentry","category-cursos-presenciais","category-area-orcamento-financas"],"rttpg_featured_image_url":null,"rttpg_author":{"display_name":"vanessaamendes","author_link":"https:\/\/goias.gov.br\/escoladegoverno\/author\/vanessaamendes\/"},"rttpg_comment":0,"rttpg_category":"<a href=\"https:\/\/goias.gov.br\/escoladegoverno\/categoria\/capacitacao\/modalidade\/cursos-presenciais\/\" rel=\"category tag\">Cursos Presenciais<\/a> <a href=\"https:\/\/goias.gov.br\/escoladegoverno\/categoria\/capacitacao\/areas-cursos\/area-orcamento-financas\/\" rel=\"category tag\">Or\u00e7amento e Finan\u00e7as P\u00fablicas<\/a>","rttpg_excerpt":"(Presencial) \u2013 Este curso apresenta uma vis\u00e3o geral das principais orienta\u00e7\u00f5es para a correta classifica\u00e7\u00e3o e registro das receitas or\u00e7ament\u00e1rias e com rela\u00e7\u00e3o \u00e0 classifica\u00e7\u00e3o da despesa.","_links":{"self":[{"href":"https:\/\/goias.gov.br\/escoladegoverno\/wp-json\/wp\/v2\/posts\/6727","targetHints":{"allow":["GET"]}}],"collection":[{"href":"https:\/\/goias.gov.br\/escoladegoverno\/wp-json\/wp\/v2\/posts"}],"about":[{"href":"https:\/\/goias.gov.br\/escoladegoverno\/wp-json\/wp\/v2\/types\/post"}],"author":[{"embeddable":true,"href":"https:\/\/goias.gov.br\/escoladegoverno\/wp-json\/wp\/v2\/users\/430"}],"replies":[{"embeddable":true,"href":"https:\/\/goias.gov.br\/escoladegoverno\/wp-json\/wp\/v2\/comments?post=6727"}],"version-history":[{"count":2,"href":"https:\/\/goias.gov.br\/escoladegoverno\/wp-json\/wp\/v2\/posts\/6727\/revisions"}],"predecessor-version":[{"id":15549,"href":"https:\/\/goias.gov.br\/escoladegoverno\/wp-json\/wp\/v2\/posts\/6727\/revisions\/15549"}],"wp:attachment":[{"href":"https:\/\/goias.gov.br\/escoladegoverno\/wp-json\/wp\/v2\/media?parent=6727"}],"wp:term":[{"taxonomy":"category","embeddable":true,"href":"https:\/\/goias.gov.br\/escoladegoverno\/wp-json\/wp\/v2\/categories?post=6727"},{"taxonomy":"post_tag","embeddable":true,"href":"https:\/\/goias.gov.br\/escoladegoverno\/wp-json\/wp\/v2\/tags?post=6727"}],"curies":[{"name":"wp","href":"https:\/\/api.w.org\/{rel}","templated":true}]}}