
{"id":50,"date":"2018-09-25T09:55:10","date_gmt":"2018-09-25T12:55:10","guid":{"rendered":"https:\/\/siteshom.goias.gov.br\/escoladegoverno\/graduacao-em-gestao-publica\/"},"modified":"2018-09-25T09:55:10","modified_gmt":"2018-09-25T12:55:10","slug":"graduacao-em-gestao-publica","status":"publish","type":"post","link":"https:\/\/goias.gov.br\/escoladegoverno\/graduacao-em-gestao-publica\/","title":{"rendered":"Gradua\u00e7\u00e3o em Gest\u00e3o P\u00fablica"},"content":{"rendered":"<p><img fetchpriority=\"high\" decoding=\"async\" class=\" size-full wp-image-48\" src=\"http:\/\/goias.gov.br\/escoladegoverno\/wp-content\/uploads\/sites\/28\/2018\/09\/folder_graduacao-gestao-publica0-083.jpg\" alt=\"\" width=\"1721\" height=\"1231\" srcset=\"https:\/\/goias.gov.br\/escoladegoverno\/wp-content\/uploads\/sites\/28\/2018\/09\/folder_graduacao-gestao-publica0-083.jpg 1721w, https:\/\/goias.gov.br\/escoladegoverno\/wp-content\/uploads\/sites\/28\/2018\/09\/folder_graduacao-gestao-publica0-083-300x215.jpg 300w, https:\/\/goias.gov.br\/escoladegoverno\/wp-content\/uploads\/sites\/28\/2018\/09\/folder_graduacao-gestao-publica0-083-1024x732.jpg 1024w, https:\/\/goias.gov.br\/escoladegoverno\/wp-content\/uploads\/sites\/28\/2018\/09\/folder_graduacao-gestao-publica0-083-768x549.jpg 768w, https:\/\/goias.gov.br\/escoladegoverno\/wp-content\/uploads\/sites\/28\/2018\/09\/folder_graduacao-gestao-publica0-083-1536x1099.jpg 1536w\" sizes=\"(max-width: 1721px) 100vw, 1721px\" \/><\/p>\n<h2><span><span>Processo Seletivo para o Cuso Superior de Tecnologia em Gest&atilde;o P&uacute;blica &#8211; 2017<\/span><\/span><\/h2>\n<p><span><strong>07\/07\/2017<\/strong> &#8211;&nbsp;<strong><span><span><\/span><\/span><\/strong><a href=\"http:\/\/goias.gov.br\/escoladegoverno\/wp-content\/uploads\/sites\/28\/2018\/09\/gesto_pblica__edital_abertura-d63.pdf\" id=\"\" style=\"\" target=\"\" title=\"\" rel=\"noopener\">Edital de Abertura<\/a><strong><span><span><\/span><\/span><\/strong><\/span><\/p>\n","protected":false},"excerpt":{"rendered":"<p>Processo Seletivo para o Cuso Superior de Tecnologia em Gest&atilde;o P&uacute;blica &#8211; 2017 07\/07\/2017 &#8211;&nbsp;Edital de Abertura<\/p>\n","protected":false},"author":46,"featured_media":48,"comment_status":"closed","ping_status":"open","sticky":false,"template":"","format":"standard","meta":{"footnotes":""},"categories":[13],"tags":[],"class_list":["post-50","post","type-post","status-publish","format-standard","has-post-thumbnail","hentry","category-graduacao"],"rttpg_featured_image_url":{"full":["https:\/\/goias.gov.br\/escoladegoverno\/wp-content\/uploads\/sites\/28\/2018\/09\/folder_graduacao-gestao-publica0-083.jpg",1721,1231,false],"landscape":["https:\/\/goias.gov.br\/escoladegoverno\/wp-content\/uploads\/sites\/28\/2018\/09\/folder_graduacao-gestao-publica0-083.jpg",1721,1231,false],"portraits":["https:\/\/goias.gov.br\/escoladegoverno\/wp-content\/uploads\/sites\/28\/2018\/09\/folder_graduacao-gestao-publica0-083.jpg",1721,1231,false],"thumbnail":["https:\/\/goias.gov.br\/escoladegoverno\/wp-content\/uploads\/sites\/28\/2018\/09\/folder_graduacao-gestao-publica0-083-150x150.jpg",150,150,true],"medium":["https:\/\/goias.gov.br\/escoladegoverno\/wp-content\/uploads\/sites\/28\/2018\/09\/folder_graduacao-gestao-publica0-083-300x215.jpg",300,215,true],"large":["https:\/\/goias.gov.br\/escoladegoverno\/wp-content\/uploads\/sites\/28\/2018\/09\/folder_graduacao-gestao-publica0-083-1024x732.jpg",1024,732,true],"1536x1536":["https:\/\/goias.gov.br\/escoladegoverno\/wp-content\/uploads\/sites\/28\/2018\/09\/folder_graduacao-gestao-publica0-083-1536x1099.jpg",1536,1099,true],"2048x2048":["https:\/\/goias.gov.br\/escoladegoverno\/wp-content\/uploads\/sites\/28\/2018\/09\/folder_graduacao-gestao-publica0-083.jpg",1721,1231,false]},"rttpg_author":{"display_name":"cleybetsls","author_link":"https:\/\/goias.gov.br\/escoladegoverno\/author\/cleybetsls\/"},"rttpg_comment":0,"rttpg_category":"<a href=\"https:\/\/goias.gov.br\/escoladegoverno\/categoria\/capacitacao\/ensino-superior\/graduacao\/\" rel=\"category tag\">Gradua\u00e7\u00e3o<\/a>","rttpg_excerpt":"Processo Seletivo para o Cuso Superior de Tecnologia em Gest&atilde;o P&uacute;blica &#8211; 2017 07\/07\/2017 &#8211;&nbsp;Edital de Abertura","_links":{"self":[{"href":"https:\/\/goias.gov.br\/escoladegoverno\/wp-json\/wp\/v2\/posts\/50","targetHints":{"allow":["GET"]}}],"collection":[{"href":"https:\/\/goias.gov.br\/escoladegoverno\/wp-json\/wp\/v2\/posts"}],"about":[{"href":"https:\/\/goias.gov.br\/escoladegoverno\/wp-json\/wp\/v2\/types\/post"}],"author":[{"embeddable":true,"href":"https:\/\/goias.gov.br\/escoladegoverno\/wp-json\/wp\/v2\/users\/46"}],"replies":[{"embeddable":true,"href":"https:\/\/goias.gov.br\/escoladegoverno\/wp-json\/wp\/v2\/comments?post=50"}],"version-history":[{"count":0,"href":"https:\/\/goias.gov.br\/escoladegoverno\/wp-json\/wp\/v2\/posts\/50\/revisions"}],"wp:featuredmedia":[{"embeddable":true,"href":"https:\/\/goias.gov.br\/escoladegoverno\/wp-json\/wp\/v2\/media\/48"}],"wp:attachment":[{"href":"https:\/\/goias.gov.br\/escoladegoverno\/wp-json\/wp\/v2\/media?parent=50"}],"wp:term":[{"taxonomy":"category","embeddable":true,"href":"https:\/\/goias.gov.br\/escoladegoverno\/wp-json\/wp\/v2\/categories?post=50"},{"taxonomy":"post_tag","embeddable":true,"href":"https:\/\/goias.gov.br\/escoladegoverno\/wp-json\/wp\/v2\/tags?post=50"}],"curies":[{"name":"wp","href":"https:\/\/api.w.org\/{rel}","templated":true}]}}