
{"id":4750,"date":"2019-11-11T16:58:29","date_gmt":"2019-11-11T19:58:29","guid":{"rendered":"https:\/\/siteshom.goias.gov.br\/escoladegoverno\/lideres-tem-agenda-de-capacitacao\/"},"modified":"2019-11-11T16:58:29","modified_gmt":"2019-11-11T19:58:29","slug":"lideres-tem-agenda-de-capacitacao","status":"publish","type":"post","link":"https:\/\/goias.gov.br\/escoladegoverno\/lideres-tem-agenda-de-capacitacao\/","title":{"rendered":"L\u00edderes t\u00eam agenda de capacita\u00e7\u00e3o"},"content":{"rendered":"<p>Servidores p&uacute;blicos do Poder Executivo estadual que exer&ccedil;am cargo ou fun&ccedil;&atilde;o de lideran&ccedil;a, tais como gerentes, coordenadores, chefes, supervisores, comandantes, assessores cont&aacute;beis, chefes de gabinete entre outros t&ecirc;m agenda de capacita&ccedil;&atilde;o espec&iacute;fica at&eacute; o in&iacute;cio de 2020. S&atilde;o ao todo 6 cursos oferecidos pela Escola de Governo com acesso para inscri&ccedil;&atilde;o pelo <a href=\"http:\/\/sct.segplan.go.gov.br\/portalaluno\/control.php?cmd=CAcesso\">Portal do Aluno<\/a>.<\/p>\n<p>Todos os cursos abordam diferentes faces do tema lideran&ccedil;a, que se apresenta muitas vezes como uma necessidade de desenvolver ou aprimorar compet&ecirc;ncias t&eacute;cnicas e comportamentais. Outras vezes como uma abertura ao autoconhecimento e de como cada participante reage aos conflitos. Outra abordagem para lideran&ccedil;a tratada nos cursos diz respeito a uma vis&atilde;o moderna da import&acirc;ncia do desenvolvimento de equipes, estimulando o aprimoramento de habilidades, atitudes e comportamentos.<\/p>\n<p>O estudo sobre o tema fez nascer esses cursos que est&atilde;o agrupados no Projeto Movendo L&iacute;deres, cujo objetivo &eacute; alinhar o desenvolvimento dos l&iacute;deres, aprimorando as compet&ecirc;ncias fundamentais e apresentando as principais tend&ecirc;ncias, t&eacute;cnicas e ferramentas a serem utilizadas na pr&aacute;tica cotidiana para obten&ccedil;&atilde;o dos resultados desejados em cada organiza&ccedil;&atilde;o.<\/p>\n<p>Servi&ccedil;o:<\/p>\n<p><strong>Projeto movendo L&iacute;deres &ndash; cursos com inscri&ccedil;&otilde;es abertas<\/strong><\/p>\n<p><a href=\"http:\/\/www.escoladegoverno.go.gov.br\/educacao-corporativa\/cursos-de-curta-duracao\/projeto-movendo-l\u00edderes\/431-desenvolvendo-equipes-produtivas.html\" target=\"_blank\" rel=\"noopener\">Desenvolvendo Equipes Produtivas &#8211; 25\/11\/2019 a 28\/11\/2019<\/a><br \/>\n<a href=\"http:\/\/www.escoladegoverno.go.gov.br\/educacao-corporativa\/cursos-de-curta-duracao\/projeto-movendo-l\u00edderes\/445-lideran\u00e7a-de-alta-performance-modulo-i.html\" target=\"_blank\" rel=\"noopener\">Lideran&ccedil;a de Alta Performance &ndash; M&oacute;dulo I &#8211;&nbsp; 02\/12\/2019 a 05\/12\/2019<\/a><br \/>\n<a href=\"http:\/\/www.escoladegoverno.go.gov.br\/educacao-corporativa\/cursos-de-curta-duracao\/projeto-movendo-l\u00edderes\/429-conflitos,-e-agora-m\u00f3dulo-i-desenvolvendo-habilidades-sociais.html\" target=\"_blank\" rel=\"noopener\">Conflitos, e agora? M&oacute;dulo I &#8211; Desenvolvendo Habilidades Sociais &#8211; 02\/12\/2019 a 05\/12\/2019<\/a><br \/>\n<a href=\"http:\/\/www.escoladegoverno.go.gov.br\/educacao-corporativa\/cursos-de-curta-duracao\/projeto-movendo-l\u00edderes\/455-lideran\u00e7a-de-alta-performance-\u2013-m\u00f3dulo-ii.html\" target=\"_blank\" rel=\"noopener\">Lideran&ccedil;a de Alta Performance &#8211; M&oacute;dulo II &#8211; 27\/01\/2020 a 30\/01\/2020<\/a><\/p>\n","protected":false},"excerpt":{"rendered":"<p>Servidores p&uacute;blicos do Poder Executivo estadual que exer&ccedil;am cargo ou fun&ccedil;&atilde;o de lideran&ccedil;a, tais como gerentes, coordenadores, chefes, supervisores, comandantes, assessores cont&aacute;beis, chefes de gabinete entre outros t&ecirc;m agenda de capacita&ccedil;&atilde;o espec&iacute;fica at&eacute; o in&iacute;cio de 2020. S&atilde;o ao todo 6 cursos oferecidos pela Escola de Governo com acesso para inscri&ccedil;&atilde;o pelo Portal do Aluno. [&hellip;]<\/p>\n","protected":false},"author":427,"featured_media":4749,"comment_status":"closed","ping_status":"open","sticky":false,"template":"","format":"standard","meta":{"footnotes":""},"categories":[3],"tags":[],"class_list":["post-4750","post","type-post","status-publish","format-standard","has-post-thumbnail","hentry","category-noticias"],"rttpg_featured_image_url":{"full":["https:\/\/goias.gov.br\/escoladegoverno\/wp-content\/uploads\/sites\/28\/2019\/11\/11nov2019-lideres-tem-agenda-de-capacitacao-9e6.png",628,352,false],"landscape":["https:\/\/goias.gov.br\/escoladegoverno\/wp-content\/uploads\/sites\/28\/2019\/11\/11nov2019-lideres-tem-agenda-de-capacitacao-9e6.png",628,352,false],"portraits":["https:\/\/goias.gov.br\/escoladegoverno\/wp-content\/uploads\/sites\/28\/2019\/11\/11nov2019-lideres-tem-agenda-de-capacitacao-9e6.png",628,352,false],"thumbnail":["https:\/\/goias.gov.br\/escoladegoverno\/wp-content\/uploads\/sites\/28\/2019\/11\/11nov2019-lideres-tem-agenda-de-capacitacao-9e6-150x150.png",150,150,true],"medium":["https:\/\/goias.gov.br\/escoladegoverno\/wp-content\/uploads\/sites\/28\/2019\/11\/11nov2019-lideres-tem-agenda-de-capacitacao-9e6-300x168.png",300,168,true],"large":["https:\/\/goias.gov.br\/escoladegoverno\/wp-content\/uploads\/sites\/28\/2019\/11\/11nov2019-lideres-tem-agenda-de-capacitacao-9e6.png",628,352,false],"1536x1536":["https:\/\/goias.gov.br\/escoladegoverno\/wp-content\/uploads\/sites\/28\/2019\/11\/11nov2019-lideres-tem-agenda-de-capacitacao-9e6.png",628,352,false],"2048x2048":["https:\/\/goias.gov.br\/escoladegoverno\/wp-content\/uploads\/sites\/28\/2019\/11\/11nov2019-lideres-tem-agenda-de-capacitacao-9e6.png",628,352,false]},"rttpg_author":{"display_name":"andreamorim","author_link":"https:\/\/goias.gov.br\/escoladegoverno\/author\/andreamorim\/"},"rttpg_comment":0,"rttpg_category":"<a href=\"https:\/\/goias.gov.br\/escoladegoverno\/categoria\/noticias\/\" rel=\"category tag\">Not\u00edcias<\/a>","rttpg_excerpt":"Servidores p&uacute;blicos do Poder Executivo estadual que exer&ccedil;am cargo ou fun&ccedil;&atilde;o de lideran&ccedil;a, tais como gerentes, coordenadores, chefes, supervisores, comandantes, assessores cont&aacute;beis, chefes de gabinete entre outros t&ecirc;m agenda de capacita&ccedil;&atilde;o espec&iacute;fica at&eacute; o in&iacute;cio de 2020. S&atilde;o ao todo 6 cursos oferecidos pela Escola de Governo com acesso para inscri&ccedil;&atilde;o pelo Portal do Aluno.&hellip;","_links":{"self":[{"href":"https:\/\/goias.gov.br\/escoladegoverno\/wp-json\/wp\/v2\/posts\/4750","targetHints":{"allow":["GET"]}}],"collection":[{"href":"https:\/\/goias.gov.br\/escoladegoverno\/wp-json\/wp\/v2\/posts"}],"about":[{"href":"https:\/\/goias.gov.br\/escoladegoverno\/wp-json\/wp\/v2\/types\/post"}],"author":[{"embeddable":true,"href":"https:\/\/goias.gov.br\/escoladegoverno\/wp-json\/wp\/v2\/users\/427"}],"replies":[{"embeddable":true,"href":"https:\/\/goias.gov.br\/escoladegoverno\/wp-json\/wp\/v2\/comments?post=4750"}],"version-history":[{"count":0,"href":"https:\/\/goias.gov.br\/escoladegoverno\/wp-json\/wp\/v2\/posts\/4750\/revisions"}],"wp:featuredmedia":[{"embeddable":true,"href":"https:\/\/goias.gov.br\/escoladegoverno\/wp-json\/wp\/v2\/media\/4749"}],"wp:attachment":[{"href":"https:\/\/goias.gov.br\/escoladegoverno\/wp-json\/wp\/v2\/media?parent=4750"}],"wp:term":[{"taxonomy":"category","embeddable":true,"href":"https:\/\/goias.gov.br\/escoladegoverno\/wp-json\/wp\/v2\/categories?post=4750"},{"taxonomy":"post_tag","embeddable":true,"href":"https:\/\/goias.gov.br\/escoladegoverno\/wp-json\/wp\/v2\/tags?post=4750"}],"curies":[{"name":"wp","href":"https:\/\/api.w.org\/{rel}","templated":true}]}}