
{"id":4586,"date":"2019-09-13T11:47:05","date_gmt":"2019-09-13T14:47:05","guid":{"rendered":"https:\/\/siteshom.goias.gov.br\/escoladegoverno\/contabilidade-aplicada-ao-setor-publico-i\/"},"modified":"2025-04-15T11:14:58","modified_gmt":"2025-04-15T14:14:58","slug":"contabilidade-aplicada-ao-setor-publico-i","status":"publish","type":"post","link":"https:\/\/goias.gov.br\/escoladegoverno\/contabilidade-aplicada-ao-setor-publico-i\/","title":{"rendered":"CASP I &#8211; Contabilidade Aplicada ao Setor P\u00fablico"},"content":{"rendered":"\n<div class=\"wp-block-columns alignwide are-vertically-aligned-center is-layout-flex wp-container-core-columns-is-layout-9d6595d7 wp-block-columns-is-layout-flex\">\n<div class=\"wp-block-column is-vertically-aligned-center is-layout-flow wp-block-column-is-layout-flow\" style=\"flex-basis:30%\">\n<div class=\"wp-block-buttons is-layout-flex wp-container-core-buttons-is-layout-a74382ec wp-block-buttons-is-layout-flex\">\n<div class=\"wp-block-button has-custom-width wp-block-button__width-100 is-style-outline is-style-outline--1\"><a class=\"wp-block-button__link has-white-background-color has-text-color has-background has-link-color has-text-align-center wp-element-button\" href=\"https:\/\/sgc.escoladegoverno.go.gov.br\/\" style=\"color:#1d7e5e\" target=\"_blank\" rel=\"noreferrer noopener\">Inscri\u00e7\u00f5es Indispon\u00edveis<\/a><\/div>\n<\/div>\n<\/div>\n\n\n\n<div class=\"wp-block-column is-vertically-aligned-center is-layout-flow wp-block-column-is-layout-flow\" style=\"flex-basis:30%\"><div class=\"wp-block-image\">\n<figure class=\"alignleft size-full\"><img decoding=\"async\" width=\"212\" height=\"41\" src=\"https:\/\/goias.gov.br\/escoladegoverno\/wp-content\/uploads\/sites\/28\/2024\/04\/Presencial-2-2.png\" alt=\"\" class=\"wp-image-9438\" style=\"object-fit:cover\"\/><\/figure>\n<\/div><\/div>\n<\/div>\n\n\n\n<div class=\"wp-block-columns is-layout-flex wp-container-core-columns-is-layout-9d6595d7 wp-block-columns-is-layout-flex\">\n<div class=\"wp-block-column is-layout-flow wp-block-column-is-layout-flow\" style=\"flex-basis:100%\">\n<div class=\"wp-block-buttons is-layout-flex wp-block-buttons-is-layout-flex\">\n<div class=\"wp-block-button has-custom-width wp-block-button__width-100\"><a class=\"wp-block-button__link has-black-color has-text-color has-background has-link-color wp-element-button\" style=\"border-radius:0px;background-color:#f9f9f9\"><strong>Sobre o Curso<\/strong><\/a><\/div>\n<\/div>\n<\/div>\n<\/div>\n\n\n<h4><strong>Modalidade<\/strong><\/h4>\n<p>Presencial \u2013 na Escola de Governo.<\/p>\n<h4><strong>Carga Hor\u00e1ria<\/strong><\/h4>\n<p>20 horas.<\/p>\n<h4><strong>Objetivo<\/strong><\/h4>\n<p>O curso tem como objetivo de compreender o arcabou\u00e7o conceitual da contabilidade aplicada ao setor p\u00fablico para gera\u00e7\u00e3o de informa\u00e7\u00f5es que orientem a tomada de decis\u00e3o e a instrumentaliza\u00e7\u00e3o do controle social, a partir da escritura\u00e7\u00e3o, da mensura\u00e7\u00e3o cient\u00edfica dos ativos e passivos, permitindo a evidencia\u00e7\u00e3o que contribua para a transpar\u00eancia do setor p\u00fablico.<\/p>\n<h4><strong>P\u00fablico-Alvo<\/strong><\/h4>\n<p>Servidores P\u00fablicos do Poder Executivo Estadual que atuem como assessores ou auxiliares cont\u00e1beis ou no planejamento, execu\u00e7\u00e3o or\u00e7ament\u00e1ria e financeira e controle interno.<\/p>\n<h4><strong>Conte\u00fado Program\u00e1tico<\/strong><\/h4>\n<ul>\n<li>Introdu\u00e7\u00e3o \u00e0 Contabilidade Aplicada ao Setor P\u00fablico;<\/li>\n<li>Plano de Contas Aplicado ao Setor P\u00fablico;<\/li>\n<li>Procedimentos Cont\u00e1beis Or\u00e7ament\u00e1rios;<\/li>\n<li>Procedimentos Cont\u00e1beis Patrimoniais;<\/li>\n<li>Demonstra\u00e7\u00f5es Cont\u00e1beis Aplicadas ao Setor P\u00fablico.<\/li>\n<\/ul>\n\n\n<h4 class=\"wp-block-heading\"><strong>Crit\u00e9rios de Aprova\u00e7\u00e3o<\/strong><\/h4>\n\n\n\n<p>Frequ\u00eancia igual ou superior a 80% (oitenta por cento).<\/p>\n\n\n\n<p><\/p>\n","protected":false},"excerpt":{"rendered":"<p>(Presencial) \u2013 Este curso visa compreender contabilidade p\u00fablica para gerar informa\u00e7\u00f5es orientadoras para decis\u00f5es e instrumentalizar o controle social.<\/p>\n","protected":false},"author":427,"featured_media":0,"comment_status":"closed","ping_status":"open","sticky":false,"template":"","format":"standard","meta":{"footnotes":""},"categories":[8,99],"tags":[],"class_list":["post-4586","post","type-post","status-publish","format-standard","hentry","category-cursos-presenciais","category-area-orcamento-financas"],"rttpg_featured_image_url":null,"rttpg_author":{"display_name":"andreamorim","author_link":"https:\/\/goias.gov.br\/escoladegoverno\/author\/andreamorim\/"},"rttpg_comment":0,"rttpg_category":"<a href=\"https:\/\/goias.gov.br\/escoladegoverno\/categoria\/capacitacao\/modalidade\/cursos-presenciais\/\" rel=\"category tag\">Cursos Presenciais<\/a> <a href=\"https:\/\/goias.gov.br\/escoladegoverno\/categoria\/capacitacao\/areas-cursos\/area-orcamento-financas\/\" rel=\"category tag\">Or\u00e7amento e Finan\u00e7as P\u00fablicas<\/a>","rttpg_excerpt":"(Presencial) \u2013 Este curso visa compreender contabilidade p\u00fablica para gerar informa\u00e7\u00f5es orientadoras para decis\u00f5es e instrumentalizar o controle social.","_links":{"self":[{"href":"https:\/\/goias.gov.br\/escoladegoverno\/wp-json\/wp\/v2\/posts\/4586","targetHints":{"allow":["GET"]}}],"collection":[{"href":"https:\/\/goias.gov.br\/escoladegoverno\/wp-json\/wp\/v2\/posts"}],"about":[{"href":"https:\/\/goias.gov.br\/escoladegoverno\/wp-json\/wp\/v2\/types\/post"}],"author":[{"embeddable":true,"href":"https:\/\/goias.gov.br\/escoladegoverno\/wp-json\/wp\/v2\/users\/427"}],"replies":[{"embeddable":true,"href":"https:\/\/goias.gov.br\/escoladegoverno\/wp-json\/wp\/v2\/comments?post=4586"}],"version-history":[{"count":2,"href":"https:\/\/goias.gov.br\/escoladegoverno\/wp-json\/wp\/v2\/posts\/4586\/revisions"}],"predecessor-version":[{"id":14160,"href":"https:\/\/goias.gov.br\/escoladegoverno\/wp-json\/wp\/v2\/posts\/4586\/revisions\/14160"}],"wp:attachment":[{"href":"https:\/\/goias.gov.br\/escoladegoverno\/wp-json\/wp\/v2\/media?parent=4586"}],"wp:term":[{"taxonomy":"category","embeddable":true,"href":"https:\/\/goias.gov.br\/escoladegoverno\/wp-json\/wp\/v2\/categories?post=4586"},{"taxonomy":"post_tag","embeddable":true,"href":"https:\/\/goias.gov.br\/escoladegoverno\/wp-json\/wp\/v2\/tags?post=4586"}],"curies":[{"name":"wp","href":"https:\/\/api.w.org\/{rel}","templated":true}]}}