
{"id":3980,"date":"2019-01-30T17:45:39","date_gmt":"2019-01-30T19:45:39","guid":{"rendered":"https:\/\/siteshom.goias.gov.br\/escoladegoverno\/direito-administrativo-nocoes-basicas\/"},"modified":"2019-01-30T17:45:39","modified_gmt":"2019-01-30T19:45:39","slug":"direito-administrativo-nocoes-basicas","status":"publish","type":"post","link":"https:\/\/goias.gov.br\/escoladegoverno\/direito-administrativo-nocoes-basicas\/","title":{"rendered":"Direito Administrativo &#8211; No\u00e7\u00f5es B\u00e1sicas"},"content":{"rendered":"<h2>Curso Presencial &#8211; N&atilde;o h&aacute; turmas dispon&iacute;veis para inscri&ccedil;&atilde;o<\/h2>\n<p><!--more--><\/p>\n<p>O material did&aacute;tico para acompanhamento das atividades do curso ser&aacute; disponibilizado em formato digital no primeiro dia de aula. Nesse caso, n&atilde;o ser&aacute; entregue a apostila (ou material did&aacute;tico) de forma impressa.<\/p>\n<h2>Objetivo<\/h2>\n<p>Apresentar aos servidores p&uacute;blicos conceitos e princ&iacute;pios b&aacute;sicos sobre Direito Administrativo.<\/p>\n<h3>P&uacute;blico-Alvo<\/h3>\n<p>Servidores do Poder Executivo Estadual.<\/p>\n<h4>Carga Hor&aacute;ria<\/h4>\n<p>20 horas<\/p>\n<h4>Pr&eacute;-requisito<\/h4>\n<p>N&atilde;o h&aacute;.<br \/>\n&nbsp;<\/p>\n<h3>Conte&uacute;do Program&aacute;tico<\/h3>\n<ul>\n<li><strong><span class=\"fontstyle0\">DIREITO ADMINISTRATIVO E ADMINISTRA&Ccedil;&Atilde;O P&Uacute;BLICA<\/span><\/strong>\n<ul>\n<li><span class=\"fontstyle0\">No&ccedil;&otilde;es introdut&oacute;rias<\/span>\n<ul>\n<li><span class=\"fontstyle0\">No&ccedil;&otilde;es de Estado<\/span><\/li>\n<li><span class=\"fontstyle0\">Poderes e Fun&ccedil;&otilde;es<\/span><\/li>\n<li><span class=\"fontstyle0\">Fun&ccedil;&atilde;o Administrativa<\/span><\/li>\n<\/ul>\n<\/li>\n<li><span class=\"fontstyle0\">Direito Administrativo<\/span>\n<ul>\n<li><span class=\"fontstyle0\">Conceito e objeto<\/span><\/li>\n<\/ul>\n<\/li>\n<li><span class=\"fontstyle0\">Administra&ccedil;&atilde;o P&uacute;blica<\/span>\n<ul>\n<li><span class=\"fontstyle0\">Defini&ccedil;&otilde;es<\/span><\/li>\n<li><span class=\"fontstyle0\">Centraliza&ccedil;&atilde;o, descentraliza&ccedil;&atilde;o e desconcentra&ccedil;&atilde;o<\/span><\/li>\n<li><span class=\"fontstyle0\">&Oacute;rg&atilde;os e agentes p&uacute;blicos<\/span><\/li>\n<li><span class=\"fontstyle0\">Administra&ccedil;&atilde;o Direta<\/span>\n<ul>\n<li><span class=\"fontstyle0\">Conceito<\/span><\/li>\n<li><span class=\"fontstyle0\">Composi&ccedil;&atilde;o<\/span><\/li>\n<\/ul>\n<\/li>\n<li><span class=\"fontstyle0\">Administra&ccedil;&atilde;o Indireta<\/span>\n<ul>\n<li><span class=\"fontstyle0\">Conceito<\/span><\/li>\n<li><span class=\"fontstyle0\">Entidades descentralizadas<\/span><\/li>\n<li><span class=\"fontstyle0\">Terceiro setor<\/span><\/li>\n<\/ul>\n<\/li>\n<li><span class=\"fontstyle0\">Administra&ccedil;&atilde;o p&uacute;blica gerencial<\/span>\n<ul>\n<li><span class=\"fontstyle0\">No&ccedil;&otilde;es do &ldquo;Novo Direito Administrativo&rdquo;<\/span><\/li>\n<li><span class=\"fontstyle0\">Contrato de Gest&atilde;o<\/span><\/li>\n<\/ul>\n<\/li>\n<\/ul>\n<\/li>\n<\/ul>\n<\/li>\n<li><strong><span class=\"fontstyle0\"><\/span> <\/strong><span class=\"fontstyle0\"><strong>PRINC&Iacute;PIOS E PODERES DA ADMINISTRA&Ccedil;&Atilde;O P&Uacute;BLICA<\/strong><\/span>\n<ul>\n<li><span class=\"fontstyle0\">Princ&iacute;pios da Administra&ccedil;&atilde;o P&uacute;blica<\/span>\n<ul>\n<li><span class=\"fontstyle0\">Principais princ&iacute;pios reconhecidos ou impl&iacute;citos<\/span>\n<ul>\n<li><span class=\"fontstyle0\">Princ&iacute;pio da Supremacia do Interesse P&uacute;blico<\/span><\/li>\n<li><span class=\"fontstyle0\">Princ&iacute;pio da Indisponibilidade do Interesse P&uacute;blico<\/span><\/li>\n<li><span class=\"fontstyle0\">Princ&iacute;pio da Razoabilidade e da Proporcionalidade<\/span><\/li>\n<\/ul>\n<\/li>\n<li><span class=\"fontstyle0\">Princ&iacute;pios expressos<\/span>\n<ul>\n<li><span class=\"fontstyle0\">Princ&iacute;pio da Legalidade<\/span><\/li>\n<li><span class=\"fontstyle0\">Princ&iacute;pio da Impessoalidade<\/span><\/li>\n<li><span class=\"fontstyle0\">Princ&iacute;pio da Moralidade<\/span><\/li>\n<li><span class=\"fontstyle0\">Princ&iacute;pio da Publicidade<\/span><\/li>\n<li><span class=\"fontstyle0\">Princ&iacute;pio da Efici&ecirc;ncia<\/span><\/li>\n<\/ul>\n<\/li>\n<\/ul>\n<\/li>\n<li><span class=\"fontstyle0\">Poderes e deveres administrativos<\/span>\n<ul>\n<li><span class=\"fontstyle0\">No&ccedil;&otilde;es gerais<\/span><\/li>\n<li><span class=\"fontstyle0\">Poderes da Administra&ccedil;&atilde;o P&uacute;blica<\/span>\n<ul>\n<li><span class=\"fontstyle0\">Poder vinculado<\/span><\/li>\n<li><span class=\"fontstyle0\">Poder Discricion&aacute;rio<\/span><\/li>\n<li><span class=\"fontstyle0\">Poder Hier&aacute;rquico<\/span><\/li>\n<li><span class=\"fontstyle0\">Poder Disciplinar<\/span><\/li>\n<li>P<span class=\"fontstyle0\">oder Regulamentar<\/span><\/li>\n<li><span class=\"fontstyle0\">Poder de Pol&iacute;cia<\/span><\/li>\n<\/ul>\n<\/li>\n<li><span class=\"fontstyle0\">Abuso de Poder<\/span><\/li>\n<\/ul>\n<\/li>\n<\/ul>\n<\/li>\n<li><span class=\"fontstyle0\"><strong>ATOS ADMINISTRATIVOS<\/strong><\/span>\n<ul>\n<li><span class=\"fontstyle0\">No&ccedil;&otilde;es introdut&oacute;rias<\/span><\/li>\n<li><span class=\"fontstyle0\">Requisitos de validade<\/span><\/li>\n<li><span class=\"fontstyle0\">Motiva&ccedil;&atilde;o<\/span><\/li>\n<li><span class=\"fontstyle0\">Atributos<\/span>\n<ul>\n<li><span class=\"fontstyle0\">Presun&ccedil;&atilde;o de Legitimidade<\/span><\/li>\n<li><span class=\"fontstyle0\">Autoexecutoriedade<\/span><\/li>\n<li><span class=\"fontstyle0\">Imperatividade<\/span><\/li>\n<li><span class=\"fontstyle0\">Tipicidade<\/span><\/li>\n<\/ul>\n<\/li>\n<li><span class=\"fontstyle0\">Esp&eacute;cies<\/span><\/li>\n<li><span class=\"fontstyle0\">Formas de extin&ccedil;&atilde;o<\/span><\/li>\n<\/ul>\n<\/li>\n<li><strong><span class=\"fontstyle0\">BENS E SERVI&Ccedil;OS P&Uacute;BLICOS<\/span><\/strong>\n<ul>\n<li><span class=\"fontstyle0\">Bens p&uacute;blicos<\/span>\n<ul>\n<li><span class=\"fontstyle0\">Conceito e Classifica&ccedil;&atilde;o<\/span><\/li>\n<li><span class=\"fontstyle0\">Caracter&iacute;sticas dos bens p&uacute;blicos<\/span><\/li>\n<li><span class=\"fontstyle0\">Afeta&ccedil;&atilde;o e desafeta&ccedil;&atilde;o<\/span><\/li>\n<li><span class=\"fontstyle0\">Uso privativo dos bens p&uacute;blicos<\/span>\n<ul>\n<li><span class=\"fontstyle0\">Autoriza&ccedil;&atilde;o e permiss&atilde;o<\/span><\/li>\n<li><span class=\"fontstyle0\">Concess&atilde;o<\/span><\/li>\n<\/ul>\n<\/li>\n<\/ul>\n<\/li>\n<li><span class=\"fontstyle0\">Servi&ccedil;os P&uacute;blicos<\/span>\n<ul>\n<li><span class=\"fontstyle0\">Conceito e classifica&ccedil;&atilde;o<\/span><\/li>\n<li><span class=\"fontstyle0\">Delega&ccedil;&atilde;o de servi&ccedil;o p&uacute;blico<\/span><\/li>\n<\/ul>\n<\/li>\n<\/ul>\n<\/li>\n<li><strong>C<span class=\"fontstyle0\">ONTRATA&Ccedil;&Otilde;ES P&Uacute;BLICAS<\/span><\/strong>\n<ul>\n<li><span class=\"fontstyle0\">Planejamento das contrata&ccedil;&otilde;es<\/span>\n<ul>\n<li><span class=\"fontstyle0\">Identifica&ccedil;&atilde;o da necessidade p&uacute;blica<\/span><\/li>\n<li><span class=\"fontstyle0\">Termo de Refer&ecirc;ncia e Projeto B&aacute;sico<\/span><\/li>\n<li><span class=\"fontstyle0\">Estimativa de custo<\/span><\/li>\n<li><span class=\"fontstyle0\">Fases da contrata&ccedil;&atilde;o p&uacute;blica<\/span><\/li>\n<\/ul>\n<\/li>\n<li><span class=\"fontstyle0\">Sele&ccedil;&atilde;o da Melhor Proposta<\/span>\n<ul>\n<li><span class=\"fontstyle0\">Contrata&ccedil;&atilde;o por Licita&ccedil;&atilde;o P&uacute;blica<\/span>\n<ul>\n<li><span class=\"fontstyle0\">Conceito, finalidade e objeto<\/span><\/li>\n<li><span class=\"fontstyle0\">Princ&iacute;pios orientadores<\/span><\/li>\n<li><span class=\"fontstyle0\">Fases da contrata&ccedil;&atilde;o p&uacute;blica<\/span><\/li>\n<li><span class=\"fontstyle0\">Modalidades de licita&ccedil;&otilde;es<\/span><\/li>\n<\/ul>\n<\/li>\n<li><span class=\"fontstyle0\">Contrata&ccedil;&atilde;o Direta<\/span>\n<ul>\n<li><span class=\"fontstyle0\">Dispensa<\/span><\/li>\n<li><span class=\"fontstyle0\">Inexigibilidade<\/span><\/li>\n<li><span class=\"fontstyle0\">Licita&ccedil;&atilde;o dispensada<\/span><\/li>\n<\/ul>\n<\/li>\n<li><span class=\"fontstyle0\">Sistema de Registro de Pre&ccedil;os<\/span><\/li>\n<\/ul>\n<\/li>\n<li><span class=\"fontstyle0\">Contrato Administrativo<\/span>\n<ul>\n<li><span class=\"fontstyle0\">Conceito<\/span><\/li>\n<li><span class=\"fontstyle0\">Objeto e caracter&iacute;sticas gerais<\/span><\/li>\n<li><span class=\"fontstyle0\">Prerrogativas ou cl&aacute;usulas exorbitantes<\/span><\/li>\n<li><span class=\"fontstyle0\">Principais contratos administrativos<\/span><\/li>\n<li><span class=\"fontstyle0\">Diferen&ccedil;as ente Contratos e Conv&ecirc;nios P&uacute;blicos<\/span><\/li>\n<\/ul>\n<\/li>\n<\/ul>\n<\/li>\n<li><strong><span class=\"fontstyle0\">RESPONSABILIDADE CIVIL DA ADMINISTRA&Ccedil;&Atilde;O<\/span><\/strong>\n<ul>\n<li><span class=\"fontstyle0\">No&ccedil;&otilde;es introdut&oacute;rias<\/span><\/li>\n<li><span class=\"fontstyle0\">Responsabiliza&ccedil;&atilde;o<\/span>\n<ul>\n<li><span class=\"fontstyle0\">Objetiva do Estado<\/span><\/li>\n<li><span class=\"fontstyle0\"><span class=\"fontstyle0\">Subjetiva da Administra&ccedil;&atilde;o<\/span><\/span><\/li>\n<\/ul>\n<\/li>\n<li><span class=\"fontstyle0\"><span class=\"fontstyle0\">Responsabilidade do agente p&uacute;blico<\/span><\/span>\n<ul>\n<li><span class=\"fontstyle0\"><span class=\"fontstyle0\">A&ccedil;&atilde;o regressiva<\/span><\/span><\/li>\n<\/ul>\n<\/li>\n<\/ul>\n<\/li>\n<\/ul>\n<h3>{article 228}[title]{\/article}<\/h3>\n<p>{article 228}[text]{\/article}<\/p>\n","protected":false},"excerpt":{"rendered":"<p>Curso Presencial &#8211; N&atilde;o h&aacute; turmas dispon&iacute;veis para inscri&ccedil;&atilde;o<\/p>\n","protected":false},"author":46,"featured_media":0,"comment_status":"closed","ping_status":"open","sticky":false,"template":"","format":"standard","meta":{"footnotes":""},"categories":[3],"tags":[],"class_list":["post-3980","post","type-post","status-publish","format-standard","hentry","category-noticias"],"rttpg_featured_image_url":null,"rttpg_author":{"display_name":"cleybetsls","author_link":"https:\/\/goias.gov.br\/escoladegoverno\/author\/cleybetsls\/"},"rttpg_comment":0,"rttpg_category":"<a href=\"https:\/\/goias.gov.br\/escoladegoverno\/categoria\/noticias\/\" rel=\"category tag\">Not\u00edcias<\/a>","rttpg_excerpt":"Curso Presencial &#8211; N&atilde;o h&aacute; turmas dispon&iacute;veis para inscri&ccedil;&atilde;o","_links":{"self":[{"href":"https:\/\/goias.gov.br\/escoladegoverno\/wp-json\/wp\/v2\/posts\/3980","targetHints":{"allow":["GET"]}}],"collection":[{"href":"https:\/\/goias.gov.br\/escoladegoverno\/wp-json\/wp\/v2\/posts"}],"about":[{"href":"https:\/\/goias.gov.br\/escoladegoverno\/wp-json\/wp\/v2\/types\/post"}],"author":[{"embeddable":true,"href":"https:\/\/goias.gov.br\/escoladegoverno\/wp-json\/wp\/v2\/users\/46"}],"replies":[{"embeddable":true,"href":"https:\/\/goias.gov.br\/escoladegoverno\/wp-json\/wp\/v2\/comments?post=3980"}],"version-history":[{"count":0,"href":"https:\/\/goias.gov.br\/escoladegoverno\/wp-json\/wp\/v2\/posts\/3980\/revisions"}],"wp:attachment":[{"href":"https:\/\/goias.gov.br\/escoladegoverno\/wp-json\/wp\/v2\/media?parent=3980"}],"wp:term":[{"taxonomy":"category","embeddable":true,"href":"https:\/\/goias.gov.br\/escoladegoverno\/wp-json\/wp\/v2\/categories?post=3980"},{"taxonomy":"post_tag","embeddable":true,"href":"https:\/\/goias.gov.br\/escoladegoverno\/wp-json\/wp\/v2\/tags?post=3980"}],"curies":[{"name":"wp","href":"https:\/\/api.w.org\/{rel}","templated":true}]}}