
{"id":16613,"date":"2026-04-13T15:53:27","date_gmt":"2026-04-13T18:53:27","guid":{"rendered":"https:\/\/goias.gov.br\/escoladegoverno\/?p=16613"},"modified":"2026-04-13T15:53:27","modified_gmt":"2026-04-13T18:53:27","slug":"analise-de-politicas-publicas","status":"publish","type":"post","link":"https:\/\/goias.gov.br\/escoladegoverno\/analise-de-politicas-publicas\/","title":{"rendered":"An\u00e1lise de Pol\u00edticas P\u00fablicas"},"content":{"rendered":"\n<div class=\"wp-block-columns alignwide are-vertically-aligned-center is-layout-flex wp-container-core-columns-is-layout-9d6595d7 wp-block-columns-is-layout-flex\">\n<div class=\"wp-block-column is-vertically-aligned-center is-layout-flow wp-block-column-is-layout-flow\" style=\"flex-basis:25%\">\n<div class=\"wp-block-buttons is-layout-flex wp-container-core-buttons-is-layout-a74382ec wp-block-buttons-is-layout-flex\">\n<div class=\"wp-block-button has-custom-width wp-block-button__width-100\"><a class=\"wp-block-button__link has-background has-text-align-center wp-element-button\" href=\"https:\/\/sgc.escoladegoverno.go.gov.br\/\" style=\"background-color:#1d7e5e\" target=\"_blank\" rel=\"noreferrer noopener\">Inscreva-se<\/a><\/div>\n<\/div>\n<\/div>\n\n\n\n<div class=\"wp-block-column is-vertically-aligned-center is-layout-flow wp-block-column-is-layout-flow\" style=\"flex-basis:25%\"><div class=\"wp-block-image\">\n<figure class=\"aligncenter size-full\"><img decoding=\"async\" width=\"212\" height=\"41\" src=\"https:\/\/goias.gov.br\/escoladegoverno\/wp-content\/uploads\/sites\/28\/2024\/04\/Presencial-2-2.png\" alt=\"\" class=\"wp-image-9438\" style=\"object-fit:cover\"\/><\/figure>\n<\/div><\/div>\n\n\n\n<div class=\"wp-block-column is-vertically-aligned-center has-black-color has-text-color has-link-color wp-elements-6ed3ef422223cad84e28f13359ca1ec7 is-layout-flow wp-block-column-is-layout-flow\" style=\"flex-basis:18.82%\">\n<p><strong>Data de Inscri\u00e7\u00e3o:<\/strong><br>13\/04 a 29\/04<\/p>\n<\/div>\n\n\n\n<div class=\"wp-block-column is-vertically-aligned-center has-black-color has-text-color has-link-color wp-elements-619a8455c6dbc4c3aab6fdc94c6ef366 is-layout-flow wp-block-column-is-layout-flow\" style=\"flex-basis:18.82%\">\n<p><strong>Data de Realiza\u00e7\u00e3o:<\/strong><br>04\/05 a 08\/05<\/p>\n<\/div>\n\n\n\n<div class=\"wp-block-column is-vertically-aligned-center has-black-color has-text-color has-link-color wp-elements-13da3c54ee5597a168b7787883249107 is-layout-flow wp-block-column-is-layout-flow\" style=\"flex-basis:18.82%\">\n<p><strong>Hor\u00e1rio:<\/strong><br>8h \u00e0s 12h<\/p>\n<\/div>\n<\/div>\n\n\n\n<div class=\"wp-block-columns is-layout-flex wp-container-core-columns-is-layout-9d6595d7 wp-block-columns-is-layout-flex\">\n<div class=\"wp-block-column is-layout-flow wp-block-column-is-layout-flow\" style=\"flex-basis:100%\">\n<div class=\"wp-block-buttons is-layout-flex wp-block-buttons-is-layout-flex\">\n<div class=\"wp-block-button has-custom-width wp-block-button__width-100\"><a class=\"wp-block-button__link has-black-color has-text-color has-background has-link-color wp-element-button\" style=\"border-radius:0px;background-color:#f9f9f9\"><strong>Sobre o Curso<\/strong><\/a><\/div>\n<\/div>\n<\/div>\n<\/div>\n\n\n<h4><strong>Modalidade\u00a0<\/strong><\/h4>\n<p>Presencial \u2013 na Escola de Governo.<\/p>\n<h4><strong>Carga Hor\u00e1ria<\/strong><\/h4>\n<p>20 horas.<\/p>\n<h4><strong>Objetivo<\/strong><\/h4>\n<p>Capacitar os participantes a compreenderem os fundamentos, processos e ferramentas da an\u00e1lise de pol\u00edticas p\u00fablicas, possibilitando-lhes identificar, planejar e avaliar a\u00e7\u00f5es p\u00fablicas de forma cr\u00edtica e informada.<\/p>\n<h4><strong>P\u00fablico-Alvo<\/strong><\/h4>\n<p>Servidores P\u00fablicos do Poder Executivo Estadual.<\/p>\n<h4><strong>Conte\u00fado Program\u00e1tico<\/strong><\/h4>\n<ul>\n<li>Conceitos B\u00e1sicos.<\/li>\n<li>Agenda.<\/li>\n<li>Planejamento.<\/li>\n<li>Implementa\u00e7\u00e3o.<\/li>\n<li>Avalia\u00e7\u00e3o.<\/li>\n<li>Estudo de Casos.<\/li>\n<\/ul>\n<h4><strong>Crit\u00e9rios de Aprova\u00e7\u00e3o<\/strong><\/h4>\n<p>Frequ\u00eancia igual ou superior a 80% (oitenta por cento).<\/p>","protected":false},"excerpt":{"rendered":"<p>(Presencial) &#8211; Capacitar participantes na an\u00e1lise de pol\u00edticas p\u00fablicas, compreendendo fundamentos, processos e ferramentas para identificar, planejar e avaliar a\u00e7\u00f5es com vis\u00e3o cr\u00edtica e informada.<\/p>\n","protected":false},"author":179,"featured_media":0,"comment_status":"closed","ping_status":"open","sticky":false,"template":"","format":"standard","meta":{"footnotes":""},"categories":[8,94],"tags":[104],"class_list":["post-16613","post","type-post","status-publish","format-standard","hentry","category-cursos-presenciais","category-area-gestao-politicas-publicas","tag-inscricoes-abertas"],"rttpg_featured_image_url":null,"rttpg_author":{"display_name":"ilaneluz","author_link":"https:\/\/goias.gov.br\/escoladegoverno\/author\/ilaneluz\/"},"rttpg_comment":0,"rttpg_category":"<a href=\"https:\/\/goias.gov.br\/escoladegoverno\/categoria\/capacitacao\/modalidade\/cursos-presenciais\/\" rel=\"category tag\">Cursos Presenciais<\/a> <a href=\"https:\/\/goias.gov.br\/escoladegoverno\/categoria\/capacitacao\/areas-cursos\/area-gestao-politicas-publicas\/\" rel=\"category tag\">Gest\u00e3o de Pol\u00edticas P\u00fablicas<\/a>","rttpg_excerpt":"(Presencial) - Capacitar participantes na an\u00e1lise de pol\u00edticas p\u00fablicas, compreendendo fundamentos, processos e ferramentas para identificar, planejar e avaliar a\u00e7\u00f5es com vis\u00e3o cr\u00edtica e informada.","_links":{"self":[{"href":"https:\/\/goias.gov.br\/escoladegoverno\/wp-json\/wp\/v2\/posts\/16613","targetHints":{"allow":["GET"]}}],"collection":[{"href":"https:\/\/goias.gov.br\/escoladegoverno\/wp-json\/wp\/v2\/posts"}],"about":[{"href":"https:\/\/goias.gov.br\/escoladegoverno\/wp-json\/wp\/v2\/types\/post"}],"author":[{"embeddable":true,"href":"https:\/\/goias.gov.br\/escoladegoverno\/wp-json\/wp\/v2\/users\/179"}],"replies":[{"embeddable":true,"href":"https:\/\/goias.gov.br\/escoladegoverno\/wp-json\/wp\/v2\/comments?post=16613"}],"version-history":[{"count":2,"href":"https:\/\/goias.gov.br\/escoladegoverno\/wp-json\/wp\/v2\/posts\/16613\/revisions"}],"predecessor-version":[{"id":16617,"href":"https:\/\/goias.gov.br\/escoladegoverno\/wp-json\/wp\/v2\/posts\/16613\/revisions\/16617"}],"wp:attachment":[{"href":"https:\/\/goias.gov.br\/escoladegoverno\/wp-json\/wp\/v2\/media?parent=16613"}],"wp:term":[{"taxonomy":"category","embeddable":true,"href":"https:\/\/goias.gov.br\/escoladegoverno\/wp-json\/wp\/v2\/categories?post=16613"},{"taxonomy":"post_tag","embeddable":true,"href":"https:\/\/goias.gov.br\/escoladegoverno\/wp-json\/wp\/v2\/tags?post=16613"}],"curies":[{"name":"wp","href":"https:\/\/api.w.org\/{rel}","templated":true}]}}