
{"id":16491,"date":"2026-03-31T15:00:00","date_gmt":"2026-03-31T18:00:00","guid":{"rendered":"https:\/\/goias.gov.br\/escoladegoverno\/?p=16491"},"modified":"2026-04-01T09:37:10","modified_gmt":"2026-04-01T12:37:10","slug":"pequinews-marco-a-coragem-que-falta","status":"publish","type":"post","link":"https:\/\/goias.gov.br\/escoladegoverno\/pequinews-marco-a-coragem-que-falta\/","title":{"rendered":"PequiNews Mar\u00e7o: A coragem que falta"},"content":{"rendered":"\n<figure class=\"wp-block-image size-full\"><img fetchpriority=\"high\" decoding=\"async\" width=\"800\" height=\"400\" src=\"https:\/\/goias.gov.br\/escoladegoverno\/wp-content\/uploads\/sites\/28\/2026\/03\/PQN_55_Capa-Blog-1.jpg\" alt=\"\" class=\"wp-image-16507\" srcset=\"https:\/\/goias.gov.br\/escoladegoverno\/wp-content\/uploads\/sites\/28\/2026\/03\/PQN_55_Capa-Blog-1.jpg 800w, https:\/\/goias.gov.br\/escoladegoverno\/wp-content\/uploads\/sites\/28\/2026\/03\/PQN_55_Capa-Blog-1-300x150.jpg 300w, https:\/\/goias.gov.br\/escoladegoverno\/wp-content\/uploads\/sites\/28\/2026\/03\/PQN_55_Capa-Blog-1-768x384.jpg 768w\" sizes=\"(max-width: 800px) 100vw, 800px\" \/><\/figure>\n\n\n\n<p>As viol\u00eancias contra as mulheres nem sempre se apresentam de forma expl\u00edcita. Muitas vezes, elas se manifestam nas pequenas atitudes, nos sil\u00eancios, nas valida\u00e7\u00f5es cotidianas e nas estruturas que seguem restringindo a liberdade das mulheres em diferentes contextos. S\u00e3o sinais que, por serem recorrentes e socialmente naturalizados, acabam sendo minimizados, mesmo quando produzem exclus\u00e3o, medo e desigualdade.<\/p>\n\n\n\n<p>Nesse cen\u00e1rio, enfrentar o machismo exige mais do que reconhecer os casos extremos. Exige senso cr\u00edtico para perceber o que se repete no dia a dia, empatia para enxergar o outro de forma verdadeira e coragem para decidir o que n\u00e3o pode mais ser aceito em nosso conv\u00edvio.<br><br>Promover essa reflex\u00e3o \u00e9 tamb\u00e9m abrir espa\u00e7o para mudan\u00e7as culturais mais profundas, capazes de transformar rela\u00e7\u00f5es, pr\u00e1ticas e formas de estar em sociedade.<\/p>\n\n\n\n<div class=\"wp-block-buttons is-layout-flex wp-block-buttons-is-layout-flex\">\n<div class=\"wp-block-button\"><a class=\"wp-block-button__link has-black-color has-luminous-vivid-amber-background-color has-text-color has-background has-link-color wp-element-button\" href=\"https:\/\/goias.gov.br\/escoladegoverno\/wp-content\/uploads\/sites\/28\/2026\/03\/News-Marco2026.pdf\" target=\"_blank\" rel=\"noreferrer noopener\">Leia a edi\u00e7\u00e3o completa<\/a><\/div>\n<\/div>\n\n\n\n<p><\/p>\n","protected":false},"excerpt":{"rendered":"<p>Viol\u00eancias contra mulheres s\u00e3o frequentemente sutis e naturalizadas no cotidiano, mas geram exclus\u00e3o e desigualdade. Enfrent\u00e1-las exige senso cr\u00edtico, empatia e disposi\u00e7\u00e3o para mudar pr\u00e1ticas culturais e rela\u00e7\u00f5es.<\/p>\n","protected":false},"author":178,"featured_media":16515,"comment_status":"closed","ping_status":"open","sticky":false,"template":"","format":"standard","meta":{"footnotes":""},"categories":[106,3],"tags":[],"class_list":["post-16491","post","type-post","status-publish","format-standard","has-post-thumbnail","hentry","category-blog-pequilab","category-noticias"],"rttpg_featured_image_url":{"full":["https:\/\/goias.gov.br\/escoladegoverno\/wp-content\/uploads\/sites\/28\/2026\/03\/PQN_55_Capa_Noticia-Blog.jpg",800,800,false],"landscape":["https:\/\/goias.gov.br\/escoladegoverno\/wp-content\/uploads\/sites\/28\/2026\/03\/PQN_55_Capa_Noticia-Blog.jpg",800,800,false],"portraits":["https:\/\/goias.gov.br\/escoladegoverno\/wp-content\/uploads\/sites\/28\/2026\/03\/PQN_55_Capa_Noticia-Blog.jpg",800,800,false],"thumbnail":["https:\/\/goias.gov.br\/escoladegoverno\/wp-content\/uploads\/sites\/28\/2026\/03\/PQN_55_Capa_Noticia-Blog-150x150.jpg",150,150,true],"medium":["https:\/\/goias.gov.br\/escoladegoverno\/wp-content\/uploads\/sites\/28\/2026\/03\/PQN_55_Capa_Noticia-Blog-300x300.jpg",300,300,true],"large":["https:\/\/goias.gov.br\/escoladegoverno\/wp-content\/uploads\/sites\/28\/2026\/03\/PQN_55_Capa_Noticia-Blog.jpg",800,800,false],"1536x1536":["https:\/\/goias.gov.br\/escoladegoverno\/wp-content\/uploads\/sites\/28\/2026\/03\/PQN_55_Capa_Noticia-Blog.jpg",800,800,false],"2048x2048":["https:\/\/goias.gov.br\/escoladegoverno\/wp-content\/uploads\/sites\/28\/2026\/03\/PQN_55_Capa_Noticia-Blog.jpg",800,800,false]},"rttpg_author":{"display_name":"marilenecaldas","author_link":"https:\/\/goias.gov.br\/escoladegoverno\/author\/marilenecaldas\/"},"rttpg_comment":0,"rttpg_category":"<a href=\"https:\/\/goias.gov.br\/escoladegoverno\/categoria\/inovacao\/pequilab\/blog-pequilab\/\" rel=\"category tag\">Blog Pequilab<\/a> <a href=\"https:\/\/goias.gov.br\/escoladegoverno\/categoria\/noticias\/\" rel=\"category tag\">Not\u00edcias<\/a>","rttpg_excerpt":"Viol\u00eancias contra mulheres s\u00e3o frequentemente sutis e naturalizadas no cotidiano, mas geram exclus\u00e3o e desigualdade. Enfrent\u00e1-las exige senso cr\u00edtico, empatia e disposi\u00e7\u00e3o para mudar pr\u00e1ticas culturais e rela\u00e7\u00f5es.","_links":{"self":[{"href":"https:\/\/goias.gov.br\/escoladegoverno\/wp-json\/wp\/v2\/posts\/16491","targetHints":{"allow":["GET"]}}],"collection":[{"href":"https:\/\/goias.gov.br\/escoladegoverno\/wp-json\/wp\/v2\/posts"}],"about":[{"href":"https:\/\/goias.gov.br\/escoladegoverno\/wp-json\/wp\/v2\/types\/post"}],"author":[{"embeddable":true,"href":"https:\/\/goias.gov.br\/escoladegoverno\/wp-json\/wp\/v2\/users\/178"}],"replies":[{"embeddable":true,"href":"https:\/\/goias.gov.br\/escoladegoverno\/wp-json\/wp\/v2\/comments?post=16491"}],"version-history":[{"count":2,"href":"https:\/\/goias.gov.br\/escoladegoverno\/wp-json\/wp\/v2\/posts\/16491\/revisions"}],"predecessor-version":[{"id":16508,"href":"https:\/\/goias.gov.br\/escoladegoverno\/wp-json\/wp\/v2\/posts\/16491\/revisions\/16508"}],"wp:featuredmedia":[{"embeddable":true,"href":"https:\/\/goias.gov.br\/escoladegoverno\/wp-json\/wp\/v2\/media\/16515"}],"wp:attachment":[{"href":"https:\/\/goias.gov.br\/escoladegoverno\/wp-json\/wp\/v2\/media?parent=16491"}],"wp:term":[{"taxonomy":"category","embeddable":true,"href":"https:\/\/goias.gov.br\/escoladegoverno\/wp-json\/wp\/v2\/categories?post=16491"},{"taxonomy":"post_tag","embeddable":true,"href":"https:\/\/goias.gov.br\/escoladegoverno\/wp-json\/wp\/v2\/tags?post=16491"}],"curies":[{"name":"wp","href":"https:\/\/api.w.org\/{rel}","templated":true}]}}