
{"id":15960,"date":"2026-02-23T18:59:58","date_gmt":"2026-02-23T21:59:58","guid":{"rendered":"https:\/\/goias.gov.br\/escoladegoverno\/?p=15960"},"modified":"2026-04-27T11:45:10","modified_gmt":"2026-04-27T14:45:10","slug":"cnv-relacoes-que-transformam","status":"publish","type":"post","link":"https:\/\/goias.gov.br\/escoladegoverno\/cnv-relacoes-que-transformam\/","title":{"rendered":"Comunica\u00e7\u00e3o N\u00e3o Violenta (CNV): Rela\u00e7\u00f5es que transformam"},"content":{"rendered":"\n<div class=\"wp-block-columns alignwide are-vertically-aligned-center is-layout-flex wp-container-core-columns-is-layout-9d6595d7 wp-block-columns-is-layout-flex\">\n<div class=\"wp-block-column is-vertically-aligned-center is-layout-flow wp-block-column-is-layout-flow\" style=\"flex-basis:25%\">\n<div class=\"wp-block-buttons is-layout-flex wp-container-core-buttons-is-layout-a74382ec wp-block-buttons-is-layout-flex\">\n<div class=\"wp-block-button has-custom-width wp-block-button__width-100\"><a class=\"wp-block-button__link has-background has-text-align-center wp-element-button\" href=\"https:\/\/sgc.escoladegoverno.go.gov.br\/\" style=\"background-color:#1d7e5e\" target=\"_blank\" rel=\"noreferrer noopener\">Inscreva-se<\/a><\/div>\n<\/div>\n<\/div>\n\n\n\n<div class=\"wp-block-column is-vertically-aligned-center is-layout-flow wp-block-column-is-layout-flow\" style=\"flex-basis:25%\"><div class=\"wp-block-image\">\n<figure class=\"aligncenter size-full\"><img decoding=\"async\" width=\"212\" height=\"41\" src=\"https:\/\/goias.gov.br\/escoladegoverno\/wp-content\/uploads\/sites\/28\/2024\/04\/Presencial-2-2.png\" alt=\"\" class=\"wp-image-9438\" style=\"object-fit:cover\"\/><\/figure>\n<\/div><\/div>\n\n\n\n<div class=\"wp-block-column is-vertically-aligned-center has-black-color has-text-color has-link-color wp-elements-fca726dde653c09d83a585c4246da497 is-layout-flow wp-block-column-is-layout-flow\" style=\"flex-basis:18.82%\">\n<p><strong>Data de Inscri\u00e7\u00e3o:<\/strong><br>27\/04 a 18\/05<\/p>\n<\/div>\n\n\n\n<div class=\"wp-block-column is-vertically-aligned-center has-black-color has-text-color has-link-color wp-elements-90d5e23215d3768c51837743cd76a4f8 is-layout-flow wp-block-column-is-layout-flow\" style=\"flex-basis:18.82%\">\n<p><strong>Data de Realiza\u00e7\u00e3o:<\/strong><br>20\/05<\/p>\n<\/div>\n\n\n\n<div class=\"wp-block-column is-vertically-aligned-center has-black-color has-text-color has-link-color wp-elements-32d8d8264b6653d4fcbb69f81d286840 is-layout-flow wp-block-column-is-layout-flow\" style=\"flex-basis:18.82%\">\n<p><strong>Hor\u00e1rio:<\/strong><br>8h \u00e0s 17h30<\/p>\n<\/div>\n<\/div>\n\n\n\n<div class=\"wp-block-columns is-layout-flex wp-container-core-columns-is-layout-9d6595d7 wp-block-columns-is-layout-flex\">\n<div class=\"wp-block-column is-layout-flow wp-block-column-is-layout-flow\" style=\"flex-basis:100%\">\n<div class=\"wp-block-buttons is-layout-flex wp-block-buttons-is-layout-flex\">\n<div class=\"wp-block-button has-custom-width wp-block-button__width-100\"><a class=\"wp-block-button__link has-black-color has-text-color has-background has-link-color wp-element-button\" style=\"border-radius:0px;background-color:#f9f9f9\"><strong>Sobre o Curso<\/strong><\/a><\/div>\n<\/div>\n<\/div>\n<\/div>\n\n\n<h4>Modalidade\u00a0<\/h4>\n<p>Presencial \u2013 na Escola de Governo.<\/p>\n<h4><strong>Carga Hor\u00e1ria<\/strong><\/h4>\n<p>8 horas.<\/p>\n<h4><strong>Objetivo<\/strong><\/h4>\n<p>Proporcionar conhecimentos sobre os pilares da Comunica\u00e7\u00e3o N\u00e3o-Violenta, favorecendo o aperfei\u00e7oamento pessoal, o di\u00e1logo assertivo e rela\u00e7\u00f5es emp\u00e1ticas.<\/p>\n<h4><strong>P\u00fablico Alvo<\/strong><\/h4>\n<p>Servidores P\u00fablicos do Poder Executivo Estadual.<\/p>\n<h4><strong>Conte\u00fado program\u00e1tico<\/strong><\/h4>\n<ul>\n<li>Fundamentos da Comunica\u00e7\u00e3o e o Cen\u00e1rio Atual.<\/li>\n<li>Os Pilares da CNV: Observa\u00e7\u00e3o e Sentimento.<\/li>\n<li>Os Pilares da CNV: Necessidade e Pedido e a Escuta Emp\u00e1tica.<\/li>\n<li>CNV na Pr\u00e1tica: Relacionamento Interpessoal e Comunica\u00e7\u00e3o Assertiva.<\/li>\n<\/ul>\n<h4><strong>Crit\u00e9rios para aprova\u00e7\u00e3o<\/strong><\/h4>\n<p>Frequ\u00eancia igual ou superior a 80% (oitenta por cento).<\/p>","protected":false},"excerpt":{"rendered":"<p>(Presencial) \u2013 Proporcionar conhecimentos sobre os pilares da Comunica\u00e7\u00e3o N\u00e3o-Violenta, favorecendo o aperfei\u00e7oamento pessoal, o di\u00e1logo assertivo e rela\u00e7\u00f5es emp\u00e1ticas.<\/p>\n","protected":false},"author":179,"featured_media":0,"comment_status":"closed","ping_status":"open","sticky":false,"template":"","format":"standard","meta":{"footnotes":""},"categories":[8,93],"tags":[104],"class_list":["post-15960","post","type-post","status-publish","format-standard","hentry","category-cursos-presenciais","category-area-gestao-pessoas","tag-inscricoes-abertas"],"rttpg_featured_image_url":null,"rttpg_author":{"display_name":"ilaneluz","author_link":"https:\/\/goias.gov.br\/escoladegoverno\/author\/ilaneluz\/"},"rttpg_comment":0,"rttpg_category":"<a href=\"https:\/\/goias.gov.br\/escoladegoverno\/categoria\/capacitacao\/modalidade\/cursos-presenciais\/\" rel=\"category tag\">Cursos Presenciais<\/a> <a href=\"https:\/\/goias.gov.br\/escoladegoverno\/categoria\/capacitacao\/areas-cursos\/area-gestao-pessoas\/\" rel=\"category tag\">Gest\u00e3o de Pessoas<\/a>","rttpg_excerpt":"(Presencial) \u2013 Proporcionar conhecimentos sobre os pilares da Comunica\u00e7\u00e3o N\u00e3o-Violenta, favorecendo o aperfei\u00e7oamento pessoal, o di\u00e1logo assertivo e rela\u00e7\u00f5es emp\u00e1ticas.","_links":{"self":[{"href":"https:\/\/goias.gov.br\/escoladegoverno\/wp-json\/wp\/v2\/posts\/15960","targetHints":{"allow":["GET"]}}],"collection":[{"href":"https:\/\/goias.gov.br\/escoladegoverno\/wp-json\/wp\/v2\/posts"}],"about":[{"href":"https:\/\/goias.gov.br\/escoladegoverno\/wp-json\/wp\/v2\/types\/post"}],"author":[{"embeddable":true,"href":"https:\/\/goias.gov.br\/escoladegoverno\/wp-json\/wp\/v2\/users\/179"}],"replies":[{"embeddable":true,"href":"https:\/\/goias.gov.br\/escoladegoverno\/wp-json\/wp\/v2\/comments?post=15960"}],"version-history":[{"count":2,"href":"https:\/\/goias.gov.br\/escoladegoverno\/wp-json\/wp\/v2\/posts\/15960\/revisions"}],"predecessor-version":[{"id":16698,"href":"https:\/\/goias.gov.br\/escoladegoverno\/wp-json\/wp\/v2\/posts\/15960\/revisions\/16698"}],"wp:attachment":[{"href":"https:\/\/goias.gov.br\/escoladegoverno\/wp-json\/wp\/v2\/media?parent=15960"}],"wp:term":[{"taxonomy":"category","embeddable":true,"href":"https:\/\/goias.gov.br\/escoladegoverno\/wp-json\/wp\/v2\/categories?post=15960"},{"taxonomy":"post_tag","embeddable":true,"href":"https:\/\/goias.gov.br\/escoladegoverno\/wp-json\/wp\/v2\/tags?post=15960"}],"curies":[{"name":"wp","href":"https:\/\/api.w.org\/{rel}","templated":true}]}}