
{"id":15825,"date":"2026-02-02T11:31:36","date_gmt":"2026-02-02T14:31:36","guid":{"rendered":"https:\/\/goias.gov.br\/escoladegoverno\/?p=15825"},"modified":"2026-03-11T13:08:11","modified_gmt":"2026-03-11T16:08:11","slug":"fundamentos-da-lideranca-publica","status":"publish","type":"post","link":"https:\/\/goias.gov.br\/escoladegoverno\/fundamentos-da-lideranca-publica\/","title":{"rendered":"Fundamentos da Lideran\u00e7a P\u00fablica"},"content":{"rendered":"\n<div class=\"wp-block-group alignwide\"><div class=\"wp-block-group__inner-container is-layout-constrained wp-block-group-is-layout-constrained\">\n<div class=\"wp-block-columns alignwide are-vertically-aligned-center is-layout-flex wp-container-core-columns-is-layout-9d6595d7 wp-block-columns-is-layout-flex\">\n<div class=\"wp-block-column is-vertically-aligned-center is-layout-flow wp-block-column-is-layout-flow\" style=\"flex-basis:25%\">\n<div class=\"wp-block-buttons is-content-justification-center is-layout-flex wp-container-core-buttons-is-layout-8057eaf3 wp-block-buttons-is-layout-flex\">\n<div class=\"wp-block-button has-custom-width wp-block-button__width-100\"><a class=\"wp-block-button__link has-background wp-element-button\" href=\"https:\/\/sgc.escoladegoverno.go.gov.br\/\" style=\"background-color:#ec9c00\" target=\"_blank\" rel=\"noreferrer noopener\">Inscreva-se<\/a><\/div>\n<\/div>\n<\/div>\n\n\n\n<div class=\"wp-block-column is-vertically-aligned-center is-layout-flow wp-block-column-is-layout-flow\" style=\"flex-basis:25%\"><div class=\"wp-block-image is-style-default\">\n<figure class=\"aligncenter size-full\"><img decoding=\"async\" width=\"213\" height=\"41\" src=\"https:\/\/goias.gov.br\/escoladegoverno\/wp-content\/uploads\/sites\/28\/2020\/07\/ead-assincrono-2.png\" alt=\"\" class=\"wp-image-9457\" style=\"object-fit:cover\"\/><\/figure>\n<\/div><\/div>\n\n\n\n<div class=\"wp-block-column is-vertically-aligned-center is-layout-flow wp-block-column-is-layout-flow\"><div class=\"wp-block-image\">\n<figure class=\"aligncenter size-medium\"><img decoding=\"async\" width=\"300\" height=\"41\" src=\"https:\/\/goias.gov.br\/escoladegoverno\/wp-content\/uploads\/sites\/28\/2024\/10\/Sempre-Aberto-1-300x41.png\" alt=\"\" class=\"wp-image-12876\" srcset=\"https:\/\/goias.gov.br\/escoladegoverno\/wp-content\/uploads\/sites\/28\/2024\/10\/Sempre-Aberto-1-300x41.png 300w, https:\/\/goias.gov.br\/escoladegoverno\/wp-content\/uploads\/sites\/28\/2024\/10\/Sempre-Aberto-1-1024x140.png 1024w, https:\/\/goias.gov.br\/escoladegoverno\/wp-content\/uploads\/sites\/28\/2024\/10\/Sempre-Aberto-1-768x105.png 768w, https:\/\/goias.gov.br\/escoladegoverno\/wp-content\/uploads\/sites\/28\/2024\/10\/Sempre-Aberto-1.png 1254w\" sizes=\"(max-width: 300px) 100vw, 300px\" \/><\/figure>\n<\/div><\/div>\n\n\n\n<div class=\"wp-block-column is-vertically-aligned-center has-black-color has-text-color has-link-color wp-elements-b771095c89635cd46cdf19b995819baa is-layout-flow wp-block-column-is-layout-flow\" style=\"flex-basis:20%\">\n<p><\/p>\n<\/div>\n<\/div>\n<\/div><\/div>\n\n\n\n<div class=\"wp-block-group\"><div class=\"wp-block-group__inner-container is-layout-constrained wp-block-group-is-layout-constrained\">\n<div class=\"wp-block-columns is-layout-flex wp-container-core-columns-is-layout-9d6595d7 wp-block-columns-is-layout-flex\">\n<div class=\"wp-block-column is-layout-flow wp-block-column-is-layout-flow\" style=\"flex-basis:100%\">\n<div class=\"wp-block-buttons is-layout-flex wp-block-buttons-is-layout-flex\">\n<div class=\"wp-block-button has-custom-width wp-block-button__width-100\"><a class=\"wp-block-button__link has-black-color has-text-color has-background has-link-color wp-element-button\" style=\"border-radius:0px;background-color:#f9f9f9\"><strong>Sobre o Curso<\/strong><\/a><\/div>\n<\/div>\n<\/div>\n<\/div>\n<\/div><\/div>\n\n\n<h4><strong>Modalidade<\/strong><\/h4>\n<p>EaD Ass\u00edncrono \u2013 sem aulas on-line ao vivo e sem intera\u00e7\u00e3o com o professor.<\/p>\n<h4><strong>Carga Hor\u00e1ria<\/strong><\/h4>\n<p>60 horas.<\/p>\n<h4><strong>Objetivo<\/strong><\/h4>\n<p>Desenvolver o autoconhecimento, reconhecimento de for\u00e7as e prop\u00f3sito, com foco na intelig\u00eancia emocional, empatia, autorresponsabilidade e autodisciplina; desenvolver habilidades de comunica\u00e7\u00e3o consciente, gest\u00e3o relacional e negocia\u00e7\u00e3o com base em confian\u00e7a e desenvolver o uso inteligente do tempo, an\u00e1lise de dados e vis\u00e3o de futuro, para a entrega efetiva de valor p\u00fablico.<\/p>\n<h4><strong>Objetivos Espec\u00edficos<\/strong><\/h4>\n<p>Orientar e capacitar os participantes para o desenvolvimento do autoconhecimento e da atua\u00e7\u00e3o em lideran\u00e7a, com foco no reconhecimento de for\u00e7as, virtudes, valores e prop\u00f3sito, no fortalecimento da intelig\u00eancia emocional, empatia, autorresponsabilidade e autodisciplina. Desenvolver compet\u00eancias de comunica\u00e7\u00e3o consciente, escuta ativa, gest\u00e3o relacional e negocia\u00e7\u00e3o baseadas na confian\u00e7a, bem como estimular o uso estrat\u00e9gico do tempo, da an\u00e1lise de dados e da vis\u00e3o de futuro, visando \u00e0 tomada de decis\u00f5es eficazes e \u00e0 entrega qualificada de valor p\u00fablico, abordando especificamente os seguintes aspectos:<\/p>\n<ul>\n<li>Quem sou eu na lideran\u00e7a?<\/li>\n<li>Intelig\u00eancia Emocional e intelig\u00eancia em Lideran\u00e7a.<\/li>\n<li>Mapeamento de for\u00e7as, virtudes e valores.<\/li>\n<li>Autodisciplina, autorresponsabilidade e prop\u00f3sito.<\/li>\n<li>Comunica\u00e7\u00e3o do L\u00edder.<\/li>\n<li>Comunica\u00e7\u00e3o Consciente e Escuta Ativa em M\u00faltiplos N\u00edveis.<\/li>\n<li>Pr\u00e1ticas de Di\u00e1logo Estruturado e Media\u00e7\u00e3o Profissional.<\/li>\n<li>Gest\u00e3o do tempo e entrega de valor p\u00fablico.<\/li>\n<li>An\u00e1lise dos Dados como ferramenta de Gest\u00e3o.<\/li>\n<li>Lideran\u00e7a com adaptabilidade e vis\u00e3o de futuro.<\/li>\n<\/ul>\n<h4><strong>Crit\u00e9rios de Aprova\u00e7\u00e3o<\/strong><\/h4>\n<p>Aproveitamento igual ou superior a 70% (setenta por cento) nas atividades avaliativas do curso.<\/p>","protected":false},"excerpt":{"rendered":"<p>(EaD Ass\u00edncrono) \u2013 Promover o autoconhecimento e o desenvolvimento de compet\u00eancias emocionais, comunicacionais e estrat\u00e9gicas, visando \u00e0 lideran\u00e7a eficaz e \u00e0 entrega qualificada de valor p\u00fablico.<\/p>\n","protected":false},"author":784,"featured_media":0,"comment_status":"closed","ping_status":"open","sticky":false,"template":"","format":"standard","meta":{"footnotes":""},"categories":[37],"tags":[118],"class_list":["post-15825","post","type-post","status-publish","format-standard","hentry","category-cursos-ead","tag-sempre-abertas"],"rttpg_featured_image_url":null,"rttpg_author":{"display_name":"paulomcardoso","author_link":"https:\/\/goias.gov.br\/escoladegoverno\/author\/paulomcardoso\/"},"rttpg_comment":0,"rttpg_category":"<a href=\"https:\/\/goias.gov.br\/escoladegoverno\/categoria\/capacitacao\/modalidade\/cursos-ead\/\" rel=\"category tag\">Cursos EaD<\/a>","rttpg_excerpt":"(EaD Ass\u00edncrono) \u2013 Promover o autoconhecimento e o desenvolvimento de compet\u00eancias emocionais, comunicacionais e estrat\u00e9gicas, visando \u00e0 lideran\u00e7a eficaz e \u00e0 entrega qualificada de valor p\u00fablico.","_links":{"self":[{"href":"https:\/\/goias.gov.br\/escoladegoverno\/wp-json\/wp\/v2\/posts\/15825","targetHints":{"allow":["GET"]}}],"collection":[{"href":"https:\/\/goias.gov.br\/escoladegoverno\/wp-json\/wp\/v2\/posts"}],"about":[{"href":"https:\/\/goias.gov.br\/escoladegoverno\/wp-json\/wp\/v2\/types\/post"}],"author":[{"embeddable":true,"href":"https:\/\/goias.gov.br\/escoladegoverno\/wp-json\/wp\/v2\/users\/784"}],"replies":[{"embeddable":true,"href":"https:\/\/goias.gov.br\/escoladegoverno\/wp-json\/wp\/v2\/comments?post=15825"}],"version-history":[{"count":2,"href":"https:\/\/goias.gov.br\/escoladegoverno\/wp-json\/wp\/v2\/posts\/15825\/revisions"}],"predecessor-version":[{"id":16333,"href":"https:\/\/goias.gov.br\/escoladegoverno\/wp-json\/wp\/v2\/posts\/15825\/revisions\/16333"}],"wp:attachment":[{"href":"https:\/\/goias.gov.br\/escoladegoverno\/wp-json\/wp\/v2\/media?parent=15825"}],"wp:term":[{"taxonomy":"category","embeddable":true,"href":"https:\/\/goias.gov.br\/escoladegoverno\/wp-json\/wp\/v2\/categories?post=15825"},{"taxonomy":"post_tag","embeddable":true,"href":"https:\/\/goias.gov.br\/escoladegoverno\/wp-json\/wp\/v2\/tags?post=15825"}],"curies":[{"name":"wp","href":"https:\/\/api.w.org\/{rel}","templated":true}]}}