
{"id":15647,"date":"2025-11-18T10:29:26","date_gmt":"2025-11-18T13:29:26","guid":{"rendered":"https:\/\/goias.gov.br\/escoladegoverno\/?p=15647"},"modified":"2026-04-13T15:09:49","modified_gmt":"2026-04-13T18:09:49","slug":"por-que-eu-servidora-preciso-ser-antirracista","status":"publish","type":"post","link":"https:\/\/goias.gov.br\/escoladegoverno\/por-que-eu-servidora-preciso-ser-antirracista\/","title":{"rendered":"Por que eu, servidor(a), preciso ser antirracista ?"},"content":{"rendered":"\n<div class=\"wp-block-columns alignwide are-vertically-aligned-center is-layout-flex wp-container-core-columns-is-layout-9d6595d7 wp-block-columns-is-layout-flex\">\n<div class=\"wp-block-column is-vertically-aligned-center is-layout-flow wp-block-column-is-layout-flow\" style=\"flex-basis:25%\">\n<div class=\"wp-block-buttons is-content-justification-center is-layout-flex wp-container-core-buttons-is-layout-8057eaf3 wp-block-buttons-is-layout-flex\">\n<div class=\"wp-block-button has-custom-width wp-block-button__width-100\"><a class=\"wp-block-button__link has-background wp-element-button\" href=\"https:\/\/sgc.escoladegoverno.go.gov.br\/\" style=\"background-color:#ec9c00\" target=\"_blank\" rel=\"noreferrer noopener\">Inscreva-se<\/a><\/div>\n<\/div>\n<\/div>\n\n\n\n<div class=\"wp-block-column is-vertically-aligned-center is-layout-flow wp-block-column-is-layout-flow\" style=\"flex-basis:25%\"><div class=\"wp-block-image is-style-default\">\n<figure class=\"aligncenter size-full\"><img decoding=\"async\" width=\"213\" height=\"41\" src=\"https:\/\/goias.gov.br\/escoladegoverno\/wp-content\/uploads\/sites\/28\/2020\/07\/ead-assincrono-2.png\" alt=\"\" class=\"wp-image-9457\" style=\"object-fit:cover\"\/><\/figure>\n<\/div><\/div>\n\n\n\n<div class=\"wp-block-column is-vertically-aligned-center is-layout-flow wp-block-column-is-layout-flow\"><div class=\"wp-block-image\">\n<figure class=\"aligncenter size-medium\"><img decoding=\"async\" width=\"300\" height=\"41\" src=\"https:\/\/goias.gov.br\/escoladegoverno\/wp-content\/uploads\/sites\/28\/2024\/10\/Sempre-Aberto-1-300x41.png\" alt=\"\" class=\"wp-image-12876\" srcset=\"https:\/\/goias.gov.br\/escoladegoverno\/wp-content\/uploads\/sites\/28\/2024\/10\/Sempre-Aberto-1-300x41.png 300w, https:\/\/goias.gov.br\/escoladegoverno\/wp-content\/uploads\/sites\/28\/2024\/10\/Sempre-Aberto-1-1024x140.png 1024w, https:\/\/goias.gov.br\/escoladegoverno\/wp-content\/uploads\/sites\/28\/2024\/10\/Sempre-Aberto-1-768x105.png 768w, https:\/\/goias.gov.br\/escoladegoverno\/wp-content\/uploads\/sites\/28\/2024\/10\/Sempre-Aberto-1.png 1254w\" sizes=\"(max-width: 300px) 100vw, 300px\" \/><\/figure>\n<\/div><\/div>\n\n\n\n<div class=\"wp-block-column is-vertically-aligned-center has-black-color has-text-color has-link-color wp-elements-b771095c89635cd46cdf19b995819baa is-layout-flow wp-block-column-is-layout-flow\" style=\"flex-basis:20%\">\n<p><\/p>\n<\/div>\n<\/div>\n\n\n\n<div class=\"wp-block-buttons is-layout-flex wp-block-buttons-is-layout-flex\">\n<div class=\"wp-block-button has-custom-width wp-block-button__width-100\"><a class=\"wp-block-button__link has-black-color has-text-color has-background has-link-color wp-element-button\" style=\"border-radius:0px;background-color:#f9f9f9\"><strong>Sobre o Curso<\/strong><\/a><\/div>\n<\/div>\n\n\n\n<h4 class=\"wp-block-heading\">Modalidade<\/h4>\n\n\n\n<p>EaD Ass\u00edncrono \u2013 sem aulas on-line ao vivo e sem intera\u00e7\u00e3o com o professor.<\/p>\n\n\n\n<h4 class=\"wp-block-heading\">Objetivo<\/h4>\n\n\n\n<p>Capacitar servidores p\u00fablicos estaduais no hist\u00f3rico e nas formas pelas quais o racismo opera na sociedade brasileira, indicando pr\u00e1ticas antirracistas para o seu enfrentamento.<\/p>\n\n\n\n<h4 class=\"wp-block-heading\">P\u00fablico-Alvo<\/h4>\n\n\n\n<p>Servidores P\u00fablicos do Poder Executivo Estadual.<\/p>\n\n\n\n<h4 class=\"wp-block-heading\">Carga Hor\u00e1ria<\/h4>\n\n\n\n<p>30 horas<\/p>\n\n\n\n<h4 class=\"wp-block-heading\">Conte\u00fado Program\u00e1tico<\/h4>\n\n\n\n<ul class=\"wp-block-list\">\n<li>M\u00f3dulo 1 &#8211;\u00a0 Racismo, um processo hist\u00f3rico;<\/li>\n\n\n\n<li>M\u00f3dulo 2 &#8211; Normativas referentes \u00e0s rela\u00e7\u00f5es \u00e9tnico-raciais;<\/li>\n\n\n\n<li>M\u00f3dulo 3 &#8211; Racismos e Desigualdades s\u00e3o Plurais;<\/li>\n\n\n\n<li>M\u00f3dulo 4 &#8211; Comportamentos Discriminat\u00f3rios;<\/li>\n\n\n\n<li>M\u00f3dulo 5 &#8211; Pr\u00e1ticas Antirracistas.<\/li>\n<\/ul>\n\n\n\n<h4 class=\"wp-block-heading\"><strong>Crit\u00e9rios para aprova\u00e7\u00e3o<\/strong><\/h4>\n\n\n\n<p>Aproveitamento igual ou superior a 70% (setenta por cento) nas atividades avaliativas do curso.<\/p>\n","protected":false},"excerpt":{"rendered":"<p>(EAD Ass\u00edncrono) \u2013 Capacitar servidores p\u00fablicos estaduais no hist\u00f3rico e nas formas pelas quais o racismo opera na sociedade brasileira, indicando pr\u00e1ticas antirracistas para o seu enfrentamento.<\/p>\n","protected":false},"author":686,"featured_media":0,"comment_status":"closed","ping_status":"open","sticky":false,"template":"","format":"standard","meta":{"footnotes":""},"categories":[11,37,123],"tags":[118],"class_list":["post-15647","post","type-post","status-publish","format-standard","hentry","category-capacitacao","category-cursos-ead","category-diversidade-equidade-e-inclusao-dei","tag-sempre-abertas"],"rttpg_featured_image_url":null,"rttpg_author":{"display_name":"victordutra","author_link":"https:\/\/goias.gov.br\/escoladegoverno\/author\/victordutra\/"},"rttpg_comment":0,"rttpg_category":"<a href=\"https:\/\/goias.gov.br\/escoladegoverno\/categoria\/capacitacao\/\" rel=\"category tag\">Capacita\u00e7\u00e3o<\/a> <a href=\"https:\/\/goias.gov.br\/escoladegoverno\/categoria\/capacitacao\/modalidade\/cursos-ead\/\" rel=\"category tag\">Cursos EaD<\/a> <a href=\"https:\/\/goias.gov.br\/escoladegoverno\/categoria\/capacitacao\/areas-cursos\/diversidade-equidade-e-inclusao-dei\/\" rel=\"category tag\">Diversidade, Equidade e Inclus\u00e3o (DEI)<\/a>","rttpg_excerpt":"(EAD Ass\u00edncrono) \u2013 Capacitar servidores p\u00fablicos estaduais no hist\u00f3rico e nas formas pelas quais o racismo opera na sociedade brasileira, indicando pr\u00e1ticas antirracistas para o seu enfrentamento.","_links":{"self":[{"href":"https:\/\/goias.gov.br\/escoladegoverno\/wp-json\/wp\/v2\/posts\/15647","targetHints":{"allow":["GET"]}}],"collection":[{"href":"https:\/\/goias.gov.br\/escoladegoverno\/wp-json\/wp\/v2\/posts"}],"about":[{"href":"https:\/\/goias.gov.br\/escoladegoverno\/wp-json\/wp\/v2\/types\/post"}],"author":[{"embeddable":true,"href":"https:\/\/goias.gov.br\/escoladegoverno\/wp-json\/wp\/v2\/users\/686"}],"replies":[{"embeddable":true,"href":"https:\/\/goias.gov.br\/escoladegoverno\/wp-json\/wp\/v2\/comments?post=15647"}],"version-history":[{"count":3,"href":"https:\/\/goias.gov.br\/escoladegoverno\/wp-json\/wp\/v2\/posts\/15647\/revisions"}],"predecessor-version":[{"id":16639,"href":"https:\/\/goias.gov.br\/escoladegoverno\/wp-json\/wp\/v2\/posts\/15647\/revisions\/16639"}],"wp:attachment":[{"href":"https:\/\/goias.gov.br\/escoladegoverno\/wp-json\/wp\/v2\/media?parent=15647"}],"wp:term":[{"taxonomy":"category","embeddable":true,"href":"https:\/\/goias.gov.br\/escoladegoverno\/wp-json\/wp\/v2\/categories?post=15647"},{"taxonomy":"post_tag","embeddable":true,"href":"https:\/\/goias.gov.br\/escoladegoverno\/wp-json\/wp\/v2\/tags?post=15647"}],"curies":[{"name":"wp","href":"https:\/\/api.w.org\/{rel}","templated":true}]}}