
{"id":15277,"date":"2025-09-22T08:08:46","date_gmt":"2025-09-22T11:08:46","guid":{"rendered":"https:\/\/goias.gov.br\/escoladegoverno\/?p=15277"},"modified":"2026-04-13T17:38:35","modified_gmt":"2026-04-13T20:38:35","slug":"gerenciamento-de-processos-2","status":"publish","type":"post","link":"https:\/\/goias.gov.br\/escoladegoverno\/gerenciamento-de-processos-2\/","title":{"rendered":"Gerenciamento de Processos"},"content":{"rendered":"\n<div class=\"wp-block-columns alignwide are-vertically-aligned-center is-layout-flex wp-container-core-columns-is-layout-9d6595d7 wp-block-columns-is-layout-flex\">\n<div class=\"wp-block-column is-vertically-aligned-center is-layout-flow wp-block-column-is-layout-flow\" style=\"flex-basis:25%\">\n<div class=\"wp-block-buttons is-content-justification-center is-layout-flex wp-container-core-buttons-is-layout-8057eaf3 wp-block-buttons-is-layout-flex\">\n<div class=\"wp-block-button has-custom-width wp-block-button__width-100\"><a class=\"wp-block-button__link has-background wp-element-button\" href=\"https:\/\/sgc.escoladegoverno.go.gov.br\/\" style=\"background-color:#809243\" target=\"_blank\" rel=\"noreferrer noopener\">Inscreva-se<\/a><\/div>\n<\/div>\n<\/div>\n\n\n\n<div class=\"wp-block-column is-vertically-aligned-center is-layout-flow wp-block-column-is-layout-flow\" style=\"flex-basis:20%\"><div class=\"wp-block-image is-style-default\">\n<figure class=\"aligncenter size-full\"><img decoding=\"async\" width=\"149\" height=\"42\" src=\"https:\/\/goias.gov.br\/escoladegoverno\/wp-content\/uploads\/sites\/28\/2024\/04\/Hibrido-1.png\" alt=\"\" class=\"wp-image-10191\" style=\"object-fit:cover\"\/><\/figure>\n<\/div><\/div>\n\n\n\n<div class=\"wp-block-column is-vertically-aligned-center has-black-color has-text-color has-link-color wp-elements-40a6ba90e2be2a11a2875681902e7150 is-layout-flow wp-block-column-is-layout-flow\" style=\"flex-basis:20%\">\n<p><strong>Data de Inscri\u00e7\u00e3o:<\/strong><br>13\/04 a 07\/05<\/p>\n<\/div>\n\n\n\n<div class=\"wp-block-column is-vertically-aligned-center has-black-color has-text-color has-link-color wp-elements-fc1c119fb95380a4784c3c03b0fcaa97 is-layout-flow wp-block-column-is-layout-flow\" style=\"flex-basis:20%\">\n<p><strong>Data de Realiza\u00e7\u00e3o:<\/strong><br>11 a 22\/05<\/p>\n<\/div>\n\n\n\n<div class=\"wp-block-column is-vertically-aligned-center has-black-color has-text-color has-link-color wp-elements-240f27e933e0e878f2d85ad8f050fc05 is-layout-flow wp-block-column-is-layout-flow\" style=\"flex-basis:20%\">\n<p><strong>Aula Presencial:<br><\/strong>19\/05, das 8h \u00e0s 17h<br>20\/05, das 8h \u00e0s 12h<\/p>\n<\/div>\n<\/div>\n\n\n\n<div class=\"wp-block-columns is-layout-flex wp-container-core-columns-is-layout-9d6595d7 wp-block-columns-is-layout-flex\">\n<div class=\"wp-block-column is-layout-flow wp-block-column-is-layout-flow\" style=\"flex-basis:100%\">\n<div class=\"wp-block-buttons is-layout-flex wp-block-buttons-is-layout-flex\">\n<div class=\"wp-block-button has-custom-width wp-block-button__width-100 is-style-fill\"><a class=\"wp-block-button__link has-text-color has-background has-link-color has-text-align-center wp-element-button\" style=\"border-radius:0px;color:#461877;background-color:#f9f9f9\"><strong><mark style=\"background-color:rgba(0, 0, 0, 0);color:#461877\" class=\"has-inline-color\">\u2714<\/mark><\/strong> Este curso faz parte da Certifica\u00e7\u00e3o em Transforma\u00e7\u00e3o e Inova\u00e7\u00e3o<br>da Gest\u00e3o e dos Servi\u00e7os P\u00fablicos<\/a><\/div>\n<\/div>\n<\/div>\n<\/div>\n\n\n\n<h4 class=\"wp-block-heading\"><strong>Modalidade<\/strong><\/h4>\n\n\n\n<p>H\u00edbrido \u2013 curso a dist\u00e2ncia, com&nbsp;conte\u00fados gravados,&nbsp;material para leitura no Portal do Aluno e&nbsp;aulas presenciais obrigat\u00f3rias&nbsp;na Escola de Governo.<\/p>\n\n\n\n<h4 class=\"wp-block-heading\"><strong>Carga Hor\u00e1ria<\/strong><\/h4>\n\n\n\n<p>20 horas.<\/p>\n\n\n\n<h4 class=\"wp-block-heading\"><strong>Objetivo<\/strong><\/h4>\n\n\n\n<p>Capacitar os servidores a compreender e aplicar os conceitos fundamentais do Gerenciamento de Processos, com o uso da disciplina Business Process Management (BPM), promovendo uma vis\u00e3o estruturada de uma organiza\u00e7\u00e3o orientada por processos, permitindo que desenvolvam habilidades pr\u00e1ticas para identificar, modelar, analisar e melhorar processos e servi\u00e7os, al\u00e9m de permitir o entendimento funcional de um Escrit\u00f3rio de Processos Setorial.<\/p>\n\n\n\n<p><strong>P\u00fablico-Alvo<\/strong><\/p>\n\n\n\n<p>Servidores P\u00fablicos do Poder Executivo Estadual.<\/p>\n\n\n\n<h4 class=\"wp-block-heading\"><strong>Conte\u00fado Program\u00e1tico<\/strong><\/h4>\n\n\n\n<ul class=\"wp-block-list\">\n<li>Introdu\u00e7\u00e3o ao Gerenciamento de Processos &#8211; BPM;<\/li>\n\n\n\n<li>Organiza\u00e7\u00e3o orientada por Processos;<\/li>\n\n\n\n<li>Conduzindo a Mudan\u00e7a;<\/li>\n\n\n\n<li>Gerenciando o Escrit\u00f3rio Setorial de Processos;<\/li>\n\n\n\n<li>Transforma\u00e7\u00e3o \u00c1gil de Processos.<\/li>\n<\/ul>\n\n\n\n<h4 class=\"wp-block-heading\">Crit\u00e9rios para aprova\u00e7\u00e3o<\/h4>\n\n\n\n<p>Frequ\u00eancia igual&nbsp;a 100% (cem por cento) nas aulas presenciais e aproveitamento igual ou superior a 70 pontos na atividade avaliativa do curso.<\/p>\n","protected":false},"excerpt":{"rendered":"<p>(H\u00edbrido) \u2013 Capacitar servidores em BPM para identificar, modelar, analisar e melhorar processos, compreendendo o funcionamento de um Escrit\u00f3rio de Processos e promovendo vis\u00e3o estruturada de organiza\u00e7\u00e3o orientada por processos.<\/p>\n","protected":false},"author":686,"featured_media":0,"comment_status":"closed","ping_status":"open","sticky":false,"template":"","format":"standard","meta":{"footnotes":""},"categories":[122,51],"tags":[104],"class_list":["post-15277","post","type-post","status-publish","format-standard","hentry","category-certificacao-em-transformacao-e-inovacao","category-cursos-hibridos","tag-inscricoes-abertas"],"rttpg_featured_image_url":null,"rttpg_author":{"display_name":"victordutra","author_link":"https:\/\/goias.gov.br\/escoladegoverno\/author\/victordutra\/"},"rttpg_comment":0,"rttpg_category":"<a href=\"https:\/\/goias.gov.br\/escoladegoverno\/categoria\/capacitacao\/certificacoes\/certificacao-em-transformacao-e-inovacao\/\" rel=\"category tag\">Certifica\u00e7\u00e3o em Transforma\u00e7\u00e3o e Inova\u00e7\u00e3o<\/a> <a href=\"https:\/\/goias.gov.br\/escoladegoverno\/categoria\/capacitacao\/modalidade\/cursos-hibridos\/\" rel=\"category tag\">Cursos H\u00edbridos<\/a>","rttpg_excerpt":"(H\u00edbrido) \u2013 Capacitar servidores em BPM para identificar, modelar, analisar e melhorar processos, compreendendo o funcionamento de um Escrit\u00f3rio de Processos e promovendo vis\u00e3o estruturada de organiza\u00e7\u00e3o orientada por processos.","_links":{"self":[{"href":"https:\/\/goias.gov.br\/escoladegoverno\/wp-json\/wp\/v2\/posts\/15277","targetHints":{"allow":["GET"]}}],"collection":[{"href":"https:\/\/goias.gov.br\/escoladegoverno\/wp-json\/wp\/v2\/posts"}],"about":[{"href":"https:\/\/goias.gov.br\/escoladegoverno\/wp-json\/wp\/v2\/types\/post"}],"author":[{"embeddable":true,"href":"https:\/\/goias.gov.br\/escoladegoverno\/wp-json\/wp\/v2\/users\/686"}],"replies":[{"embeddable":true,"href":"https:\/\/goias.gov.br\/escoladegoverno\/wp-json\/wp\/v2\/comments?post=15277"}],"version-history":[{"count":2,"href":"https:\/\/goias.gov.br\/escoladegoverno\/wp-json\/wp\/v2\/posts\/15277\/revisions"}],"predecessor-version":[{"id":16625,"href":"https:\/\/goias.gov.br\/escoladegoverno\/wp-json\/wp\/v2\/posts\/15277\/revisions\/16625"}],"wp:attachment":[{"href":"https:\/\/goias.gov.br\/escoladegoverno\/wp-json\/wp\/v2\/media?parent=15277"}],"wp:term":[{"taxonomy":"category","embeddable":true,"href":"https:\/\/goias.gov.br\/escoladegoverno\/wp-json\/wp\/v2\/categories?post=15277"},{"taxonomy":"post_tag","embeddable":true,"href":"https:\/\/goias.gov.br\/escoladegoverno\/wp-json\/wp\/v2\/tags?post=15277"}],"curies":[{"name":"wp","href":"https:\/\/api.w.org\/{rel}","templated":true}]}}