
{"id":14733,"date":"2025-07-21T08:56:59","date_gmt":"2025-07-21T11:56:59","guid":{"rendered":"https:\/\/goias.gov.br\/escoladegoverno\/?p=14733"},"modified":"2025-08-18T07:52:49","modified_gmt":"2025-08-18T10:52:49","slug":"projeto-pratico","status":"publish","type":"post","link":"https:\/\/goias.gov.br\/escoladegoverno\/projeto-pratico\/","title":{"rendered":"Projeto Pr\u00e1tico"},"content":{"rendered":"\n<div class=\"wp-block-columns alignwide are-vertically-aligned-center is-layout-flex wp-container-core-columns-is-layout-9d6595d7 wp-block-columns-is-layout-flex\">\n<div class=\"wp-block-column is-vertically-aligned-center is-layout-flow wp-block-column-is-layout-flow\" style=\"flex-basis:30%\">\n<div class=\"wp-block-buttons is-layout-flex wp-container-core-buttons-is-layout-a74382ec wp-block-buttons-is-layout-flex\">\n<div class=\"wp-block-button has-custom-width wp-block-button__width-100 is-style-outline is-style-outline--1\"><a class=\"wp-block-button__link has-white-background-color has-text-color has-background has-link-color has-text-align-center wp-element-button\" href=\"https:\/\/sgc.escoladegoverno.go.gov.br\/\" style=\"color:#1d7e5e\" target=\"_blank\" rel=\"noreferrer noopener\">Inscri\u00e7\u00f5es Indispon\u00edveis<\/a><\/div>\n<\/div>\n<\/div>\n\n\n\n<div class=\"wp-block-column is-vertically-aligned-center is-layout-flow wp-block-column-is-layout-flow\" style=\"flex-basis:30%\"><div class=\"wp-block-image\">\n<figure class=\"alignleft size-full\"><img decoding=\"async\" width=\"212\" height=\"41\" src=\"https:\/\/goias.gov.br\/escoladegoverno\/wp-content\/uploads\/sites\/28\/2024\/04\/Presencial-2-2.png\" alt=\"\" class=\"wp-image-9438\" style=\"object-fit:cover\"\/><\/figure>\n<\/div><\/div>\n<\/div>\n\n\n\n<div class=\"wp-block-columns is-layout-flex wp-container-core-columns-is-layout-9d6595d7 wp-block-columns-is-layout-flex\">\n<div class=\"wp-block-column is-layout-flow wp-block-column-is-layout-flow\" style=\"flex-basis:100%\">\n<div class=\"wp-block-buttons is-layout-flex wp-block-buttons-is-layout-flex\">\n<div class=\"wp-block-button has-custom-width wp-block-button__width-100 is-style-fill\"><a class=\"wp-block-button__link has-text-color has-background has-link-color has-text-align-center wp-element-button\" style=\"border-radius:0px;color:#0064b6;background-color:#f9f9f9\"><strong><strong><mark style=\"background-color:rgba(0, 0, 0, 0);color:#0064b6\" class=\"has-inline-color\">\u2714<\/mark><\/strong><\/strong> Este curso faz parte da Certifica\u00e7\u00e3o em Gest\u00e3o de Pessoas<\/a><\/div>\n<\/div>\n<\/div>\n<\/div>\n\n\n\n<h4 class=\"wp-block-heading\"><strong>Modalidade<\/strong><\/h4>\n\n\n\n<p>Presencial \u2013 na Escola de Governo.<\/p>\n\n\n\n<h4 class=\"wp-block-heading\"><strong>Carga Hor\u00e1ria<\/strong><\/h4>\n\n\n\n<p>32 horas.<\/p>\n\n\n\n<h4 class=\"wp-block-heading\"><strong>Objetivo<\/strong><\/h4>\n\n\n\n<p>Capacitar os participantes com habilidades e conhecimentos necess\u00e1rios para o entendimento dos principais conceitos que envolvem as carreiras p\u00fablicas e procedimentos necess\u00e1rios para a elabora\u00e7\u00e3o dos c\u00e1lculos de impacto or\u00e7ament\u00e1rio-financeiro relativo \u00e0 reestrutura\u00e7\u00e3o das carreiras do Poder Executivo Estadual.<\/p>\n\n\n\n<h4 class=\"wp-block-heading\"><strong>Pr\u00e9-Requisito<\/strong><\/h4>\n\n\n\n<p>Ser concluinte dos cursos da Forma\u00e7\u00e3o Estruturante (126h) e de no m\u00ednimo 62h&nbsp;nos&nbsp;cursos da&nbsp;Gest\u00e3o Estrat\u00e9gica de Pessoas e Desenvolvimento Humano e Gest\u00e3o de Talentos.&nbsp;Ser concluinte do&nbsp;curso&nbsp;Excel &#8211; Avan\u00e7ado ou ser&nbsp;aprovado no Teste de Nivelamento dispon\u00edvel no Portal do Aluno em Teste de Nivelamento.&nbsp;Solicite a inscri\u00e7\u00e3o no Teste de Nivelamento &#8211; Pr\u00e9-requisito para o curso Projeto Pr\u00e1tico ou Power BI \u2013 B\u00e1sico e responda o question\u00e1rio. A nota m\u00ednima para a aprova\u00e7\u00e3o \u00e9 70,0 pontos.<\/p>\n\n\n\n<h4 class=\"wp-block-heading\"><strong>P\u00fablico-Alvo<\/strong><\/h4>\n\n\n\n<p>Servidores, preferencialmente integrantes da Rede de Gest\u00e3o de Pessoas, que cumpriram os requisitos m\u00ednimos para a realiza\u00e7\u00e3o do Projeto Pr\u00e1tico, conforme o&nbsp;\u00a7 2\u00ba, do Art 5\u00ba da Portaria n\u00ba 1471, de 10 de julho de 2024&nbsp;e que desejam a Certifica\u00e7\u00e3o em Gest\u00e3o de Pessoas.<\/p>\n\n\n\n<h4 class=\"wp-block-heading\"><strong>Conte\u00fado Program\u00e1tico<\/strong><\/h4>\n\n\n\n<ul class=\"wp-block-list\">\n<li>Conceito de servidor e servi\u00e7o p\u00fablico \/ Formas de ingresso no servi\u00e7o p\u00fablico;<\/li>\n\n\n\n<li>Quadro Transit\u00f3rio e Permanente;<\/li>\n\n\n\n<li>Cargo P\u00fablico \/&nbsp;Carreira;<\/li>\n\n\n\n<li>Plano de Cargos e Remunera\u00e7\u00e3o \u2013 PCR;<\/li>\n\n\n\n<li>Situa\u00e7\u00e3o Funcional \/&nbsp;Sistema Remunerat\u00f3rio;<\/li>\n\n\n\n<li>Base de dados RHNET \/&nbsp;Painel Remunerat\u00f3rio do Poder Executivo do Estado do Goi\u00e1s;<\/li>\n\n\n\n<li>Rubricas folha de pagamento \/&nbsp;classifica\u00e7\u00e3o de rubricas;<\/li>\n\n\n\n<li>Encargos Sociais;<\/li>\n\n\n\n<li>Projeto Repensar Carreiras;<\/li>\n\n\n\n<li>Hora de Praticar;<\/li>\n\n\n\n<li>Projeto Final \/&nbsp;Apresenta\u00e7\u00e3o.<\/li>\n<\/ul>\n\n\n\n<h4 class=\"wp-block-heading\"><strong>Crit\u00e9rios de Aprova\u00e7\u00e3o<\/strong><\/h4>\n\n\n\n<p>Frequ\u00eancia igual ou superior a 80% (oitenta por cento).<\/p>\n","protected":false},"excerpt":{"rendered":"<p>(Presencial) \u2013 Capacitar para compreender conceitos das carreiras p\u00fablicas e realizar c\u00e1lculos de impacto or\u00e7ament\u00e1rio-financeiro em reestrutura\u00e7\u00f5es no Poder Executivo Estadual.<\/p>\n","protected":false},"author":686,"featured_media":0,"comment_status":"closed","ping_status":"open","sticky":false,"template":"","format":"standard","meta":{"footnotes":""},"categories":[84,8],"tags":[],"class_list":["post-14733","post","type-post","status-publish","format-standard","hentry","category-certificacao-gestao-pessoas","category-cursos-presenciais"],"rttpg_featured_image_url":null,"rttpg_author":{"display_name":"victordutra","author_link":"https:\/\/goias.gov.br\/escoladegoverno\/author\/victordutra\/"},"rttpg_comment":0,"rttpg_category":"<a href=\"https:\/\/goias.gov.br\/escoladegoverno\/categoria\/capacitacao\/certificacoes\/certificacao-gestao-pessoas\/\" rel=\"category tag\">Certifica\u00e7\u00e3o em Gest\u00e3o de Pessoas<\/a> <a href=\"https:\/\/goias.gov.br\/escoladegoverno\/categoria\/capacitacao\/modalidade\/cursos-presenciais\/\" rel=\"category tag\">Cursos Presenciais<\/a>","rttpg_excerpt":"(Presencial) \u2013 Capacitar para compreender conceitos das carreiras p\u00fablicas e realizar c\u00e1lculos de impacto or\u00e7ament\u00e1rio-financeiro em reestrutura\u00e7\u00f5es no Poder Executivo Estadual.","_links":{"self":[{"href":"https:\/\/goias.gov.br\/escoladegoverno\/wp-json\/wp\/v2\/posts\/14733","targetHints":{"allow":["GET"]}}],"collection":[{"href":"https:\/\/goias.gov.br\/escoladegoverno\/wp-json\/wp\/v2\/posts"}],"about":[{"href":"https:\/\/goias.gov.br\/escoladegoverno\/wp-json\/wp\/v2\/types\/post"}],"author":[{"embeddable":true,"href":"https:\/\/goias.gov.br\/escoladegoverno\/wp-json\/wp\/v2\/users\/686"}],"replies":[{"embeddable":true,"href":"https:\/\/goias.gov.br\/escoladegoverno\/wp-json\/wp\/v2\/comments?post=14733"}],"version-history":[{"count":2,"href":"https:\/\/goias.gov.br\/escoladegoverno\/wp-json\/wp\/v2\/posts\/14733\/revisions"}],"predecessor-version":[{"id":14875,"href":"https:\/\/goias.gov.br\/escoladegoverno\/wp-json\/wp\/v2\/posts\/14733\/revisions\/14875"}],"wp:attachment":[{"href":"https:\/\/goias.gov.br\/escoladegoverno\/wp-json\/wp\/v2\/media?parent=14733"}],"wp:term":[{"taxonomy":"category","embeddable":true,"href":"https:\/\/goias.gov.br\/escoladegoverno\/wp-json\/wp\/v2\/categories?post=14733"},{"taxonomy":"post_tag","embeddable":true,"href":"https:\/\/goias.gov.br\/escoladegoverno\/wp-json\/wp\/v2\/tags?post=14733"}],"curies":[{"name":"wp","href":"https:\/\/api.w.org\/{rel}","templated":true}]}}