
{"id":14677,"date":"2025-07-10T08:00:22","date_gmt":"2025-07-10T11:00:22","guid":{"rendered":"https:\/\/goias.gov.br\/escoladegoverno\/?p=14677"},"modified":"2026-03-25T11:17:55","modified_gmt":"2026-03-25T14:17:55","slug":"novidadeoficina-desafios-da-hiperconexao","status":"publish","type":"post","link":"https:\/\/goias.gov.br\/escoladegoverno\/novidadeoficina-desafios-da-hiperconexao\/","title":{"rendered":"Oficina: Desafios da Hiperconex\u00e3o"},"content":{"rendered":"\n<div class=\"wp-block-columns alignwide are-vertically-aligned-center is-layout-flex wp-container-core-columns-is-layout-9d6595d7 wp-block-columns-is-layout-flex\">\n<div class=\"wp-block-column is-vertically-aligned-center is-layout-flow wp-block-column-is-layout-flow\" style=\"flex-basis:30%\">\n<div class=\"wp-block-buttons is-layout-flex wp-container-core-buttons-is-layout-a74382ec wp-block-buttons-is-layout-flex\">\n<div class=\"wp-block-button has-custom-width wp-block-button__width-100 is-style-outline is-style-outline--1\"><a class=\"wp-block-button__link has-white-background-color has-text-color has-background has-link-color has-text-align-center wp-element-button\" href=\"https:\/\/sgc.escoladegoverno.go.gov.br\/\" style=\"color:#1d7e5e\" target=\"_blank\" rel=\"noreferrer noopener\">Inscri\u00e7\u00f5es Indispon\u00edveis<\/a><\/div>\n<\/div>\n<\/div>\n\n\n\n<div class=\"wp-block-column is-vertically-aligned-center is-layout-flow wp-block-column-is-layout-flow\" style=\"flex-basis:30%\"><div class=\"wp-block-image\">\n<figure class=\"alignleft size-full\"><img decoding=\"async\" width=\"212\" height=\"41\" src=\"https:\/\/goias.gov.br\/escoladegoverno\/wp-content\/uploads\/sites\/28\/2024\/04\/Presencial-2-2.png\" alt=\"\" class=\"wp-image-9438\" style=\"object-fit:cover\"\/><\/figure>\n<\/div><\/div>\n<\/div>\n\n\n\n<p><strong>Data de Inscri\u00e7\u00e3o:<\/strong> Em breve&#8230;<\/p>\n\n\n\n<p><strong>Data de Realiza\u00e7\u00e3o:<\/strong> Em breve&#8230;<\/p>\n\n\n\n<p><strong>Hor\u00e1rio:<\/strong> Em breve&#8230;<\/p>\n\n\n\n<p><strong>Modalidade:<\/strong> Presencial na Escola de Governo.<\/p>\n\n\n\n<p><strong>Carga hor\u00e1ria<\/strong>: 8 horas<\/p>\n\n\n\n<p><strong>Instrutor<\/strong>: Rafael Delfino Rodrigues Alves<\/p>\n\n\n\n<p><strong>Objetivo\/resumo do curso:<\/strong><\/p>\n\n\n\n<ul class=\"wp-block-list\">\n<li>Proporcionar aos servidores p\u00fablicos conhecimentos te\u00f3ricos e pr\u00e1ticos sobre bem-estar digital, para a cria\u00e7\u00e3o de um ambiente de trabalho mais saud\u00e1vel e equilibrado com o uso de redes sociais e smartphones em horas formais e n\u00e3o formais de trabalho.<\/li>\n<\/ul>\n\n\n\n<p><strong>Pr\u00e9-requisito: <\/strong>Possuir v\u00ednculo ativo com o Estado (Servidor P\u00fablico ou Tempor\u00e1rio)<\/p>\n\n\n\n<p><strong>Conte\u00fado program\u00e1tico:<\/strong><\/p>\n\n\n\n<ul class=\"wp-block-list\">\n<li>M\u00f3dulo 1 (4h): Realiza\u00e7\u00e3o de apresenta\u00e7\u00e3o te\u00f3rica sobre bem-estar digital e a apricabilidade no setor p\u00fablico e ao final propor a atividade pr\u00e1tica que ser\u00e1 realizada por uma semana at\u00e9 o pr\u00f3ximo encontro. &nbsp;&nbsp;<\/li>\n\n\n\n<li>M\u00f3dulo 2 (4h): Realiza\u00e7\u00e3o de an\u00e1lise de casos pr\u00e1ticos hipot\u00e9ticos sobre o uso das redes sociais em horas formais e n\u00e3o formais de trabalho. Apresenta\u00e7\u00e3o por parte dos discentes da aplica\u00e7\u00e3o te\u00f3rica no dia a dia de uma semana de percep\u00e7\u00e3o da hiperconex\u00e3o e estrat\u00e9gias de bem-estar digital.<\/li>\n<\/ul>\n","protected":false},"excerpt":{"rendered":"<p>(Presencial) &#8211; Equil\u00edbrio entre vida pessoal e profissional no uso de tecnologias, com foco em sa\u00fade mental, produtividade e desconex\u00e3o.<\/p>\n","protected":false},"author":178,"featured_media":0,"comment_status":"closed","ping_status":"open","sticky":false,"template":"","format":"standard","meta":{"footnotes":""},"categories":[98],"tags":[],"class_list":["post-14677","post","type-post","status-publish","format-standard","hentry","category-area-oficinas-pequilab"],"rttpg_featured_image_url":null,"rttpg_author":{"display_name":"marilenecaldas","author_link":"https:\/\/goias.gov.br\/escoladegoverno\/author\/marilenecaldas\/"},"rttpg_comment":0,"rttpg_category":"<a href=\"https:\/\/goias.gov.br\/escoladegoverno\/categoria\/capacitacao\/areas-cursos\/area-oficinas-pequilab\/\" rel=\"category tag\">Oficinas PequiLab<\/a>","rttpg_excerpt":"(Presencial) - Equil\u00edbrio entre vida pessoal e profissional no uso de tecnologias, com foco em sa\u00fade mental, produtividade e desconex\u00e3o.","_links":{"self":[{"href":"https:\/\/goias.gov.br\/escoladegoverno\/wp-json\/wp\/v2\/posts\/14677","targetHints":{"allow":["GET"]}}],"collection":[{"href":"https:\/\/goias.gov.br\/escoladegoverno\/wp-json\/wp\/v2\/posts"}],"about":[{"href":"https:\/\/goias.gov.br\/escoladegoverno\/wp-json\/wp\/v2\/types\/post"}],"author":[{"embeddable":true,"href":"https:\/\/goias.gov.br\/escoladegoverno\/wp-json\/wp\/v2\/users\/178"}],"replies":[{"embeddable":true,"href":"https:\/\/goias.gov.br\/escoladegoverno\/wp-json\/wp\/v2\/comments?post=14677"}],"version-history":[{"count":2,"href":"https:\/\/goias.gov.br\/escoladegoverno\/wp-json\/wp\/v2\/posts\/14677\/revisions"}],"predecessor-version":[{"id":16432,"href":"https:\/\/goias.gov.br\/escoladegoverno\/wp-json\/wp\/v2\/posts\/14677\/revisions\/16432"}],"wp:attachment":[{"href":"https:\/\/goias.gov.br\/escoladegoverno\/wp-json\/wp\/v2\/media?parent=14677"}],"wp:term":[{"taxonomy":"category","embeddable":true,"href":"https:\/\/goias.gov.br\/escoladegoverno\/wp-json\/wp\/v2\/categories?post=14677"},{"taxonomy":"post_tag","embeddable":true,"href":"https:\/\/goias.gov.br\/escoladegoverno\/wp-json\/wp\/v2\/tags?post=14677"}],"curies":[{"name":"wp","href":"https:\/\/api.w.org\/{rel}","templated":true}]}}