
{"id":13988,"date":"2025-04-08T10:24:25","date_gmt":"2025-04-08T13:24:25","guid":{"rendered":"https:\/\/goias.gov.br\/escoladegoverno\/?p=13988"},"modified":"2025-04-16T11:07:36","modified_gmt":"2025-04-16T14:07:36","slug":"mentalidade-agil-em-projetos-governamentais","status":"publish","type":"post","link":"https:\/\/goias.gov.br\/escoladegoverno\/mentalidade-agil-em-projetos-governamentais\/","title":{"rendered":"Mentalidade \u00c1gil em Projetos Governamentais"},"content":{"rendered":"\n<div class=\"wp-block-columns alignwide are-vertically-aligned-center is-layout-flex wp-container-core-columns-is-layout-9d6595d7 wp-block-columns-is-layout-flex\">\n<div class=\"wp-block-column is-vertically-aligned-center is-layout-flow wp-block-column-is-layout-flow\" style=\"flex-basis:25%\">\n<div class=\"wp-block-buttons is-content-justification-center is-layout-flex wp-container-core-buttons-is-layout-8057eaf3 wp-block-buttons-is-layout-flex\">\n<div class=\"wp-block-button has-custom-width wp-block-button__width-100\"><a class=\"wp-block-button__link has-background wp-element-button\" href=\"https:\/\/sgc.escoladegoverno.go.gov.br\/\" style=\"background-color:#ec9c00\" target=\"_blank\" rel=\"noreferrer noopener\">Inscreva-se<\/a><\/div>\n<\/div>\n<\/div>\n\n\n\n<div class=\"wp-block-column is-vertically-aligned-center is-layout-flow wp-block-column-is-layout-flow\" style=\"flex-basis:25%\"><div class=\"wp-block-image is-style-default\">\n<figure class=\"aligncenter size-full\"><img decoding=\"async\" width=\"213\" height=\"41\" src=\"https:\/\/goias.gov.br\/escoladegoverno\/wp-content\/uploads\/sites\/28\/2020\/07\/ead-assincrono-2.png\" alt=\"\" class=\"wp-image-9457\" style=\"object-fit:cover\"\/><\/figure>\n<\/div><\/div>\n\n\n\n<div class=\"wp-block-column is-vertically-aligned-center is-layout-flow wp-block-column-is-layout-flow\"><div class=\"wp-block-image\">\n<figure class=\"aligncenter size-medium\"><img decoding=\"async\" width=\"300\" height=\"41\" src=\"https:\/\/goias.gov.br\/escoladegoverno\/wp-content\/uploads\/sites\/28\/2024\/10\/Sempre-Aberto-1-300x41.png\" alt=\"\" class=\"wp-image-12876\" srcset=\"https:\/\/goias.gov.br\/escoladegoverno\/wp-content\/uploads\/sites\/28\/2024\/10\/Sempre-Aberto-1-300x41.png 300w, https:\/\/goias.gov.br\/escoladegoverno\/wp-content\/uploads\/sites\/28\/2024\/10\/Sempre-Aberto-1-1024x140.png 1024w, https:\/\/goias.gov.br\/escoladegoverno\/wp-content\/uploads\/sites\/28\/2024\/10\/Sempre-Aberto-1-768x105.png 768w, https:\/\/goias.gov.br\/escoladegoverno\/wp-content\/uploads\/sites\/28\/2024\/10\/Sempre-Aberto-1.png 1254w\" sizes=\"(max-width: 300px) 100vw, 300px\" \/><\/figure>\n<\/div><\/div>\n\n\n\n<div class=\"wp-block-column is-vertically-aligned-center has-black-color has-text-color has-link-color wp-elements-b771095c89635cd46cdf19b995819baa is-layout-flow wp-block-column-is-layout-flow\" style=\"flex-basis:20%\">\n<p><\/p>\n<\/div>\n<\/div>\n\n\n\n<div class=\"wp-block-columns is-layout-flex wp-container-core-columns-is-layout-9d6595d7 wp-block-columns-is-layout-flex\">\n<div class=\"wp-block-column is-layout-flow wp-block-column-is-layout-flow\" style=\"flex-basis:100%\">\n<div class=\"wp-block-buttons is-layout-flex wp-block-buttons-is-layout-flex\">\n<div class=\"wp-block-button has-custom-width wp-block-button__width-100 is-style-fill\"><a class=\"wp-block-button__link has-text-color has-background has-link-color has-text-align-center wp-element-button\" style=\"border-radius:0px;color:#e5602c;background-color:#f9f9f9\"><mark style=\"background-color:rgba(0, 0, 0, 0);color:#e5602c\" class=\"has-inline-color\"><strong>\u2714<\/strong><\/mark> Este curso faz parte da Certifica\u00e7\u00e3o em Governan\u00e7a e Gest\u00e3o de Projetos<\/a><\/div>\n<\/div>\n<\/div>\n<\/div>\n\n\n\n<h4 class=\"wp-block-heading\"><strong>Modalidade<\/strong><\/h4>\n\n\n\n<p>EaD Ass\u00edncrono \u2013 conte\u00fados gravados e material para leitura,\u00a0sem aulas ao vivo e sem intera\u00e7\u00e3o com o professor.<\/p>\n\n\n\n<h4 class=\"wp-block-heading\"><strong>Carga Hor\u00e1ria<\/strong><\/h4>\n\n\n\n<p>12 horas.<\/p>\n\n\n\n<h4 class=\"wp-block-heading\"><strong>Objetivo<\/strong><\/h4>\n\n\n\n<p>Capacitar profissionais envolvidos na gest\u00e3o de projetos a compreender e aplicar princ\u00edpios, metodologias e ferramentas \u00e1geis, como <em>Scrum<\/em> e <em>Kanban<\/em>, para melhorar a efici\u00eancia, adaptabilidade e entrega de valor em suas iniciativas, em meio aos desafios complexos e regulat\u00f3rios enfrentados dentro do contexto governamental.<\/p>\n\n\n\n<h4 class=\"wp-block-heading\"><strong>Pr\u00e9-requisito<\/strong><\/h4>\n\n\n\n<p>Ser concluinte do&nbsp;curso&nbsp;Fundamentos&nbsp;em Gerenciamento de Projetos.<\/p>\n\n\n\n<h4 class=\"wp-block-heading\"><strong>P\u00fablico-Alvo<\/strong><\/h4>\n\n\n\n<p>Servidores do Poder Executivo Estadual que trabalhem ou tenham interesse na gest\u00e3o de projetos.<\/p>\n\n\n\n<h4 class=\"wp-block-heading\"><strong>Conte\u00fado Program\u00e1tico<\/strong><\/h4>\n\n\n\n<ul class=\"wp-block-list\">\n<li>Fundamentos da Mentalidade \u00c1gil;<\/li>\n\n\n\n<li>Aplica\u00e7\u00e3o Pr\u00e1tica do Agile no Governo;<\/li>\n\n\n\n<li>Consolidando na Mentalidade \u00c1gil.<\/li>\n<\/ul>\n\n\n\n<h4 class=\"wp-block-heading\"><strong>Crit\u00e9rios para aprova\u00e7\u00e3o<\/strong><\/h4>\n\n\n\n<p>Aproveitamento igual ou superior a 70 pontos na m\u00e9dia final das Avalia\u00e7\u00f5es de Aprendizagem.<\/p>\n\n\n\n<p><\/p>\n","protected":false},"excerpt":{"rendered":"<p>(EaD Ass\u00edncrono) \u2013 Este curso apresenta princ\u00edpios, metodologias e ferramentas \u00e1geis, como Scrum e Kanban, para tornar a gest\u00e3o de projetos mais eficiente e adapt\u00e1vel no setor p\u00fablico.<\/p>\n","protected":false},"author":686,"featured_media":0,"comment_status":"closed","ping_status":"open","sticky":false,"template":"","format":"standard","meta":{"footnotes":""},"categories":[120,37],"tags":[118],"class_list":["post-13988","post","type-post","status-publish","format-standard","hentry","category-certificacao-em-governanca-e-gestao-de-projetos","category-cursos-ead","tag-sempre-abertas"],"rttpg_featured_image_url":null,"rttpg_author":{"display_name":"victordutra","author_link":"https:\/\/goias.gov.br\/escoladegoverno\/author\/victordutra\/"},"rttpg_comment":0,"rttpg_category":"<a href=\"https:\/\/goias.gov.br\/escoladegoverno\/categoria\/capacitacao\/certificacoes\/certificacao-em-governanca-e-gestao-de-projetos\/\" rel=\"category tag\">Certifica\u00e7\u00e3o em Governan\u00e7a e Gest\u00e3o de Projetos<\/a> <a href=\"https:\/\/goias.gov.br\/escoladegoverno\/categoria\/capacitacao\/modalidade\/cursos-ead\/\" rel=\"category tag\">Cursos EaD<\/a>","rttpg_excerpt":"(EaD Ass\u00edncrono) \u2013 Este curso apresenta princ\u00edpios, metodologias e ferramentas \u00e1geis, como Scrum e Kanban, para tornar a gest\u00e3o de projetos mais eficiente e adapt\u00e1vel no setor p\u00fablico.","_links":{"self":[{"href":"https:\/\/goias.gov.br\/escoladegoverno\/wp-json\/wp\/v2\/posts\/13988","targetHints":{"allow":["GET"]}}],"collection":[{"href":"https:\/\/goias.gov.br\/escoladegoverno\/wp-json\/wp\/v2\/posts"}],"about":[{"href":"https:\/\/goias.gov.br\/escoladegoverno\/wp-json\/wp\/v2\/types\/post"}],"author":[{"embeddable":true,"href":"https:\/\/goias.gov.br\/escoladegoverno\/wp-json\/wp\/v2\/users\/686"}],"replies":[{"embeddable":true,"href":"https:\/\/goias.gov.br\/escoladegoverno\/wp-json\/wp\/v2\/comments?post=13988"}],"version-history":[{"count":1,"href":"https:\/\/goias.gov.br\/escoladegoverno\/wp-json\/wp\/v2\/posts\/13988\/revisions"}],"predecessor-version":[{"id":14196,"href":"https:\/\/goias.gov.br\/escoladegoverno\/wp-json\/wp\/v2\/posts\/13988\/revisions\/14196"}],"wp:attachment":[{"href":"https:\/\/goias.gov.br\/escoladegoverno\/wp-json\/wp\/v2\/media?parent=13988"}],"wp:term":[{"taxonomy":"category","embeddable":true,"href":"https:\/\/goias.gov.br\/escoladegoverno\/wp-json\/wp\/v2\/categories?post=13988"},{"taxonomy":"post_tag","embeddable":true,"href":"https:\/\/goias.gov.br\/escoladegoverno\/wp-json\/wp\/v2\/tags?post=13988"}],"curies":[{"name":"wp","href":"https:\/\/api.w.org\/{rel}","templated":true}]}}