
{"id":13848,"date":"2025-04-04T10:47:35","date_gmt":"2025-04-04T13:47:35","guid":{"rendered":"https:\/\/goias.gov.br\/escoladegoverno\/?p=13848"},"modified":"2025-10-06T09:06:22","modified_gmt":"2025-10-06T12:06:22","slug":"comunicacao-estrategica-em-gestao-de-projetos","status":"publish","type":"post","link":"https:\/\/goias.gov.br\/escoladegoverno\/comunicacao-estrategica-em-gestao-de-projetos\/","title":{"rendered":"Comunica\u00e7\u00e3o Estrat\u00e9gica em Gest\u00e3o de Projetos"},"content":{"rendered":"\n<div class=\"wp-block-columns alignwide are-vertically-aligned-center is-layout-flex wp-container-core-columns-is-layout-9d6595d7 wp-block-columns-is-layout-flex\">\n<div class=\"wp-block-column is-vertically-aligned-center is-layout-flow wp-block-column-is-layout-flow\" style=\"flex-basis:30%\">\n<div class=\"wp-block-buttons is-layout-flex wp-container-core-buttons-is-layout-a74382ec wp-block-buttons-is-layout-flex\">\n<div class=\"wp-block-button has-custom-width wp-block-button__width-100 is-style-outline is-style-outline--1\"><a class=\"wp-block-button__link has-white-background-color has-text-color has-background has-link-color has-text-align-center wp-element-button\" href=\"https:\/\/sgc.escoladegoverno.go.gov.br\/\" style=\"color:#1d7e5e\" target=\"_blank\" rel=\"noreferrer noopener\">Inscri\u00e7\u00f5es Indispon\u00edveis<\/a><\/div>\n<\/div>\n<\/div>\n\n\n\n<div class=\"wp-block-column is-vertically-aligned-center is-layout-flow wp-block-column-is-layout-flow\" style=\"flex-basis:30%\"><div class=\"wp-block-image\">\n<figure class=\"alignleft size-full\"><img decoding=\"async\" width=\"212\" height=\"41\" src=\"https:\/\/goias.gov.br\/escoladegoverno\/wp-content\/uploads\/sites\/28\/2024\/04\/Presencial-2-2.png\" alt=\"\" class=\"wp-image-9438\" style=\"object-fit:cover\"\/><\/figure>\n<\/div><\/div>\n<\/div>\n\n\n\n<div class=\"wp-block-columns is-layout-flex wp-container-core-columns-is-layout-9d6595d7 wp-block-columns-is-layout-flex\">\n<div class=\"wp-block-column is-layout-flow wp-block-column-is-layout-flow\" style=\"flex-basis:100%\">\n<div class=\"wp-block-buttons is-layout-flex wp-block-buttons-is-layout-flex\">\n<div class=\"wp-block-button has-custom-width wp-block-button__width-100 is-style-fill\"><a class=\"wp-block-button__link has-text-color has-background has-link-color has-text-align-center wp-element-button\" style=\"border-radius:0px;color:#e5602c;background-color:#f9f9f9\"><mark style=\"background-color:rgba(0, 0, 0, 0);color:#e5602c\" class=\"has-inline-color\"><strong>\u2714<\/strong><\/mark> Este curso faz parte da Certifica\u00e7\u00e3o em Governan\u00e7a e Gest\u00e3o de Projetos<\/a><\/div>\n<\/div>\n<\/div>\n<\/div>\n\n\n<h4><strong>Modalidade<\/strong><\/h4>\n<p>Presencial \u2013 na Escola de Governo.<\/p>\n<h4><strong>Carga Hor\u00e1ria<\/strong><\/h4>\n<p>12 horas.<\/p>\n<h4><strong>Objetivo<\/strong><\/h4>\n<p>Capacitar os participantes para utilizar a comunica\u00e7\u00e3o de forma estrat\u00e9gica <br \/>e eficaz em todas as etapas da gest\u00e3o de projetos, fortalecendo a intera\u00e7\u00e3o com <br \/>stakeholders, equipes e outros p\u00fablicos, com o objetivo de alcan\u00e7ar os resultados <br \/>desejados com maior efici\u00eancia.<\/p>\n<h4><strong>P\u00fablico-Alvo<\/strong><\/h4>\n<p>Servidores P\u00fablicos do Poder Executivo Estadual.<\/p>\n<h4><strong>Conte\u00fado Program\u00e1tico<\/strong><\/h4>\n<ul>\n<li class=\"selectable-text copyable-text x15bjb6t x1n2onr6\" dir=\"ltr\">Fundamentos da Comunica\u00e7\u00e3o em Projetos;<\/li>\n<li class=\"selectable-text copyable-text x15bjb6t x1n2onr6\" dir=\"ltr\">Comunica\u00e7\u00e3o Interpessoal e Assertiva;<\/li>\n<li class=\"selectable-text copyable-text x15bjb6t x1n2onr6\" dir=\"ltr\">Feedback Construtivo;<\/li>\n<li class=\"selectable-text copyable-text x15bjb6t x1n2onr6\" dir=\"ltr\">Storytelling e Pitching;<\/li>\n<li class=\"selectable-text copyable-text x15bjb6t x1n2onr6\" dir=\"ltr\">Ferramentas e T\u00e9cnicas de Comunica\u00e7\u00e3o;<\/li>\n<li class=\"selectable-text copyable-text x15bjb6t x1n2onr6\" dir=\"ltr\">Registro de Li\u00e7\u00f5es Aprendidas;<\/li>\n<li class=\"selectable-text copyable-text x15bjb6t x1n2onr6\" dir=\"ltr\">Improvisa\u00e7\u00e3o e Roteiriza\u00e7\u00e3o da Fala.<\/li>\n<\/ul>\n<h4><strong>Crit\u00e9rios para Aprova\u00e7\u00e3o<\/strong><\/h4>\n<p>Frequ\u00eancia igual ou superior a 80% (oitenta por cento).<\/p>","protected":false},"excerpt":{"rendered":"<p>(Presencial) \u2013 Capacitar participantes a aplicar a comunica\u00e7\u00e3o estrat\u00e9gica na gest\u00e3o de projetos, fortalecendo a intera\u00e7\u00e3o com stakeholders e equipes para alcan\u00e7ar resultados com efici\u00eancia.<\/p>\n","protected":false},"author":686,"featured_media":0,"comment_status":"closed","ping_status":"open","sticky":false,"template":"","format":"standard","meta":{"footnotes":""},"categories":[11,120,8],"tags":[],"class_list":["post-13848","post","type-post","status-publish","format-standard","hentry","category-capacitacao","category-certificacao-em-governanca-e-gestao-de-projetos","category-cursos-presenciais"],"rttpg_featured_image_url":null,"rttpg_author":{"display_name":"victordutra","author_link":"https:\/\/goias.gov.br\/escoladegoverno\/author\/victordutra\/"},"rttpg_comment":0,"rttpg_category":"<a href=\"https:\/\/goias.gov.br\/escoladegoverno\/categoria\/capacitacao\/\" rel=\"category tag\">Capacita\u00e7\u00e3o<\/a> <a href=\"https:\/\/goias.gov.br\/escoladegoverno\/categoria\/capacitacao\/certificacoes\/certificacao-em-governanca-e-gestao-de-projetos\/\" rel=\"category tag\">Certifica\u00e7\u00e3o em Governan\u00e7a e Gest\u00e3o de Projetos<\/a> <a href=\"https:\/\/goias.gov.br\/escoladegoverno\/categoria\/capacitacao\/modalidade\/cursos-presenciais\/\" rel=\"category tag\">Cursos Presenciais<\/a>","rttpg_excerpt":"(Presencial) \u2013 Capacitar participantes a aplicar a comunica\u00e7\u00e3o estrat\u00e9gica na gest\u00e3o de projetos, fortalecendo a intera\u00e7\u00e3o com stakeholders e equipes para alcan\u00e7ar resultados com efici\u00eancia.","_links":{"self":[{"href":"https:\/\/goias.gov.br\/escoladegoverno\/wp-json\/wp\/v2\/posts\/13848","targetHints":{"allow":["GET"]}}],"collection":[{"href":"https:\/\/goias.gov.br\/escoladegoverno\/wp-json\/wp\/v2\/posts"}],"about":[{"href":"https:\/\/goias.gov.br\/escoladegoverno\/wp-json\/wp\/v2\/types\/post"}],"author":[{"embeddable":true,"href":"https:\/\/goias.gov.br\/escoladegoverno\/wp-json\/wp\/v2\/users\/686"}],"replies":[{"embeddable":true,"href":"https:\/\/goias.gov.br\/escoladegoverno\/wp-json\/wp\/v2\/comments?post=13848"}],"version-history":[{"count":2,"href":"https:\/\/goias.gov.br\/escoladegoverno\/wp-json\/wp\/v2\/posts\/13848\/revisions"}],"predecessor-version":[{"id":15362,"href":"https:\/\/goias.gov.br\/escoladegoverno\/wp-json\/wp\/v2\/posts\/13848\/revisions\/15362"}],"wp:attachment":[{"href":"https:\/\/goias.gov.br\/escoladegoverno\/wp-json\/wp\/v2\/media?parent=13848"}],"wp:term":[{"taxonomy":"category","embeddable":true,"href":"https:\/\/goias.gov.br\/escoladegoverno\/wp-json\/wp\/v2\/categories?post=13848"},{"taxonomy":"post_tag","embeddable":true,"href":"https:\/\/goias.gov.br\/escoladegoverno\/wp-json\/wp\/v2\/tags?post=13848"}],"curies":[{"name":"wp","href":"https:\/\/api.w.org\/{rel}","templated":true}]}}