
{"id":13504,"date":"2025-02-13T10:48:03","date_gmt":"2025-02-13T13:48:03","guid":{"rendered":"https:\/\/goias.gov.br\/escoladegoverno\/?p=13504"},"modified":"2025-02-13T10:49:22","modified_gmt":"2025-02-13T13:49:22","slug":"novidades-pequilab-2025","status":"publish","type":"post","link":"https:\/\/goias.gov.br\/escoladegoverno\/novidades-pequilab-2025\/","title":{"rendered":"Novidades PequiLab 2025"},"content":{"rendered":"\n<p>O PequiLab trouxe algumas novidades para sua grade neste semestre a partir das demandas apontadas pelos \u00f3rg\u00e3os e entidades no LNC 2024 (Levantamento de Necessidades de Capacita\u00e7\u00e3o), e a partir do mapeamento de lacunas e desejos daqueles que passaram pelo laborat\u00f3rio ao longo de 2024. Tem novidade para diferentes perfis, necessidades e interesses. Olha s\u00f3:<\/p>\n\n\n\n<p><strong>F5 na Lideran\u00e7a<\/strong><\/p>\n\n\n\n<div class=\"wp-block-media-text is-stacked-on-mobile\"><figure class=\"wp-block-media-text__media\"><img fetchpriority=\"high\" decoding=\"async\" width=\"911\" height=\"1024\" src=\"https:\/\/goias.gov.br\/escoladegoverno\/wp-content\/uploads\/sites\/28\/2025\/02\/Novidades-48-911x1024.jpg\" alt=\"\" class=\"wp-image-13510 size-full\" srcset=\"https:\/\/goias.gov.br\/escoladegoverno\/wp-content\/uploads\/sites\/28\/2025\/02\/Novidades-48-911x1024.jpg 911w, https:\/\/goias.gov.br\/escoladegoverno\/wp-content\/uploads\/sites\/28\/2025\/02\/Novidades-48-267x300.jpg 267w, https:\/\/goias.gov.br\/escoladegoverno\/wp-content\/uploads\/sites\/28\/2025\/02\/Novidades-48-768x863.jpg 768w, https:\/\/goias.gov.br\/escoladegoverno\/wp-content\/uploads\/sites\/28\/2025\/02\/Novidades-48.jpg 1080w\" sizes=\"(max-width: 911px) 100vw, 911px\" \/><\/figure><div class=\"wp-block-media-text__content\">\n<p>A partir do LiderA\u00e7\u00e3o foi mapeada uma lacuna e percebida uma demanda e interesse dos participantes do programa em manter um desenvolvimento cont\u00ednuo na tem\u00e1tica. Assim, a partir de mar\u00e7o, teremos o F5 na Lideran\u00e7a \u2013 uma s\u00e9rie de encontros pensados para discutir aspectos e desafios da lideran\u00e7a para que possamos desenvolver essa compet\u00eancia e ampliar o repert\u00f3rio para liderar com mais clareza, empatia e confian\u00e7a. Afinal, lideran\u00e7a \u00e9 um tema que n\u00e3o se esgota, ent\u00e3o \u00e9 importante dar um F5 de vez em quando.<\/p>\n\n\n\n<p>Os encontros ser\u00e3o mensais, com dura\u00e7\u00e3o de mais ou menos 4h, sempre pela manh\u00e3, com formato que inclua conte\u00fado, din\u00e2micas, compartilhamentos e casos pr\u00e1ticos, inspirados no formato dos encontros da Mentoria entre Pares.<\/p>\n<\/div><\/div>\n\n\n\n<p>Para quem \u00e9? Preferencialmente, gerentes, superintendentes, diretores executivos e subsecret\u00e1rios que j\u00e1 participaram do LiderA\u00e7\u00e3o.<\/p>\n\n\n\n<p>Inscri\u00e7\u00f5es abertas no <a href=\"https:\/\/sgc.escoladegoverno.go.gov.br\/\">Portal do Aluno<\/a> para o primeiro encontro&nbsp; <strong>Os grandes desafios de liderar<\/strong>, dia 21\/03, \u00e0s 08:00h.<\/p>\n\n\n\n<p><strong>Leitura Executiva<\/strong><\/p>\n\n\n\n<div class=\"wp-block-media-text is-stacked-on-mobile\"><figure class=\"wp-block-media-text__media\"><img decoding=\"async\" width=\"1024\" height=\"1024\" src=\"https:\/\/goias.gov.br\/escoladegoverno\/wp-content\/uploads\/sites\/28\/2025\/02\/Leitura-1024x1024.jpg\" alt=\"\" class=\"wp-image-13511 size-full\" srcset=\"https:\/\/goias.gov.br\/escoladegoverno\/wp-content\/uploads\/sites\/28\/2025\/02\/Leitura-1024x1024.jpg 1024w, https:\/\/goias.gov.br\/escoladegoverno\/wp-content\/uploads\/sites\/28\/2025\/02\/Leitura-300x300.jpg 300w, https:\/\/goias.gov.br\/escoladegoverno\/wp-content\/uploads\/sites\/28\/2025\/02\/Leitura-150x150.jpg 150w, https:\/\/goias.gov.br\/escoladegoverno\/wp-content\/uploads\/sites\/28\/2025\/02\/Leitura-768x768.jpg 768w, https:\/\/goias.gov.br\/escoladegoverno\/wp-content\/uploads\/sites\/28\/2025\/02\/Leitura.jpg 1080w\" sizes=\"(max-width: 1024px) 100vw, 1024px\" \/><\/figure><div class=\"wp-block-media-text__content\">\n<p>Os grupos de leitura executiva tem crescido muito nos \u00faltimos anos como forma de aprendizado em grupo atrav\u00e9s da leitura dirigida e comentada.<\/p>\n\n\n\n<p class=\"has-text-align-left\">Os encontros devem ocorrer em formato de roda de conversa, para discutir aspectos e conceitos relevantes dos textos selecionados, permitindo aprender a partir da perspectiva do outro e compartilhar impress\u00f5es e d\u00favidas.&nbsp;<\/p>\n\n\n\n<p class=\"has-text-align-left\">Para quem \u00e9? Todos aqueles que se interessarem pelo tema do m\u00eas e estejam dispostos e abertos a se desenvolver e compartilhar conhecimento.<\/p>\n<\/div><\/div>\n\n\n\n<p class=\"has-text-align-left\"><\/p>\n\n\n\n<p>Inscri\u00e7\u00f5es abertas no <a href=\"https:\/\/sgc.escoladegoverno.go.gov.br\/\">Portal do Aluno<\/a> para o encontro de mar\u00e7o, 28\/03. Os inscritos receberam a leitura indicada assim que se inscreverem e um lembrete uma semana antes do encontro.<\/p>\n\n\n\n<p><strong>Trilhas de Aprendizagem<\/strong><\/p>\n\n\n\n<p>Trilhas s\u00e3o percursos de aprendizagem pensados para desenvolver habilidades e compet\u00eancias ao longo de oficinas e encontros tem\u00e1ticos. Ao percorrer a trilha com a mesma turma, potencializa as trocas e aprendizado de grupo. Considerando o escopo de atua\u00e7\u00e3o do PequiLab e as demandas apontadas pelos \u00f3rg\u00e3os no LNC (Levantamento de Necessidades de Capacita\u00e7\u00e3o) 2024, montamos duas trilhas tem\u00e1ticas:<\/p>\n\n\n\n<div class=\"wp-block-group is-nowrap is-layout-flex wp-container-core-group-is-layout-ad2f72ca wp-block-group-is-layout-flex\">\n<figure class=\"wp-block-image size-large\"><img decoding=\"async\" width=\"1024\" height=\"1024\" src=\"https:\/\/goias.gov.br\/escoladegoverno\/wp-content\/uploads\/sites\/28\/2025\/02\/Novidades-22-1024x1024.jpg\" alt=\"\" class=\"wp-image-13512\" srcset=\"https:\/\/goias.gov.br\/escoladegoverno\/wp-content\/uploads\/sites\/28\/2025\/02\/Novidades-22-1024x1024.jpg 1024w, https:\/\/goias.gov.br\/escoladegoverno\/wp-content\/uploads\/sites\/28\/2025\/02\/Novidades-22-300x300.jpg 300w, https:\/\/goias.gov.br\/escoladegoverno\/wp-content\/uploads\/sites\/28\/2025\/02\/Novidades-22-150x150.jpg 150w, https:\/\/goias.gov.br\/escoladegoverno\/wp-content\/uploads\/sites\/28\/2025\/02\/Novidades-22-768x768.jpg 768w, https:\/\/goias.gov.br\/escoladegoverno\/wp-content\/uploads\/sites\/28\/2025\/02\/Novidades-22.jpg 1080w\" sizes=\"(max-width: 1024px) 100vw, 1024px\" \/><\/figure>\n\n\n\n<figure class=\"wp-block-image size-large\"><img loading=\"lazy\" decoding=\"async\" width=\"1024\" height=\"1024\" src=\"https:\/\/goias.gov.br\/escoladegoverno\/wp-content\/uploads\/sites\/28\/2025\/02\/Novidades-33-1024x1024.jpg\" alt=\"\" class=\"wp-image-13513\" srcset=\"https:\/\/goias.gov.br\/escoladegoverno\/wp-content\/uploads\/sites\/28\/2025\/02\/Novidades-33-1024x1024.jpg 1024w, https:\/\/goias.gov.br\/escoladegoverno\/wp-content\/uploads\/sites\/28\/2025\/02\/Novidades-33-300x300.jpg 300w, https:\/\/goias.gov.br\/escoladegoverno\/wp-content\/uploads\/sites\/28\/2025\/02\/Novidades-33-150x150.jpg 150w, https:\/\/goias.gov.br\/escoladegoverno\/wp-content\/uploads\/sites\/28\/2025\/02\/Novidades-33-768x768.jpg 768w, https:\/\/goias.gov.br\/escoladegoverno\/wp-content\/uploads\/sites\/28\/2025\/02\/Novidades-33.jpg 1080w\" sizes=\"(max-width: 1024px) 100vw, 1024px\" \/><\/figure>\n<\/div>\n\n\n\n<p><strong>Mente Aberta<\/strong> \u2013 desenvolver mentalidade e perfil inovadores nos servidores, com os seguintes encontros e temas:<\/p>\n\n\n\n<p>Desaprender para ir al\u00e9m &#8211; 11\/03<\/p>\n\n\n\n<p>Compreender pessoas para inovar &#8211; 08\/04<\/p>\n\n\n\n<p>Estrat\u00e9gias para Diversidade e Inclus\u00e3o&nbsp; &#8211; 06\/05<\/p>\n\n\n\n<p>&nbsp;Masterclass* &#8211; 30\/05<\/p>\n\n\n\n<p>&nbsp;Agenda 2030 &#8211; 10\/06<\/p>\n\n\n\n<p>&nbsp;Design Thinking &#8211; 01\/07<\/p>\n\n\n\n<p><strong>Mente Leve<\/strong> \u2013 propiciar autoconhecimento e desenvolvimento pessoal, com os seguintes encontros e temas:<\/p>\n\n\n\n<p>Mundo BANI &#8211; Porqu\u00ea o mundo atual nos adoece?&nbsp; &#8211; 25\/03<\/p>\n\n\n\n<p>&nbsp;Quem sou eu? As personalidades MBTI &#8211; 22\/04<\/p>\n\n\n\n<p>&nbsp;Desaprender para ir al\u00e9m &#8211; 20\/05<\/p>\n\n\n\n<p>&nbsp;Masterclass* &#8211; 30\/05&nbsp;<\/p>\n\n\n\n<p>&nbsp;Teoria U &#8211; 24\/06<\/p>\n\n\n\n<p>&nbsp;Criatividade &#8211; 08\/07<\/p>\n\n\n\n<p>* A Masterclass ser\u00e1 um evento especial, em formato inovador, pensado para promover integra\u00e7\u00e3o e conex\u00e3o entre as turmas, criando um ponto de encontro entre as Trilhas, com conte\u00fado que fa\u00e7a sentido para ambas.<\/p>\n\n\n\n<p>Entre os encontros, haver\u00e1 atividades para que os participantes possam manter o tema reverberando e potencializar o aprendizado praticando.<\/p>\n\n\n\n<p>Para quem s\u00e3o as trilhas? Para todos aqueles que queiram ou precisem desenvolver algum dos perfis. Inscri\u00e7\u00f5es abertas no <a href=\"https:\/\/sgc.escoladegoverno.go.gov.br\/\">Portal do Aluno<\/a>.&nbsp;<\/p>\n\n\n\n<p>Inscreva-se, divulgue e incentive seus servidores a participar.<\/p>\n\n\n\n<figure class=\"wp-block-image size-large\"><img loading=\"lazy\" decoding=\"async\" width=\"984\" height=\"1024\" src=\"https:\/\/goias.gov.br\/escoladegoverno\/wp-content\/uploads\/sites\/28\/2025\/02\/Novidades-56-984x1024.jpg\" alt=\"\" class=\"wp-image-13515\" srcset=\"https:\/\/goias.gov.br\/escoladegoverno\/wp-content\/uploads\/sites\/28\/2025\/02\/Novidades-56-984x1024.jpg 984w, https:\/\/goias.gov.br\/escoladegoverno\/wp-content\/uploads\/sites\/28\/2025\/02\/Novidades-56-288x300.jpg 288w, https:\/\/goias.gov.br\/escoladegoverno\/wp-content\/uploads\/sites\/28\/2025\/02\/Novidades-56-768x799.jpg 768w, https:\/\/goias.gov.br\/escoladegoverno\/wp-content\/uploads\/sites\/28\/2025\/02\/Novidades-56.jpg 1080w\" sizes=\"(max-width: 984px) 100vw, 984px\" \/><\/figure>\n","protected":false},"excerpt":{"rendered":"<p>O PequiLab trouxe algumas novidades para sua grade neste semestre a partir das demandas apontadas pelos \u00f3rg\u00e3os e entidades no LNC 2024 (Levantamento de Necessidades de Capacita\u00e7\u00e3o), e a partir do mapeamento de lacunas e desejos daqueles que passaram pelo laborat\u00f3rio ao longo de 2024. Tem novidade para diferentes perfis, necessidades e interesses. Olha s\u00f3: [&hellip;]<\/p>\n","protected":false},"author":178,"featured_media":13514,"comment_status":"closed","ping_status":"open","sticky":false,"template":"","format":"standard","meta":{"footnotes":""},"categories":[106,3],"tags":[],"class_list":["post-13504","post","type-post","status-publish","format-standard","has-post-thumbnail","hentry","category-blog-pequilab","category-noticias"],"rttpg_featured_image_url":{"full":["https:\/\/goias.gov.br\/escoladegoverno\/wp-content\/uploads\/sites\/28\/2025\/02\/Novidades-15.jpg",1080,1218,false],"landscape":["https:\/\/goias.gov.br\/escoladegoverno\/wp-content\/uploads\/sites\/28\/2025\/02\/Novidades-15.jpg",1080,1218,false],"portraits":["https:\/\/goias.gov.br\/escoladegoverno\/wp-content\/uploads\/sites\/28\/2025\/02\/Novidades-15.jpg",1080,1218,false],"thumbnail":["https:\/\/goias.gov.br\/escoladegoverno\/wp-content\/uploads\/sites\/28\/2025\/02\/Novidades-15-150x150.jpg",150,150,true],"medium":["https:\/\/goias.gov.br\/escoladegoverno\/wp-content\/uploads\/sites\/28\/2025\/02\/Novidades-15-266x300.jpg",266,300,true],"large":["https:\/\/goias.gov.br\/escoladegoverno\/wp-content\/uploads\/sites\/28\/2025\/02\/Novidades-15-908x1024.jpg",908,1024,true],"1536x1536":["https:\/\/goias.gov.br\/escoladegoverno\/wp-content\/uploads\/sites\/28\/2025\/02\/Novidades-15.jpg",1080,1218,false],"2048x2048":["https:\/\/goias.gov.br\/escoladegoverno\/wp-content\/uploads\/sites\/28\/2025\/02\/Novidades-15.jpg",1080,1218,false]},"rttpg_author":{"display_name":"marilenecaldas","author_link":"https:\/\/goias.gov.br\/escoladegoverno\/author\/marilenecaldas\/"},"rttpg_comment":0,"rttpg_category":"<a href=\"https:\/\/goias.gov.br\/escoladegoverno\/categoria\/inovacao\/pequilab\/blog-pequilab\/\" rel=\"category tag\">Blog Pequilab<\/a> <a href=\"https:\/\/goias.gov.br\/escoladegoverno\/categoria\/noticias\/\" rel=\"category tag\">Not\u00edcias<\/a>","rttpg_excerpt":"O PequiLab trouxe algumas novidades para sua grade neste semestre a partir das demandas apontadas pelos \u00f3rg\u00e3os e entidades no LNC 2024 (Levantamento de Necessidades de Capacita\u00e7\u00e3o), e a partir do mapeamento de lacunas e desejos daqueles que passaram pelo laborat\u00f3rio ao longo de 2024. Tem novidade para diferentes perfis, necessidades e interesses. Olha s\u00f3:&hellip;","_links":{"self":[{"href":"https:\/\/goias.gov.br\/escoladegoverno\/wp-json\/wp\/v2\/posts\/13504","targetHints":{"allow":["GET"]}}],"collection":[{"href":"https:\/\/goias.gov.br\/escoladegoverno\/wp-json\/wp\/v2\/posts"}],"about":[{"href":"https:\/\/goias.gov.br\/escoladegoverno\/wp-json\/wp\/v2\/types\/post"}],"author":[{"embeddable":true,"href":"https:\/\/goias.gov.br\/escoladegoverno\/wp-json\/wp\/v2\/users\/178"}],"replies":[{"embeddable":true,"href":"https:\/\/goias.gov.br\/escoladegoverno\/wp-json\/wp\/v2\/comments?post=13504"}],"version-history":[{"count":2,"href":"https:\/\/goias.gov.br\/escoladegoverno\/wp-json\/wp\/v2\/posts\/13504\/revisions"}],"predecessor-version":[{"id":14358,"href":"https:\/\/goias.gov.br\/escoladegoverno\/wp-json\/wp\/v2\/posts\/13504\/revisions\/14358"}],"wp:featuredmedia":[{"embeddable":true,"href":"https:\/\/goias.gov.br\/escoladegoverno\/wp-json\/wp\/v2\/media\/13514"}],"wp:attachment":[{"href":"https:\/\/goias.gov.br\/escoladegoverno\/wp-json\/wp\/v2\/media?parent=13504"}],"wp:term":[{"taxonomy":"category","embeddable":true,"href":"https:\/\/goias.gov.br\/escoladegoverno\/wp-json\/wp\/v2\/categories?post=13504"},{"taxonomy":"post_tag","embeddable":true,"href":"https:\/\/goias.gov.br\/escoladegoverno\/wp-json\/wp\/v2\/tags?post=13504"}],"curies":[{"name":"wp","href":"https:\/\/api.w.org\/{rel}","templated":true}]}}