
{"id":13434,"date":"2025-02-04T14:21:31","date_gmt":"2025-02-04T17:21:31","guid":{"rendered":"https:\/\/goias.gov.br\/escoladegoverno\/?p=13434"},"modified":"2026-03-25T11:20:15","modified_gmt":"2026-03-25T14:20:15","slug":"oficina-pequilab-desafios-geracionais","status":"publish","type":"post","link":"https:\/\/goias.gov.br\/escoladegoverno\/oficina-pequilab-desafios-geracionais\/","title":{"rendered":"Oficina PequiLab: Desafios Geracionais"},"content":{"rendered":"\n<div class=\"wp-block-columns alignwide are-vertically-aligned-center is-layout-flex wp-container-core-columns-is-layout-9d6595d7 wp-block-columns-is-layout-flex\">\n<div class=\"wp-block-column is-vertically-aligned-center is-layout-flow wp-block-column-is-layout-flow\" style=\"flex-basis:30%\">\n<div class=\"wp-block-buttons is-layout-flex wp-container-core-buttons-is-layout-a74382ec wp-block-buttons-is-layout-flex\">\n<div class=\"wp-block-button has-custom-width wp-block-button__width-100 is-style-outline is-style-outline--1\"><a class=\"wp-block-button__link has-white-background-color has-text-color has-background has-link-color has-text-align-center wp-element-button\" href=\"https:\/\/sgc.escoladegoverno.go.gov.br\/\" style=\"color:#1d7e5e\" target=\"_blank\" rel=\"noreferrer noopener\">Inscri\u00e7\u00f5es Indispon\u00edveis<\/a><\/div>\n<\/div>\n<\/div>\n\n\n\n<div class=\"wp-block-column is-vertically-aligned-center is-layout-flow wp-block-column-is-layout-flow\" style=\"flex-basis:30%\"><div class=\"wp-block-image\">\n<figure class=\"alignleft size-full\"><img decoding=\"async\" width=\"212\" height=\"41\" src=\"https:\/\/goias.gov.br\/escoladegoverno\/wp-content\/uploads\/sites\/28\/2024\/04\/Presencial-2-2.png\" alt=\"\" class=\"wp-image-9438\" style=\"object-fit:cover\"\/><\/figure>\n<\/div><\/div>\n<\/div>\n\n\n\n<p><strong>Data de Inscri\u00e7\u00e3o:<\/strong>\u00a0Em  breve&#8230;<\/p>\n\n\n\n<p><strong>Data de Realiza\u00e7\u00e3o:<\/strong>\u00a0Em breve&#8230;<\/p>\n\n\n\n<p><strong>Hor\u00e1rio:<\/strong>\u00a0Em breve&#8230;<\/p>\n\n\n\n<p><strong>Modalidade:<\/strong>&nbsp;Presencial na Escola de Governo<\/p>\n\n\n\n<p><strong>Carga hor\u00e1ria<\/strong>: 4 horas<\/p>\n\n\n\n<p><strong>Instrutora<\/strong>: Keity Bonatti<\/p>\n\n\n\n<p><strong>Objetivo\/resumo do curso:<\/strong><\/p>\n\n\n\n<ul class=\"wp-block-list\">\n<li>A Oficina tem como objetivo equipar os participantes com conhecimentos e habilidades para conhecer, compreender e lidar com os diversos tipos de gera\u00e7\u00f5es (e seus valores, caracter\u00edsticas, comportamentos e curiosidades) bem como a lidar com os conflitos geracionais no ambiente de trabalho e em outros contextos, promovendo uma cultura de respeito, colabora\u00e7\u00e3o e sinergia entre diferentes gera\u00e7\u00f5es.<\/li>\n<\/ul>\n\n\n\n<p><strong>Pr\u00e9-requisito:&nbsp;<\/strong>Possuir v\u00ednculo ativo com o Estado (Servidor P\u00fablico ou Tempor\u00e1rio)<\/p>\n\n\n\n<p><strong>Conte\u00fado program\u00e1tico:<\/strong><\/p>\n\n\n\n<ul class=\"wp-block-list\">\n<li>Gera\u00e7\u00f5es: Gera\u00e7\u00e3o baby boomers, X, Y e Z e seus valores, caracter\u00edsticas, comportamentos, curiosidades e fatos em geral.<\/li>\n\n\n\n<li>Por que estudar as gera\u00e7\u00f5es?<\/li>\n\n\n\n<li>Estudo de caso de conflito geracional no trabalho.<\/li>\n\n\n\n<li>Gera\u00e7\u00f5es no Poder Executivo do Estado de Goi\u00e1s.<\/li>\n<\/ul>\n","protected":false},"excerpt":{"rendered":"<p>(Presencial) &#8211; A oficina visa capacitar os participantes para compreender e gerenciar as diferen\u00e7as geracionais, promovendo respeito, colabora\u00e7\u00e3o e sinergia no ambiente de trabalho e outros contextos.<\/p>\n","protected":false},"author":178,"featured_media":0,"comment_status":"closed","ping_status":"open","sticky":false,"template":"","format":"standard","meta":{"footnotes":""},"categories":[98],"tags":[],"class_list":["post-13434","post","type-post","status-publish","format-standard","hentry","category-area-oficinas-pequilab"],"rttpg_featured_image_url":null,"rttpg_author":{"display_name":"marilenecaldas","author_link":"https:\/\/goias.gov.br\/escoladegoverno\/author\/marilenecaldas\/"},"rttpg_comment":0,"rttpg_category":"<a href=\"https:\/\/goias.gov.br\/escoladegoverno\/categoria\/capacitacao\/areas-cursos\/area-oficinas-pequilab\/\" rel=\"category tag\">Oficinas PequiLab<\/a>","rttpg_excerpt":"(Presencial) - A oficina visa capacitar os participantes para compreender e gerenciar as diferen\u00e7as geracionais, promovendo respeito, colabora\u00e7\u00e3o e sinergia no ambiente de trabalho e outros contextos.","_links":{"self":[{"href":"https:\/\/goias.gov.br\/escoladegoverno\/wp-json\/wp\/v2\/posts\/13434","targetHints":{"allow":["GET"]}}],"collection":[{"href":"https:\/\/goias.gov.br\/escoladegoverno\/wp-json\/wp\/v2\/posts"}],"about":[{"href":"https:\/\/goias.gov.br\/escoladegoverno\/wp-json\/wp\/v2\/types\/post"}],"author":[{"embeddable":true,"href":"https:\/\/goias.gov.br\/escoladegoverno\/wp-json\/wp\/v2\/users\/178"}],"replies":[{"embeddable":true,"href":"https:\/\/goias.gov.br\/escoladegoverno\/wp-json\/wp\/v2\/comments?post=13434"}],"version-history":[{"count":2,"href":"https:\/\/goias.gov.br\/escoladegoverno\/wp-json\/wp\/v2\/posts\/13434\/revisions"}],"predecessor-version":[{"id":16441,"href":"https:\/\/goias.gov.br\/escoladegoverno\/wp-json\/wp\/v2\/posts\/13434\/revisions\/16441"}],"wp:attachment":[{"href":"https:\/\/goias.gov.br\/escoladegoverno\/wp-json\/wp\/v2\/media?parent=13434"}],"wp:term":[{"taxonomy":"category","embeddable":true,"href":"https:\/\/goias.gov.br\/escoladegoverno\/wp-json\/wp\/v2\/categories?post=13434"},{"taxonomy":"post_tag","embeddable":true,"href":"https:\/\/goias.gov.br\/escoladegoverno\/wp-json\/wp\/v2\/tags?post=13434"}],"curies":[{"name":"wp","href":"https:\/\/api.w.org\/{rel}","templated":true}]}}