
{"id":1219,"date":"2015-04-27T14:04:56","date_gmt":"2015-04-27T17:04:56","guid":{"rendered":"https:\/\/siteshom.goias.gov.br\/escoladegoverno\/graduacao-gestao-publica-2013\/"},"modified":"2015-04-27T14:04:56","modified_gmt":"2015-04-27T17:04:56","slug":"graduacao-gestao-publica-2013","status":"publish","type":"post","link":"https:\/\/goias.gov.br\/escoladegoverno\/graduacao-gestao-publica-2013\/","title":{"rendered":"Gradua\u00e7\u00e3o Gest\u00e3o Publica 2013"},"content":{"rendered":"<p><!DOCTYPE html PUBLIC \"-\/\/W3C\/\/DTD HTML 4.0 Transitional\/\/EN\" \"http:\/\/www.w3.org\/TR\/REC-html40\/loose.dtd\"><br \/>\n<html><body><\/p>\n<div id=\"texto\">\n<p><span style=\"color: #000000;\"><em>CURSO SUPERIOR DE TECNOLOGIA EM GEST&Atilde;O P&Uacute;BLICA &#8211; <\/em><span style=\"text-decoration: underline;\">conclu&iacute;do<\/span>:<\/span><\/p>\n<p>12\/01\/2015 &#8211; <a href=\"http:\/\/goias.gov.br\/escoladegoverno\/wp-content\/uploads\/sites\/28\/2015\/04\/comunicado-02_comprovacao-vinculo-funcional_graduacao-4fb.pdf\" target=\"_blank\" rel=\"noopener\"><strong><\/strong><strong><span style=\"color: #000000;\"><span style=\"color: #000000;\">Comunicado 02 &#8211; Comprova&ccedil;&atilde;o de v&iacute;nculo funcional<\/span><\/span><\/strong><\/a>&nbsp;&nbsp; <\/p>\n<p>01\/10\/2013 &#8211; <strong><\/strong><a href=\"http:\/\/goias.gov.br\/escoladegoverno\/wp-content\/uploads\/sites\/28\/2015\/04\/comunicado-01_inicio-aulas-diasehorarios_-7c0.pdf\" target=\"_blank\" rel=\"noopener\"><strong><span style=\"color: #000000;\"><span style=\"color: #000000;\">Comunicado 01 &#8211; In&iacute;cio das Aulas<\/span><\/span><\/strong><\/a><\/p>\n<p>27\/09\/2013 &#8211; <strong><\/strong><a href=\"http:\/\/goias.gov.br\/escoladegoverno\/wp-content\/uploads\/sites\/28\/2015\/04\/convite-aula-inaugural-grad-gestao-publica-site-a80.pdf\" target=\"_blank\" rel=\"noopener\"><strong><span style=\"color: #000000;\"><span style=\"color: #000000;\">Convite Aula Inaugural<\/span><\/span><\/strong><\/a><\/p>\n<p>03\/09\/2013 &#8211; <strong><span style=\"color: #000000;\"><a href=\"http:\/\/goias.gov.br\/escoladegoverno\/wp-content\/uploads\/sites\/28\/2015\/04\/17.-matriz-curricular-graduacao-gestao-publica-03c.pdf\" target=\"_blank\" rel=\"noopener\"><span style=\"color: #000000;\">Matriz Curricular<\/span><\/a><\/span><\/strong><\/p>\n<p><span style=\"color: #000000;\"><\/p>\n<p>PROCESSO SELETIVO para o <em>CURSO SUPERIOR DE TECNOLOGIA EM GEST&Atilde;O P&Uacute;BLICA<\/em><em style=\"color: #000000;\"><\/em> &#8211; <span style=\"text-decoration: underline;\">encerrado<\/span>:<\/span><\/p>\n<p>11\/10\/2013 &#8211; <a href=\"http:\/\/goias.gov.br\/escoladegoverno\/wp-content\/uploads\/sites\/28\/2015\/04\/22.-edital_042-7a5.pdf\" target=\"_blank\" rel=\"noopener\"><strong><span style=\"color: #000000;\">Edital n.042\/2013 &#8211; 7&ordf; Chamada Processo Seletivo para Curso Superior de Tecnologia em Gest&atilde;o P&uacute;blica<\/span><\/strong><strong><\/strong><\/a><strong><span style=\"color: #000000;\"><br \/>&nbsp;&nbsp;&nbsp;&nbsp;&nbsp;&nbsp;&nbsp;&nbsp;&nbsp;&nbsp;&nbsp;&nbsp;&nbsp;&nbsp;&nbsp;&nbsp;&nbsp;&nbsp; <\/span><\/strong><strong><\/strong><a href=\"http:\/\/goias.gov.br\/escoladegoverno\/wp-content\/uploads\/sites\/28\/2015\/04\/22.-edital_042-7a5.pdf\" target=\"_blank\" rel=\"noopener\"><strong><span style=\"color: #000000;\">Parceria SEGPLAN \/SUPEG &ndash; UEG<\/span><\/strong><\/a><\/p>\n<p>02\/10\/2013 &#8211; <a href=\"http:\/\/goias.gov.br\/escoladegoverno\/wp-content\/uploads\/sites\/28\/2015\/04\/21.-edital_041-6e6.pdf\" target=\"_blank\" rel=\"noopener\"><strong><span style=\"color: #000000;\">Edital n.041\/2013 &#8211; 6&ordf; Chamada Processo Seletivo para Curso Superior de Tecnologia em Gest&atilde;o P&uacute;blica<\/span><\/strong><\/a><strong><\/strong><strong><span style=\"color: #000000;\"><br \/>&nbsp;&nbsp;&nbsp;&nbsp;&nbsp;&nbsp;&nbsp;&nbsp;&nbsp;&nbsp;&nbsp;&nbsp;&nbsp;&nbsp;&nbsp;&nbsp;&nbsp;&nbsp; <\/span><\/strong><strong><\/strong><a href=\"http:\/\/goias.gov.br\/escoladegoverno\/wp-content\/uploads\/sites\/28\/2015\/04\/21.-edital_041-6e6.pdf\" target=\"_blank\" rel=\"noopener\"><strong><span style=\"color: #000000;\">Parceria SEGPLAN \/SUPEG &ndash; UEG<\/span><\/strong><\/a><\/p>\n<p>27\/09\/2013 &#8211; <a href=\"http:\/\/goias.gov.br\/escoladegoverno\/wp-content\/uploads\/sites\/28\/2015\/04\/20.-edital_040-b3c.pdf\" target=\"_blank\" rel=\"noopener\"><strong><span style=\"color: #000000;\">Edital n.040\/2013 &#8211; 5&ordf; Chamada Processo Seletivo para Curso Superior de Tecnologia em Gest&atilde;o P&uacute;blica<\/span><\/strong><strong><\/strong><\/a><strong><span style=\"color: #000000;\"><br \/>&nbsp;&nbsp;&nbsp;&nbsp;&nbsp;&nbsp;&nbsp;&nbsp;&nbsp;&nbsp;&nbsp;&nbsp;&nbsp;&nbsp;&nbsp;&nbsp;&nbsp;&nbsp; <\/span><\/strong><strong><\/strong><a href=\"http:\/\/goias.gov.br\/escoladegoverno\/wp-content\/uploads\/sites\/28\/2015\/04\/20.-edital_040-b3c.pdf\" target=\"_blank\" rel=\"noopener\"><strong><span style=\"color: #000000;\">Parceria SEGPLAN \/SUPEG &ndash; UEG<\/span><\/strong><\/a><\/p>\n<p>23\/09\/2013 &#8211; <a href=\"http:\/\/goias.gov.br\/escoladegoverno\/wp-content\/uploads\/sites\/28\/2015\/04\/19.-edital_039-28e.pdf\" target=\"_blank\" rel=\"noopener\"><strong><span style=\"color: #000000;\">Edital n.039\/2013 &#8211; 4&ordf; Chamada Processo Seletivo para Curso Superior de Tecnologia em Gest&atilde;o P&uacute;blica<\/span><\/strong><\/a><strong><\/strong><strong><span style=\"color: #000000;\"><br \/>&nbsp;&nbsp;&nbsp;&nbsp;&nbsp;&nbsp;&nbsp;&nbsp;&nbsp;&nbsp;&nbsp;&nbsp;&nbsp;&nbsp;&nbsp;&nbsp;&nbsp;&nbsp; <\/span><\/strong><strong><\/strong><a href=\"http:\/\/goias.gov.br\/escoladegoverno\/wp-content\/uploads\/sites\/28\/2015\/04\/19.-edital_039-28e.pdf\" target=\"_blank\" rel=\"noopener\"><strong><span style=\"color: #000000;\">Parceria SEGPLAN \/SUPEG &ndash; UEG<\/span><\/strong><\/a><\/p>\n<p>17\/09\/2013 &#8211; <a href=\"http:\/\/goias.gov.br\/escoladegoverno\/wp-content\/uploads\/sites\/28\/2015\/04\/18.-edital_037-107.pdf\" target=\"_blank\" rel=\"noopener\"><strong><span style=\"color: #000000;\">Edital n.037\/2013 &#8211; 3&ordf; Chamada Processo Seletivo para Curso Superior de Tecnologia em Gest&atilde;o P&uacute;blica<\/span><\/strong><\/a><strong><span style=\"color: #000000;\"><br \/>&nbsp;&nbsp;&nbsp;&nbsp;&nbsp;&nbsp;&nbsp;&nbsp;&nbsp;&nbsp;&nbsp;&nbsp;&nbsp;&nbsp;&nbsp;&nbsp;&nbsp;&nbsp; <\/span><\/strong><a href=\"http:\/\/goias.gov.br\/escoladegoverno\/wp-content\/uploads\/sites\/28\/2015\/04\/18.-edital_037-107.pdf\" target=\"_blank\" rel=\"noopener\"><strong><span style=\"color: #000000;\">Parceria SEGPLAN \/SUPEG &ndash; UEG<\/span><\/strong><\/a><\/p>\n<p>10\/09\/2013 &#8211; <a href=\"http:\/\/goias.gov.br\/escoladegoverno\/wp-content\/uploads\/sites\/28\/2015\/04\/17.-edital_036-eb9.pdf\" target=\"_blank\" rel=\"noopener\"><strong><span style=\"color: #000000;\">Edital n.036\/2013 &#8211; 2&ordf; Chamada Processo Seletivo para Curso Superior de Tecnologia em Gest&atilde;o P&uacute;blica<\/span><\/strong><\/a><strong><span style=\"color: #000000;\"> <br \/>&nbsp;&nbsp;&nbsp;&nbsp;&nbsp;&nbsp;&nbsp;&nbsp;&nbsp;&nbsp;&nbsp;&nbsp;&nbsp;&nbsp;&nbsp;&nbsp;&nbsp;&nbsp; <\/span><\/strong><a href=\"http:\/\/goias.gov.br\/escoladegoverno\/wp-content\/uploads\/sites\/28\/2015\/04\/17.-edital_036-eb9.pdf\" target=\"_blank\" rel=\"noopener\"><strong><span style=\"color: #000000;\">Parceria SEGPLAN \/SUPEG &ndash; UEG<\/span><\/strong><\/a><\/p>\n<p>02\/09\/2013 &#8211; <a href=\"http:\/\/goias.gov.br\/escoladegoverno\/wp-content\/uploads\/sites\/28\/2015\/04\/edital_035-48d.pdf\" target=\"_blank\" rel=\"noopener\"><strong><span style=\"color: #000000;\">Edital n.035\/2013 &#8211; 1&ordf; Chamada Processo Seletivo para Curso Superior de Tecnologia em Gest&atilde;o P&uacute;blica<br \/><\/span><\/strong><\/a><strong><span style=\"color: #000000;\">&nbsp;&nbsp;&nbsp;&nbsp;&nbsp;&nbsp;&nbsp;&nbsp;&nbsp;&nbsp;&nbsp;&nbsp;&nbsp;&nbsp;&nbsp;&nbsp;&nbsp;&nbsp; <\/span><\/strong><a href=\"http:\/\/goias.gov.br\/escoladegoverno\/wp-content\/uploads\/sites\/28\/2015\/04\/edital_035-48d.pdf\" target=\"_blank\" rel=\"noopener\"><strong><span style=\"color: #000000;\">Parceria SEGPLAN \/SUPEG &ndash; UEG<\/span><\/strong><\/a><\/p>\n<p>02\/09\/2013 &#8211; <strong><span style=\"color: #000000;\"><a href=\"http:\/\/goias.gov.br\/escoladegoverno\/wp-content\/uploads\/sites\/28\/2015\/04\/termo-de-liberacao-do-servidor-bdb.pdf\" target=\"_blank\" rel=\"noopener\"><span style=\"color: #000000;\">Termo de libera&ccedil;&atilde;o do servidor<\/span><\/a><\/span><\/strong><\/p>\n<p>02\/09\/2013 &#8211; <strong><span style=\"color: #000000;\"><a href=\"http:\/\/goias.gov.br\/escoladegoverno\/wp-content\/uploads\/sites\/28\/2015\/04\/termo-de-compromisso-ca4.pdf\" target=\"_blank\" rel=\"noopener\"><span style=\"color: #000000;\">Termo de compromisso<\/span><\/a><\/span><\/strong><\/p>\n<p>02\/09\/2013 &#8211; <strong><span style=\"color: #000000;\"><a href=\"http:\/\/goias.gov.br\/escoladegoverno\/wp-content\/uploads\/sites\/28\/2015\/04\/ata-de-decisoes-de-recursos-desempenho-individual-ps-gestao-publica-c55.pdf\" target=\"_blank\" rel=\"noopener\"><span style=\"color: #000000;\">Ata de decis&otilde;es de recursos interpostos no desempenho individual<\/span><\/a><\/span><\/strong><\/p>\n<p>02\/09\/2013 &#8211; <strong><span style=\"color: #000000;\"><a href=\"http:\/\/goias.gov.br\/escoladegoverno\/wp-content\/uploads\/sites\/28\/2015\/04\/gabarito-definitivo_gestao-publica-c22.pdf\" target=\"_blank\" rel=\"noopener\"><span style=\"color: #000000;\">Gabarito oficial definitivo &#8211; Ap&oacute;s decis&otilde;es de recursos<\/span><\/a><\/span><\/strong><\/p>\n<p>02\/09\/2013 &#8211; <strong><span style=\"color: #000000;\"><a href=\"http:\/\/goias.gov.br\/escoladegoverno\/wp-content\/uploads\/sites\/28\/2015\/04\/ps-gp-resultado-final-c04.pdf\" target=\"_blank\" rel=\"noopener\"><span style=\"color: #000000;\">Resultado final<\/span><\/a><\/span><\/strong><\/p>\n<p>21\/08\/2013 &#8211; <strong><span style=\"color: #000000;\"><a href=\"http:\/\/goias.gov.br\/escoladegoverno\/wp-content\/uploads\/sites\/28\/2015\/04\/gabarito-oficial_gestao-publica-85e.pdf\" target=\"_blank\" rel=\"noopener\"><span style=\"color: #000000;\">Gabarito oficial definitivo<\/span><\/a><\/span><\/strong><\/p>\n<p>21\/08\/2013 &#8211; <strong><span style=\"color: #000000;\"><a href=\"http:\/\/goias.gov.br\/escoladegoverno\/wp-content\/uploads\/sites\/28\/2015\/04\/ata-de-decisoes-de-recursos-gabarito-oficial-preliminar-ps-gestao-publica-2ee.pdf\" target=\"_blank\" rel=\"noopener\"><span style=\"color: #000000;\">Ata de decis&otilde;es de recursos interpostos no Gabarito Oficial Preliminar<\/span><\/a><\/span><\/strong><\/p>\n<p>12\/08\/2013 &#8211; <strong><span style=\"color: #000000;\"><a href=\"http:\/\/goias.gov.br\/escoladegoverno\/wp-content\/uploads\/sites\/28\/2015\/04\/gabarito-preliminar_gestao-publica-5e3.pdf\" target=\"_blank\" rel=\"noopener\"><span style=\"color: #000000;\">Gabarito Oficial Preliminar<\/span><\/a><\/span><\/strong><\/p>\n<p>06\/08\/2013 &#8211; <strong><span style=\"color: #000000;\"><a href=\"http:\/\/goias.gov.br\/escoladegoverno\/wp-content\/uploads\/sites\/28\/2015\/04\/pss-gp-local-de-prova-af9.pdf\" target=\"_blank\" rel=\"noopener\"><span style=\"color: #000000;\">Local de prova<\/span><\/a><\/span><\/strong><\/p>\n<p>06\/08\/2013 &#8211; <strong><span style=\"color: #000000;\"><a href=\"http:\/\/goias.gov.br\/escoladegoverno\/wp-content\/uploads\/sites\/28\/2015\/04\/pss-gp-resultado-pedidos-de-cond-especial-b68.pdf\" target=\"_blank\" rel=\"noopener\"><span style=\"color: #000000;\">Resultado dos pedidos de condi&ccedil;&atilde;o especial<\/span><\/a><\/span><\/strong><\/p>\n<p>01\/08\/2013 &#8211; <strong><span style=\"color: #000000;\"><a href=\"http:\/\/goias.gov.br\/escoladegoverno\/wp-content\/uploads\/sites\/28\/2015\/04\/ps-gestaopublica-concorrencia-91a.pdf\" target=\"_blank\" rel=\"noopener\"><span style=\"color: #000000;\">Concorr&ecirc;ncia<\/span><\/a><\/span><\/strong><\/p>\n<p>01\/08\/2013 &#8211; <strong><span style=\"color: #000000;\"><a href=\"http:\/\/goias.gov.br\/escoladegoverno\/wp-content\/uploads\/sites\/28\/2015\/04\/ps-gestaopublica-inscricoes_invalidadas-d2d.pdf\" target=\"_blank\" rel=\"noopener\"><span style=\"color: #000000;\">Inscri&ccedil;&otilde;es n&atilde;o validadas<\/span><\/a><\/span><\/strong><\/p>\n<p>15\/07\/2013 &#8211; <strong><span style=\"color: #000000;\"><a href=\"http:\/\/goias.gov.br\/escoladegoverno\/wp-content\/uploads\/sites\/28\/2015\/04\/comunicado-01_comprovacao-vinculo-serv-publ-665.pdf\" target=\"_blank\" rel=\"noopener\"><span style=\"color: #000000;\">Comunicado 01 &#8211; Comprova&ccedil;&atilde;o de v&iacute;nculo com o Servi&ccedil;o P&uacute;blico<\/span><\/a><\/span><\/strong><\/p>\n<p>24\/06\/2013 &#8211; <strong><span style=\"color: #000000;\"><a href=\"http:\/\/goias.gov.br\/escoladegoverno\/wp-content\/uploads\/sites\/28\/2015\/04\/edital-ps-gestao-publica-2013-ueg-segplan-final-revisado-72f.pdf\" target=\"_blank\" rel=\"noopener\"><span style=\"color: #000000;\">Edital de Abertura<\/p>\n<p><\/span><\/a><\/span><\/strong><\/p>\n<p class=\"western\" align=\"JUSTIFY\"><span style=\"color: #000000;\">As publica&ccedil;&otilde;es referentes ao processo seletivo tamb&eacute;m est&atilde;o dispon&iacute;veis <\/span><strong><span style=\"color: #000000;\"><a href=\"http:\/\/www.nucleodeselecao.ueg.br\/web\/index_destaq.asp?principal=desc_procsel-tab.asp?codigo=156&amp;conteudo=procsel_ves.asp\" target=\"_blank\" rel=\"noopener\"><span style=\"color: #000000;\">no site do N&uacute;cleo de Sele&ccedil;&atilde;o da UEG<\/span><\/a><\/span><span style=\"color: #000000;\">, <\/span><\/strong><span style=\"color: #000000;\">exceto os <\/span><span style=\"color: #000000;\">Editais n.035\/2013, n.036\/2013<\/span><span style=\"color: #000000;\">, <span style=\"color: #000000;\">n.037\/2013,&nbsp; n.039\/2013, n.040\/2013, n.041\/2013<\/span> e n.042\/2013 que se referem a convoca&ccedil;&otilde;es para cadastramento e matr&iacute;cula dos candidatos classificados em 1&ordf;, 2&ordf;, 3&ordf;, 4&ordf;, 5&ordf;, 6&ordf; e 7&ordf; chamada respectivamente. Os <\/span><span style=\"color: #000000;\">Editais<\/span><span style=\"color: #000000;\"> est&atilde;o dispon&iacute;veis <\/span><span style=\"color: #000000;\"><strong><a href=\"http:\/\/www.ueg.br\/conteudo\/674?aplicativo=consulta_graduacao&amp;funcao=lista_tipo_doc_graduacao&amp;variavel=1&amp;ano=2013\" target=\"_blank\" rel=\"noopener\"><span style=\"color: #000000;\">no site da UEG &#8211; link Editais da Gradua&ccedil;&atilde;o &#8211; 2013<\/span><\/a><\/strong><\/span>.<\/p>\n<p>PROVAS<br \/>&nbsp;&raquo;&nbsp; <strong><span style=\"color: #000000;\"><a href=\"http:\/\/goias.gov.br\/escoladegoverno\/wp-content\/uploads\/sites\/28\/2015\/04\/caderno-de-provas_gestao-publica-a8b.pdf\" target=\"_blank\" rel=\"noopener\"><span style=\"color: #000000;\">Caderno de provas &#8211; Objetiva e de Reda&ccedil;&atilde;o<\/span><\/a><\/span><\/strong><strong><a href=\"http:\/\/goias.gov.br\/escoladegoverno\/wp-content\/uploads\/sites\/28\/2015\/04\/caderno-de-provas_gestao-publica-a8b.pdf\" target=\"_blank\" rel=\"noopener\"><span style=\"color: #000000;\"><br \/><\/span><\/a><\/strong><\/p>\n<\/div>\n<p><\/body><\/html><\/p>\n","protected":false},"excerpt":{"rendered":"<p>CURSO SUPERIOR DE TECNOLOGIA EM GEST&Atilde;O P&Uacute;BLICA &#8211; conclu&iacute;do: 12\/01\/2015 &#8211; Comunicado 02 &#8211; Comprova&ccedil;&atilde;o de v&iacute;nculo funcional&nbsp;&nbsp; 01\/10\/2013 &#8211; Comunicado 01 &#8211; In&iacute;cio das Aulas 27\/09\/2013 &#8211; Convite Aula Inaugural 03\/09\/2013 &#8211; Matriz Curricular PROCESSO SELETIVO para o CURSO SUPERIOR DE TECNOLOGIA EM GEST&Atilde;O P&Uacute;BLICA &#8211; encerrado: 11\/10\/2013 &#8211; Edital n.042\/2013 &#8211; 7&ordf; Chamada [&hellip;]<\/p>\n","protected":false},"author":7,"featured_media":0,"comment_status":"closed","ping_status":"open","sticky":false,"template":"","format":"standard","meta":{"footnotes":""},"categories":[13],"tags":[],"class_list":["post-1219","post","type-post","status-publish","format-standard","hentry","category-graduacao"],"rttpg_featured_image_url":null,"rttpg_author":{"display_name":"gustavogoncalves","author_link":"https:\/\/goias.gov.br\/escoladegoverno\/author\/gustavogoncalves\/"},"rttpg_comment":0,"rttpg_category":"<a href=\"https:\/\/goias.gov.br\/escoladegoverno\/categoria\/capacitacao\/ensino-superior\/graduacao\/\" rel=\"category tag\">Gradua\u00e7\u00e3o<\/a>","rttpg_excerpt":"CURSO SUPERIOR DE TECNOLOGIA EM GEST&Atilde;O P&Uacute;BLICA &#8211; conclu&iacute;do: 12\/01\/2015 &#8211; Comunicado 02 &#8211; Comprova&ccedil;&atilde;o de v&iacute;nculo funcional&nbsp;&nbsp; 01\/10\/2013 &#8211; Comunicado 01 &#8211; In&iacute;cio das Aulas 27\/09\/2013 &#8211; Convite Aula Inaugural 03\/09\/2013 &#8211; Matriz Curricular PROCESSO SELETIVO para o CURSO SUPERIOR DE TECNOLOGIA EM GEST&Atilde;O P&Uacute;BLICA &#8211; encerrado: 11\/10\/2013 &#8211; Edital n.042\/2013 &#8211; 7&ordf; Chamada&hellip;","_links":{"self":[{"href":"https:\/\/goias.gov.br\/escoladegoverno\/wp-json\/wp\/v2\/posts\/1219","targetHints":{"allow":["GET"]}}],"collection":[{"href":"https:\/\/goias.gov.br\/escoladegoverno\/wp-json\/wp\/v2\/posts"}],"about":[{"href":"https:\/\/goias.gov.br\/escoladegoverno\/wp-json\/wp\/v2\/types\/post"}],"author":[{"embeddable":true,"href":"https:\/\/goias.gov.br\/escoladegoverno\/wp-json\/wp\/v2\/users\/7"}],"replies":[{"embeddable":true,"href":"https:\/\/goias.gov.br\/escoladegoverno\/wp-json\/wp\/v2\/comments?post=1219"}],"version-history":[{"count":0,"href":"https:\/\/goias.gov.br\/escoladegoverno\/wp-json\/wp\/v2\/posts\/1219\/revisions"}],"wp:attachment":[{"href":"https:\/\/goias.gov.br\/escoladegoverno\/wp-json\/wp\/v2\/media?parent=1219"}],"wp:term":[{"taxonomy":"category","embeddable":true,"href":"https:\/\/goias.gov.br\/escoladegoverno\/wp-json\/wp\/v2\/categories?post=1219"},{"taxonomy":"post_tag","embeddable":true,"href":"https:\/\/goias.gov.br\/escoladegoverno\/wp-json\/wp\/v2\/tags?post=1219"}],"curies":[{"name":"wp","href":"https:\/\/api.w.org\/{rel}","templated":true}]}}