
{"id":10281,"date":"2024-04-22T14:53:25","date_gmt":"2024-04-22T17:53:25","guid":{"rendered":"https:\/\/goias.gov.br\/escoladegoverno\/?p=10281"},"modified":"2024-07-16T08:48:39","modified_gmt":"2024-07-16T11:48:39","slug":"governo-de-goias-promove-bate-papo-sobre-gestao-de-projetos-e-processos-no-setor-publico","status":"publish","type":"post","link":"https:\/\/goias.gov.br\/escoladegoverno\/governo-de-goias-promove-bate-papo-sobre-gestao-de-projetos-e-processos-no-setor-publico\/","title":{"rendered":"Governo de Goi\u00e1s promove bate-papo sobre gest\u00e3o de projetos e processos no setor p\u00fablico"},"content":{"rendered":"\n<p><em>Aberto a todos os servidores, o evento ocorrer\u00e1 no pr\u00f3ximo dia 25 e marca o in\u00edcio das aulas da primeira turma de p\u00f3s-gradua\u00e7\u00e3o em Projetos e Processos do Governo de Goi\u00e1s<\/em><\/p>\n\n\n\n<p>A Secretaria de Estado da Administra\u00e7\u00e3o (Sead), por meio da Diretoria da Escola de Governo, realiza nesta quinta-feira (25) mais uma edi\u00e7\u00e3o do projeto Semear Conhecimento &#8211; um bate-papo com especialista para discutir gest\u00e3o de projetos e processos na esfera p\u00fablica.<\/p>\n\n\n\n<p>O evento celebra o in\u00edcio da primeira turma da p\u00f3s-gradua\u00e7\u00e3o em Projetos e Processos, oferecida gratuitamente pelo Governo de Goi\u00e1s a servidores da \u00e1rea e coordenada pela Escola. O encontro ocorrer\u00e1 no Audit\u00f3rio Mauro Borges, no Pal\u00e1cio Pedro Ludovico Teixeira (PPLT), \u00e0s 14 horas. Para participar, \u00e9 necess\u00e1rio realizar a inscri\u00e7\u00e3o no Portal do Aluno (sgc.escoladegoverno.go.gov.br).<\/p>\n\n\n\n<p>Com o tema &#8220;Conectando Estrat\u00e9gia e Execu\u00e7\u00e3o: O Valor da Gest\u00e3o de Projetos e Processos no Setor P\u00fablico&#8221;, o Semear Conhecimento ser\u00e1 conduzido por Margareth Carneiro, professora e consultora reconhecida nacional e internacionalmente em Gest\u00e3o Estrat\u00e9gica. O titular da Sead, S\u00e9rvulo Nogueira, e a diretora da Escola de Governo, Roberta Costa, far\u00e3o a abertura do encontro.<\/p>\n\n\n\n<p>O Semear \u00e9 uma iniciativa da Escola de Governo para levar aos servidores do Executivo, al\u00e9m da grade de cursos e forma\u00e7\u00f5es, discuss\u00f5es relevantes sobre temas atuais e importantes para a execu\u00e7\u00e3o dos programas do Estado.<\/p>\n\n\n\n<h3 class=\"wp-block-heading\">Palestrante<\/h3>\n\n\n\n<p>Margareth Fab\u00edola Carneiro \u00e9 doutora, com pesquisa focada em Governan\u00e7a Corporativa e Gest\u00e3o baseada em resultados no Setor P\u00fablico. Servidora de carreira do Inep, atualmente \u00e9 coordenadora geral de Governan\u00e7a do instituto. Foi diretora no Minist\u00e9rio da Tecnologia, Ci\u00eancia e Inova\u00e7\u00e3o, onde liderou a implementa\u00e7\u00e3o de um PMO Central e uma Rede de PMOs. \u00c9 palestrante, professora e consultora nacional e internacional em Gest\u00e3o Estrat\u00e9gica, de Portf\u00f3lio, Programas e Projetos.<\/p>\n\n\n\n<p>&#8220;Meu foco no Setor Governamental \u00e9 impulsionado por uma miss\u00e3o pessoal e c\u00edvica de conectar pessoas e organiza\u00e7\u00f5es globalmente, facilitando a troca de pr\u00e1ticas bem-sucedidas de gest\u00e3o e governan\u00e7a no setor p\u00fablico&#8221;, diz Margareth.<\/p>\n\n\n\n<h3 class=\"wp-block-heading\">SERVI\u00c7O<\/h3>\n\n\n\n<p><strong>Semear Conhecimento<\/strong><\/p>\n\n\n\n<p>Tema: Conectando estrat\u00e9gia e execu\u00e7\u00e3o: o valor da gest\u00e3o de projetos e processos no setor p\u00fablico, com a Professora Doutora Margareth Carneiro<br>Data: Quinta-feira, 25 de abril<br>Hor\u00e1rio: 14h \u00e0s 18h<br>Local: Audit\u00f3rio Mauro Borges, PPLT<\/p>\n\n\n\n<p><strong>Secretaria da Administra\u00e7\u00e3o &#8211; Governo de Goi\u00e1s<\/strong><\/p>\n","protected":false},"excerpt":{"rendered":"<p>Aberto a todos os servidores, o evento ocorrer\u00e1 no pr\u00f3ximo dia 25 e marca o in\u00edcio das aulas da primeira turma de p\u00f3s-gradua\u00e7\u00e3o em Projetos e Processos do Governo de Goi\u00e1s<\/p>\n","protected":false},"author":179,"featured_media":10283,"comment_status":"closed","ping_status":"open","sticky":false,"template":"","format":"standard","meta":{"footnotes":""},"categories":[3],"tags":[114],"class_list":["post-10281","post","type-post","status-publish","format-standard","has-post-thumbnail","hentry","category-noticias","tag-semear"],"rttpg_featured_image_url":{"full":["https:\/\/goias.gov.br\/escoladegoverno\/wp-content\/uploads\/sites\/28\/2024\/04\/semear-conhecimento.png",1080,1080,false],"landscape":["https:\/\/goias.gov.br\/escoladegoverno\/wp-content\/uploads\/sites\/28\/2024\/04\/semear-conhecimento.png",1080,1080,false],"portraits":["https:\/\/goias.gov.br\/escoladegoverno\/wp-content\/uploads\/sites\/28\/2024\/04\/semear-conhecimento.png",1080,1080,false],"thumbnail":["https:\/\/goias.gov.br\/escoladegoverno\/wp-content\/uploads\/sites\/28\/2024\/04\/semear-conhecimento.png",150,150,false],"medium":["https:\/\/goias.gov.br\/escoladegoverno\/wp-content\/uploads\/sites\/28\/2024\/04\/semear-conhecimento.png",300,300,false],"large":["https:\/\/goias.gov.br\/escoladegoverno\/wp-content\/uploads\/sites\/28\/2024\/04\/semear-conhecimento.png",1024,1024,false],"1536x1536":["https:\/\/goias.gov.br\/escoladegoverno\/wp-content\/uploads\/sites\/28\/2024\/04\/semear-conhecimento.png",1080,1080,false],"2048x2048":["https:\/\/goias.gov.br\/escoladegoverno\/wp-content\/uploads\/sites\/28\/2024\/04\/semear-conhecimento.png",1080,1080,false]},"rttpg_author":{"display_name":"ilaneluz","author_link":"https:\/\/goias.gov.br\/escoladegoverno\/author\/ilaneluz\/"},"rttpg_comment":0,"rttpg_category":"<a href=\"https:\/\/goias.gov.br\/escoladegoverno\/categoria\/noticias\/\" rel=\"category tag\">Not\u00edcias<\/a>","rttpg_excerpt":"Aberto a todos os servidores, o evento ocorrer\u00e1 no pr\u00f3ximo dia 25 e marca o in\u00edcio das aulas da primeira turma de p\u00f3s-gradua\u00e7\u00e3o em Projetos e Processos do Governo de Goi\u00e1s","_links":{"self":[{"href":"https:\/\/goias.gov.br\/escoladegoverno\/wp-json\/wp\/v2\/posts\/10281","targetHints":{"allow":["GET"]}}],"collection":[{"href":"https:\/\/goias.gov.br\/escoladegoverno\/wp-json\/wp\/v2\/posts"}],"about":[{"href":"https:\/\/goias.gov.br\/escoladegoverno\/wp-json\/wp\/v2\/types\/post"}],"author":[{"embeddable":true,"href":"https:\/\/goias.gov.br\/escoladegoverno\/wp-json\/wp\/v2\/users\/179"}],"replies":[{"embeddable":true,"href":"https:\/\/goias.gov.br\/escoladegoverno\/wp-json\/wp\/v2\/comments?post=10281"}],"version-history":[{"count":2,"href":"https:\/\/goias.gov.br\/escoladegoverno\/wp-json\/wp\/v2\/posts\/10281\/revisions"}],"predecessor-version":[{"id":11800,"href":"https:\/\/goias.gov.br\/escoladegoverno\/wp-json\/wp\/v2\/posts\/10281\/revisions\/11800"}],"wp:featuredmedia":[{"embeddable":true,"href":"https:\/\/goias.gov.br\/escoladegoverno\/wp-json\/wp\/v2\/media\/10283"}],"wp:attachment":[{"href":"https:\/\/goias.gov.br\/escoladegoverno\/wp-json\/wp\/v2\/media?parent=10281"}],"wp:term":[{"taxonomy":"category","embeddable":true,"href":"https:\/\/goias.gov.br\/escoladegoverno\/wp-json\/wp\/v2\/categories?post=10281"},{"taxonomy":"post_tag","embeddable":true,"href":"https:\/\/goias.gov.br\/escoladegoverno\/wp-json\/wp\/v2\/tags?post=10281"}],"curies":[{"name":"wp","href":"https:\/\/api.w.org\/{rel}","templated":true}]}}