

{"id":9570,"date":"2025-11-16T12:13:16","date_gmt":"2025-11-16T15:13:16","guid":{"rendered":"https:\/\/goias.gov.br\/entorno\/?p=9570"},"modified":"2025-11-24T14:12:58","modified_gmt":"2025-11-24T17:12:58","slug":"goias-social-em-luziania-entrega-beneficios-e-oferta-servicos","status":"publish","type":"post","link":"https:\/\/goias.gov.br\/entorno\/goias-social-em-luziania-entrega-beneficios-e-oferta-servicos\/","title":{"rendered":"Goi\u00e1s Social em Luzi\u00e2nia entrega benef\u00edcios e oferta servi\u00e7os"},"content":{"rendered":"\n<figure class=\"wp-block-image\"><img decoding=\"async\" src=\"https:\/\/agenciacoradenoticias.go.gov.br\/wp-content\/uploads\/2025\/11\/Goias-Social-em-Luziania_Secom-11-1215x810.jpeg\" alt=\"Goi\u00e1s Social em Luzi\u00e2nia\" \/><\/figure>\n\n\n\n<p>Governador Ronaldo Caiado, ao lado da coordenadora do Goi\u00e1s Social, primeira-dama Gracinha Caiado, durante abertura do Goi\u00e1s Social em Luzi\u00e2nia (Fotos: Wesley Costa e Andre Saddi)<\/p>\n\n\n\n<p>O governador Ronaldo Caiado, ao lado da coordenadora do Goi\u00e1s Social, primeira-dama Gracinha Caiado, e do vice-governador Daniel Vilela, abriu o Goi\u00e1s Social em Luzi\u00e2nia, neste s\u00e1bado (15\/11).<\/p>\n\n\n\n<p>Na ocasi\u00e3o, Caiado ressaltou que o programa social do Governo de Goi\u00e1s \u00e9 o mais abrangente do pa\u00eds. A estrutura itinerante ficar\u00e1 montada no munic\u00edpio da regi\u00e3o do Entorno do Distrito Federal at\u00e9 este domingo (16\/11).<\/p>\n\n\n\n<p>\u201cA maior obra de um governador \u00e9 dar dignidade \u00e0s pessoas. S\u00f3 em Luzi\u00e2nia n\u00f3s injetamos quase R$ 2 milh\u00f5es por m\u00eas em programas sociais, mudando a qualidade de vida da popula\u00e7\u00e3o. Esse programa social \u00e9 o mais abrangente que existe no Brasil, porque tira a pessoa da depend\u00eancia e d\u00e1 uma profiss\u00e3o para ela\u201d, afirmou Caiado.<\/p>\n\n\n\n<p>A primeira-dama Gracinha Caiado destacou que o Goi\u00e1s Social \u00e9 o maior programa de combate \u00e0 pobreza do Brasil.<\/p>\n\n\n\n<p>\u201cEu digo todos os dias, um governo n\u00e3o pode tudo, mas pode muito, e n\u00f3s n\u00e3o vamos deixar ningu\u00e9m para tr\u00e1s. Ronaldo Caiado sempre me disse que s\u00f3 tem um sentido em ser governador, se ele puder cuidar das pessoas. Elas n\u00e3o querem favor, querem oportunidade para mudar de vida e a chance de ter as ferramentas dignas para melhorar a renda\u201d, ressaltou.<\/p>\n\n\n\n<p>O vice-governador Daniel Vilela afirmou que o governo Caiado \u201colha o Entorno como um local de oportunidades e desenvolvimento\u201d.<\/p>\n\n\n\n<p>\u201cO que a gente faz aqui hoje \u00e9 devolver a voc\u00eas os investimentos, n\u00f3s devolvemos aquilo que \u00e9 gerado por voc\u00eas que est\u00e3o aqui consumindo, morando, trabalhando e empreendendo. N\u00f3s temos orgulho e dizemos em alto e bom som que essa regi\u00e3o \u00e9 Goi\u00e1s, que voc\u00eas s\u00e3o goianos e merecem da nossa parte todo o nosso trabalho e esfor\u00e7o\u201d, refor\u00e7ou.<\/p>\n\n\n\n<figure class=\"wp-block-image\"><img decoding=\"async\" src=\"https:\/\/agenciacoradenoticias.go.gov.br\/wp-content\/uploads\/2025\/11\/Goias-Social-em-Luziania_Secom-8.jpeg\" alt=\"\" class=\"wp-image-173603\" \/><figcaption class=\"wp-element-caption\">Caiado e Daniel Vilela durante Goi\u00e1s Social em Luzi\u00e2nia (Fotos: Wesley Costa e Andre Saddi)<\/figcaption><\/figure>\n\n\n\n<p>Por meio do programa, os luzianienses receberam cart\u00f5es com benef\u00edcios, sendo 1.347 do M\u00e3es de Goi\u00e1s; 104 do Dignidade; 121 do Goi\u00e1s por Elas; 218 do Goi\u00e1s + Inclusivo; 153 do Cr\u00e9dito Social e 123 do Bolsa Qualifica\u00e7\u00e3o. Al\u00e9m disso, Carteira do autista, Passe Livre da Pessoa com Defici\u00eancia, Passaporte da Pessoa Idosa, Dignidade Menstrual e Protocolo Todos por Elas.<\/p>\n\n\n\n<p>De acordo com o secret\u00e1rio de Desenvolvimento Social, Wellington Matos, o programa social tem levado para a regi\u00e3o do Entorno o desenvolvimento.<\/p>\n\n\n\n<p>\u201cO governador Ronaldo Caiado, junto com o vice-governador Daniel Vilela, tem levado investimento para todas as regi\u00f5es do estado e n\u00e3o \u00e9 diferente com essa regi\u00e3o. A primeira-dama Gracinha Caiado coordena esse projeto lindo que \u00e9 o Goi\u00e1s Social, levando servi\u00e7os e benef\u00edcios para todos os munic\u00edpios goianos, beneficiando milhares de pessoas\u201d, enfatizou.<\/p>\n\n\n\n<figure class=\"wp-block-image\"><img decoding=\"async\" src=\"https:\/\/agenciacoradenoticias.go.gov.br\/wp-content\/uploads\/2025\/11\/Goias-Social-em-Luziania_Secom-7.jpeg\" alt=\"\" class=\"wp-image-173602\" \/><figcaption class=\"wp-element-caption\">Goi\u00e1s Social leva desenvolvimento para a regi\u00e3o do Entorno (Fotos: (Fotos: Wesley Costa e Andre Saddi)<\/figcaption><\/figure>\n\n\n\n<p>O prefeito de Luzi\u00e2nia, Diego Sorgatto, ressaltou o apoio que recebe do Governo de Goi\u00e1s e agradeceu pelo cuidado especial com a regi\u00e3o do Entorno, que antes era esquecida.<\/p>\n\n\n\n<p>\u201cN\u00e3o posso deixar de reconhecer a m\u00e3o forte e definitiva do Governo em Luzi\u00e2nia. Tenho tranquilidade de dizer que vivemos uma transforma\u00e7\u00e3o ao longo dos dois mandatos de Ronaldo Caiado e da primeira-dama Gracinha Caiado, que lidera o Goi\u00e1s Social\u201d, salientou.<\/p>\n\n\n\n<h2 class=\"wp-block-heading\">Servi\u00e7os<\/h2>\n\n\n\n<figure class=\"wp-block-image\"><img decoding=\"async\" src=\"https:\/\/agenciacoradenoticias.go.gov.br\/wp-content\/uploads\/2025\/11\/Goias-Social-em-Luziania_Secom-3-1000x450.jpeg\" alt=\"\" class=\"wp-image-173598\" \/><\/figure>\n\n\n\n<p>Al\u00e9m da entrega dos cart\u00f5es, os dois dias de Goi\u00e1s Social em Luzi\u00e2nia ofertam uma s\u00e9rie de servi\u00e7os, como por exemplo a entrega de benef\u00edcios pela Organiza\u00e7\u00e3o das Volunt\u00e1rias de Goi\u00e1s (OVG); inscri\u00e7\u00f5es para cursos de qualifica\u00e7\u00e3o profissional; informa\u00e7\u00f5es sobre como participar de outros programas do Governo, como o Agro \u00e9 Social e projetos de habita\u00e7\u00e3o; atendimentos do Vapt Vupt; e ainda orienta\u00e7\u00f5es com a equipe do Batalh\u00e3o Maria da Penha para mulheres que se encontram em situa\u00e7\u00e3o de viol\u00eancia.<\/p>\n","protected":false},"excerpt":{"rendered":"<p>Governador Ronaldo Caiado, ao lado da coordenadora do Goi\u00e1s Social, primeira-dama Gracinha Caiado, durante abertura do Goi\u00e1s Social em Luzi\u00e2nia (Fotos: Wesley Costa e Andre Saddi) O governador Ronaldo Caiado, ao lado da coordenadora do Goi\u00e1s Social, primeira-dama Gracinha Caiado, e do vice-governador Daniel Vilela, abriu o Goi\u00e1s Social em Luzi\u00e2nia, neste s\u00e1bado (15\/11). Na [&hellip;]<\/p>\n","protected":false},"author":171,"featured_media":9574,"comment_status":"closed","ping_status":"open","sticky":false,"template":"","format":"standard","meta":{"footnotes":""},"categories":[3],"tags":[83],"class_list":["post-9570","post","type-post","status-publish","format-standard","has-post-thumbnail","hentry","category-noticias","tag-social"],"rttpg_featured_image_url":{"full":["https:\/\/goias.gov.br\/entorno\/wp-content\/uploads\/sites\/30\/2025\/11\/destaque.jpg",1215,810,false],"landscape":["https:\/\/goias.gov.br\/entorno\/wp-content\/uploads\/sites\/30\/2025\/11\/destaque.jpg",1215,810,false],"portraits":["https:\/\/goias.gov.br\/entorno\/wp-content\/uploads\/sites\/30\/2025\/11\/destaque.jpg",1215,810,false],"thumbnail":["https:\/\/goias.gov.br\/entorno\/wp-content\/uploads\/sites\/30\/2025\/11\/destaque-150x150.jpg",150,150,true],"medium":["https:\/\/goias.gov.br\/entorno\/wp-content\/uploads\/sites\/30\/2025\/11\/destaque-300x200.jpg",300,200,true],"large":["https:\/\/goias.gov.br\/entorno\/wp-content\/uploads\/sites\/30\/2025\/11\/destaque-1024x683.jpg",1024,683,true],"1536x1536":["https:\/\/goias.gov.br\/entorno\/wp-content\/uploads\/sites\/30\/2025\/11\/destaque.jpg",1215,810,false],"2048x2048":["https:\/\/goias.gov.br\/entorno\/wp-content\/uploads\/sites\/30\/2025\/11\/destaque.jpg",1215,810,false]},"rttpg_author":{"display_name":"gleicesilva","author_link":"https:\/\/goias.gov.br\/entorno\/author\/gleicesilva\/"},"rttpg_comment":0,"rttpg_category":"<a href=\"https:\/\/goias.gov.br\/entorno\/categoria\/noticias\/\" rel=\"category tag\">Not\u00edcias<\/a>","rttpg_excerpt":"Governador Ronaldo Caiado, ao lado da coordenadora do Goi\u00e1s Social, primeira-dama Gracinha Caiado, durante abertura do Goi\u00e1s Social em Luzi\u00e2nia (Fotos: Wesley Costa e Andre Saddi) O governador Ronaldo Caiado, ao lado da coordenadora do Goi\u00e1s Social, primeira-dama Gracinha Caiado, e do vice-governador Daniel Vilela, abriu o Goi\u00e1s Social em Luzi\u00e2nia, neste s\u00e1bado (15\/11). Na&hellip;","_links":{"self":[{"href":"https:\/\/goias.gov.br\/entorno\/wp-json\/wp\/v2\/posts\/9570","targetHints":{"allow":["GET"]}}],"collection":[{"href":"https:\/\/goias.gov.br\/entorno\/wp-json\/wp\/v2\/posts"}],"about":[{"href":"https:\/\/goias.gov.br\/entorno\/wp-json\/wp\/v2\/types\/post"}],"author":[{"embeddable":true,"href":"https:\/\/goias.gov.br\/entorno\/wp-json\/wp\/v2\/users\/171"}],"replies":[{"embeddable":true,"href":"https:\/\/goias.gov.br\/entorno\/wp-json\/wp\/v2\/comments?post=9570"}],"version-history":[{"count":2,"href":"https:\/\/goias.gov.br\/entorno\/wp-json\/wp\/v2\/posts\/9570\/revisions"}],"predecessor-version":[{"id":9712,"href":"https:\/\/goias.gov.br\/entorno\/wp-json\/wp\/v2\/posts\/9570\/revisions\/9712"}],"wp:featuredmedia":[{"embeddable":true,"href":"https:\/\/goias.gov.br\/entorno\/wp-json\/wp\/v2\/media\/9574"}],"wp:attachment":[{"href":"https:\/\/goias.gov.br\/entorno\/wp-json\/wp\/v2\/media?parent=9570"}],"wp:term":[{"taxonomy":"category","embeddable":true,"href":"https:\/\/goias.gov.br\/entorno\/wp-json\/wp\/v2\/categories?post=9570"},{"taxonomy":"post_tag","embeddable":true,"href":"https:\/\/goias.gov.br\/entorno\/wp-json\/wp\/v2\/tags?post=9570"}],"curies":[{"name":"wp","href":"https:\/\/api.w.org\/{rel}","templated":true}]}}