

{"id":5946,"date":"2025-07-01T14:04:12","date_gmt":"2025-07-01T17:04:12","guid":{"rendered":"https:\/\/goias.gov.br\/entorno\/?p=5946"},"modified":"2025-07-01T14:08:42","modified_gmt":"2025-07-01T17:08:42","slug":"governo-de-goias-abre-inscricoes-para-mais-de-72-mil-vagas-no-aluguel-social","status":"publish","type":"post","link":"https:\/\/goias.gov.br\/entorno\/governo-de-goias-abre-inscricoes-para-mais-de-72-mil-vagas-no-aluguel-social\/","title":{"rendered":"Governo de Goi\u00e1s abre inscri\u00e7\u00f5es para mais de 7,2 mil vagas no Aluguel Social"},"content":{"rendered":"\n<p><em>Fam\u00edlias de \u00c1guas Lindas de Goi\u00e1s, Formosa e Valpara\u00edso de Goi\u00e1s, que se enquadram nos crit\u00e9rios, podem se inscrever at\u00e9 30 de julho<\/em><\/p>\n\n\n\n<p>O Governo de Goi\u00e1s, por meio da Ag\u00eancia Goiana de Habita\u00e7\u00e3o (Agehab) e do programa Goi\u00e1s Social, abriu as inscri\u00e7\u00f5es para o programa Pra Ter Onde Morar \u2013 Aluguel Social em 15 munic\u00edpios goianos. As fam\u00edlias interessadas podem se cadastrar at\u00e9 30 de julho. No total, s\u00e3o 7.294 vagas dispon\u00edveis, distribu\u00eddas nas seguintes cidades: \u00c1guas Lindas de Goi\u00e1s (1.800), Formosa (1.439), Valpara\u00edso de Goi\u00e1s (1.000), al\u00e9m de Acre\u00fana (250), \u00c1gua Limpa (50), An\u00e1polis (1.000), Aragar\u00e7as (50), Aragoi\u00e2nia (100), Fazenda Nova (75), Gouvel\u00e2ndia (25), Itabera\u00ed (200), Itau\u00e7u (80), Jaragu\u00e1 (950), Jata\u00ed (250) e Mairipotaba. <\/p>\n\n\n\n<p>A coordenadora do Goi\u00e1s Social e primeira-dama do Estado, Gracinha Caiado, refor\u00e7a o compromisso da gest\u00e3o estadual com as fam\u00edlias mais vulner\u00e1veis. \u201cEsse programa \u00e9 uma resposta direta a quem mais precisa. Estamos garantindo dignidade e seguran\u00e7a para milhares de goianos que enfrentam dificuldades para pagar aluguel. O Goi\u00e1s Social \u00e9 isso: presen\u00e7a do Estado na vida de quem mais precisa\u201d, ressalta.<\/p>\n\n\n\n<p>O presidente da Agehab, Alexandre Baldy, destaca a abrang\u00eancia e efici\u00eancia da pol\u00edtica habitacional goiana. \u201cO Aluguel Social j\u00e1 transformou a vida de mais de 50 mil fam\u00edlias em todo o Estado. \u00c9 um programa \u00e1gil, transparente e que atende quem realmente precisa. Nosso trabalho \u00e9 garantir que cada fam\u00edlia seja acolhida com dignidade e respeito\u201d, afirma.<\/p>\n\n\n\n<p>Para o secret\u00e1rio de Infraestrutura, Adib Elias, o sucesso do programa \u00e9 fruto do trabalho conjunto entre Estado e munic\u00edpios. \u201cEstamos levando esse benef\u00edcio a todas as regi\u00f5es de Goi\u00e1s, com responsabilidade e planejamento. A determina\u00e7\u00e3o do governador Ronaldo Caiado \u00e9 clara: ningu\u00e9m fica para tr\u00e1s\u201d, pontua o secret\u00e1rio.<\/p>\n\n\n\n<p>Para se candidatar ao benef\u00edcio, \u00e9 necess\u00e1rio comprovar resid\u00eancia no munic\u00edpio, estar em vulnerabilidade socioecon\u00f4mica, com renda familiar mensal per capita de at\u00e9 um sal\u00e1rio m\u00ednimo, n\u00e3o possuir im\u00f3vel pr\u00f3prio e estar inscrito no Cadastro \u00danico para Programas Sociais (Cad\u00danico) do Governo Federal, entre outros crit\u00e9rios espec\u00edficos. O programa oferece aux\u00edlio mensal no valor de R$ 350, pago diretamente \u00e0s fam\u00edlias beneficiadas, por 18 meses, prorrog\u00e1veis para alguns casos espec\u00edficos.<\/p>\n\n\n\n<p>O Pra Ter Onde Morar \u2013 Aluguel Social foi criado em 2021 para atender fam\u00edlias em situa\u00e7\u00e3o de vulnerabilidade social que n\u00e3o t\u00eam condi\u00e7\u00f5es de arcar com o aluguel de forma cont\u00ednua. O valor mensal \u00e9 depositado diretamente na conta do benefici\u00e1rio, que escolhe o im\u00f3vel dentro das normas estabelecidas pelo programa. A iniciativa faz parte do Goi\u00e1s Social e \u00e9 coordenada pela Agehab, com apoio da Secretaria de Estado da Infraestrutura (Seinfra).<\/p>\n\n\n\n<p><strong>Servi\u00e7o<\/strong><br><strong>Assunto:<\/strong> Inscri\u00e7\u00f5es abertas para o programa Pra Ter Onde Morar \u2013 Aluguel Social<br><strong>Per\u00edodo:<\/strong> at\u00e9 30 de julho<br><strong>Munic\u00edpios com vagas abertas:<\/strong> Acre\u00fana, \u00c1gua Limpa, \u00c1guas Lindas de Goi\u00e1s, An\u00e1polis, Aragar\u00e7as, Aragoi\u00e2nia, Fazenda Nova, Formosa, Gouvel\u00e2ndia, Itabera\u00ed, Itau\u00e7u, Jaragu\u00e1, Jata\u00ed, Mairipotaba e Valpara\u00edso de Goi\u00e1s<br><strong>Inscri\u00e7\u00f5es:<\/strong> goias.gov.br\/agehab<\/p>\n\n\n\n<p><em>Foto:<\/em> Octac\u00edlio Queiroz<\/p>\n\n\n\n<p>Ag\u00eancia Goiana de Habita\u00e7\u00e3o \u2013 Governo de Goi\u00e1s<\/p>\n\n\n\n<figure class=\"wp-block-gallery has-nested-images columns-default is-cropped wp-block-gallery-1 is-layout-flex wp-block-gallery-is-layout-flex\">\n<figure class=\"wp-block-image size-large\"><img fetchpriority=\"high\" decoding=\"async\" width=\"1024\" height=\"683\" data-id=\"5964\" src=\"https:\/\/goias.gov.br\/entorno\/wp-content\/uploads\/sites\/30\/2025\/07\/WhatsApp-Image-2025-07-01-at-07.21.49-3-1024x683.jpeg\" alt=\"\" class=\"wp-image-5964\" srcset=\"https:\/\/goias.gov.br\/entorno\/wp-content\/uploads\/sites\/30\/2025\/07\/WhatsApp-Image-2025-07-01-at-07.21.49-3-1024x683.jpeg 1024w, https:\/\/goias.gov.br\/entorno\/wp-content\/uploads\/sites\/30\/2025\/07\/WhatsApp-Image-2025-07-01-at-07.21.49-3-300x200.jpeg 300w, https:\/\/goias.gov.br\/entorno\/wp-content\/uploads\/sites\/30\/2025\/07\/WhatsApp-Image-2025-07-01-at-07.21.49-3-768x512.jpeg 768w, https:\/\/goias.gov.br\/entorno\/wp-content\/uploads\/sites\/30\/2025\/07\/WhatsApp-Image-2025-07-01-at-07.21.49-3-1536x1024.jpeg 1536w, https:\/\/goias.gov.br\/entorno\/wp-content\/uploads\/sites\/30\/2025\/07\/WhatsApp-Image-2025-07-01-at-07.21.49-3-2048x1366.jpeg 2048w\" sizes=\"(max-width: 1024px) 100vw, 1024px\" \/><\/figure>\n\n\n\n<figure class=\"wp-block-image size-large\"><img decoding=\"async\" width=\"1024\" height=\"683\" data-id=\"5965\" src=\"https:\/\/goias.gov.br\/entorno\/wp-content\/uploads\/sites\/30\/2025\/07\/WhatsApp-Image-2025-07-01-at-07.21.49-1-1024x683.jpeg\" alt=\"\" class=\"wp-image-5965\" srcset=\"https:\/\/goias.gov.br\/entorno\/wp-content\/uploads\/sites\/30\/2025\/07\/WhatsApp-Image-2025-07-01-at-07.21.49-1-1024x683.jpeg 1024w, https:\/\/goias.gov.br\/entorno\/wp-content\/uploads\/sites\/30\/2025\/07\/WhatsApp-Image-2025-07-01-at-07.21.49-1-300x200.jpeg 300w, https:\/\/goias.gov.br\/entorno\/wp-content\/uploads\/sites\/30\/2025\/07\/WhatsApp-Image-2025-07-01-at-07.21.49-1-768x512.jpeg 768w, https:\/\/goias.gov.br\/entorno\/wp-content\/uploads\/sites\/30\/2025\/07\/WhatsApp-Image-2025-07-01-at-07.21.49-1-1536x1024.jpeg 1536w, https:\/\/goias.gov.br\/entorno\/wp-content\/uploads\/sites\/30\/2025\/07\/WhatsApp-Image-2025-07-01-at-07.21.49-1-2048x1366.jpeg 2048w\" sizes=\"(max-width: 1024px) 100vw, 1024px\" \/><\/figure>\n\n\n\n<figure class=\"wp-block-image size-large\"><img decoding=\"async\" width=\"1024\" height=\"683\" data-id=\"5966\" src=\"https:\/\/goias.gov.br\/entorno\/wp-content\/uploads\/sites\/30\/2025\/07\/WhatsApp-Image-2025-07-01-at-07.21.49-1024x683.jpeg\" alt=\"\" class=\"wp-image-5966\" srcset=\"https:\/\/goias.gov.br\/entorno\/wp-content\/uploads\/sites\/30\/2025\/07\/WhatsApp-Image-2025-07-01-at-07.21.49-1024x683.jpeg 1024w, https:\/\/goias.gov.br\/entorno\/wp-content\/uploads\/sites\/30\/2025\/07\/WhatsApp-Image-2025-07-01-at-07.21.49-300x200.jpeg 300w, https:\/\/goias.gov.br\/entorno\/wp-content\/uploads\/sites\/30\/2025\/07\/WhatsApp-Image-2025-07-01-at-07.21.49-768x512.jpeg 768w, https:\/\/goias.gov.br\/entorno\/wp-content\/uploads\/sites\/30\/2025\/07\/WhatsApp-Image-2025-07-01-at-07.21.49-1536x1024.jpeg 1536w, https:\/\/goias.gov.br\/entorno\/wp-content\/uploads\/sites\/30\/2025\/07\/WhatsApp-Image-2025-07-01-at-07.21.49-2048x1366.jpeg 2048w\" sizes=\"(max-width: 1024px) 100vw, 1024px\" \/><\/figure>\n<\/figure>\n","protected":false},"excerpt":{"rendered":"<p>Fam\u00edlias de \u00c1guas Lindas de Goi\u00e1s, Formosa e Valpara\u00edso de Goi\u00e1s, que se enquadram nos crit\u00e9rios, podem se inscrever at\u00e9 30 de julho O Governo de Goi\u00e1s, por meio da Ag\u00eancia Goiana de Habita\u00e7\u00e3o (Agehab) e do programa Goi\u00e1s Social, abriu as inscri\u00e7\u00f5es para o programa Pra Ter Onde Morar \u2013 Aluguel Social em 15 [&hellip;]<\/p>\n","protected":false},"author":725,"featured_media":5967,"comment_status":"closed","ping_status":"open","sticky":false,"template":"","format":"standard","meta":{"footnotes":""},"categories":[3],"tags":[105,70,83],"class_list":["post-5946","post","type-post","status-publish","format-standard","has-post-thumbnail","hentry","category-noticias","tag-desenvolvimento","tag-habitacao","tag-social"],"rttpg_featured_image_url":{"full":["https:\/\/goias.gov.br\/entorno\/wp-content\/uploads\/sites\/30\/2025\/07\/WhatsApp-Image-2025-07-01-at-07.21.49-2.jpeg",4160,2774,false],"landscape":["https:\/\/goias.gov.br\/entorno\/wp-content\/uploads\/sites\/30\/2025\/07\/WhatsApp-Image-2025-07-01-at-07.21.49-2.jpeg",4160,2774,false],"portraits":["https:\/\/goias.gov.br\/entorno\/wp-content\/uploads\/sites\/30\/2025\/07\/WhatsApp-Image-2025-07-01-at-07.21.49-2.jpeg",4160,2774,false],"thumbnail":["https:\/\/goias.gov.br\/entorno\/wp-content\/uploads\/sites\/30\/2025\/07\/WhatsApp-Image-2025-07-01-at-07.21.49-2-150x150.jpeg",150,150,true],"medium":["https:\/\/goias.gov.br\/entorno\/wp-content\/uploads\/sites\/30\/2025\/07\/WhatsApp-Image-2025-07-01-at-07.21.49-2-300x200.jpeg",300,200,true],"large":["https:\/\/goias.gov.br\/entorno\/wp-content\/uploads\/sites\/30\/2025\/07\/WhatsApp-Image-2025-07-01-at-07.21.49-2-1024x683.jpeg",1024,683,true],"1536x1536":["https:\/\/goias.gov.br\/entorno\/wp-content\/uploads\/sites\/30\/2025\/07\/WhatsApp-Image-2025-07-01-at-07.21.49-2-1536x1024.jpeg",1536,1024,true],"2048x2048":["https:\/\/goias.gov.br\/entorno\/wp-content\/uploads\/sites\/30\/2025\/07\/WhatsApp-Image-2025-07-01-at-07.21.49-2-2048x1366.jpeg",2048,1366,true]},"rttpg_author":{"display_name":"brendamatos","author_link":"https:\/\/goias.gov.br\/entorno\/author\/brendamatos\/"},"rttpg_comment":0,"rttpg_category":"<a href=\"https:\/\/goias.gov.br\/entorno\/categoria\/noticias\/\" rel=\"category tag\">Not\u00edcias<\/a>","rttpg_excerpt":"Fam\u00edlias de \u00c1guas Lindas de Goi\u00e1s, Formosa e Valpara\u00edso de Goi\u00e1s, que se enquadram nos crit\u00e9rios, podem se inscrever at\u00e9 30 de julho O Governo de Goi\u00e1s, por meio da Ag\u00eancia Goiana de Habita\u00e7\u00e3o (Agehab) e do programa Goi\u00e1s Social, abriu as inscri\u00e7\u00f5es para o programa Pra Ter Onde Morar \u2013 Aluguel Social em 15&hellip;","_links":{"self":[{"href":"https:\/\/goias.gov.br\/entorno\/wp-json\/wp\/v2\/posts\/5946","targetHints":{"allow":["GET"]}}],"collection":[{"href":"https:\/\/goias.gov.br\/entorno\/wp-json\/wp\/v2\/posts"}],"about":[{"href":"https:\/\/goias.gov.br\/entorno\/wp-json\/wp\/v2\/types\/post"}],"author":[{"embeddable":true,"href":"https:\/\/goias.gov.br\/entorno\/wp-json\/wp\/v2\/users\/725"}],"replies":[{"embeddable":true,"href":"https:\/\/goias.gov.br\/entorno\/wp-json\/wp\/v2\/comments?post=5946"}],"version-history":[{"count":2,"href":"https:\/\/goias.gov.br\/entorno\/wp-json\/wp\/v2\/posts\/5946\/revisions"}],"predecessor-version":[{"id":5975,"href":"https:\/\/goias.gov.br\/entorno\/wp-json\/wp\/v2\/posts\/5946\/revisions\/5975"}],"wp:featuredmedia":[{"embeddable":true,"href":"https:\/\/goias.gov.br\/entorno\/wp-json\/wp\/v2\/media\/5967"}],"wp:attachment":[{"href":"https:\/\/goias.gov.br\/entorno\/wp-json\/wp\/v2\/media?parent=5946"}],"wp:term":[{"taxonomy":"category","embeddable":true,"href":"https:\/\/goias.gov.br\/entorno\/wp-json\/wp\/v2\/categories?post=5946"},{"taxonomy":"post_tag","embeddable":true,"href":"https:\/\/goias.gov.br\/entorno\/wp-json\/wp\/v2\/tags?post=5946"}],"curies":[{"name":"wp","href":"https:\/\/api.w.org\/{rel}","templated":true}]}}