

{"id":3798,"date":"2025-04-01T11:54:20","date_gmt":"2025-04-01T14:54:20","guid":{"rendered":"https:\/\/goias.gov.br\/entorno\/?p=3798"},"modified":"2025-04-01T11:56:56","modified_gmt":"2025-04-01T14:56:56","slug":"secretaria-do-entorno-articula-parceria-go-df-para-a-exporide-2025","status":"publish","type":"post","link":"https:\/\/goias.gov.br\/entorno\/secretaria-do-entorno-articula-parceria-go-df-para-a-exporide-2025\/","title":{"rendered":"Secretaria do Entorno articula parceria GO-DF para a Exporide 2025"},"content":{"rendered":"\n<p><em>Secret\u00e1ria Caroline Fleury recebe diretoria da Codese-DF para discutir o planejamento da segunda edi\u00e7\u00e3o do evento e a\u00e7\u00f5es estrat\u00e9gicas para o Entorno<\/em><\/p>\n\n\n\n<figure class=\"wp-block-image size-large\"><img fetchpriority=\"high\" decoding=\"async\" width=\"1024\" height=\"576\" src=\"https:\/\/goias.gov.br\/entorno\/wp-content\/uploads\/sites\/30\/2025\/04\/WhatsApp-Image-2025-03-31-at-12.45.53-1024x576.jpeg\" alt=\"\" class=\"wp-image-3799\" srcset=\"https:\/\/goias.gov.br\/entorno\/wp-content\/uploads\/sites\/30\/2025\/04\/WhatsApp-Image-2025-03-31-at-12.45.53-1024x576.jpeg 1024w, https:\/\/goias.gov.br\/entorno\/wp-content\/uploads\/sites\/30\/2025\/04\/WhatsApp-Image-2025-03-31-at-12.45.53-300x169.jpeg 300w, https:\/\/goias.gov.br\/entorno\/wp-content\/uploads\/sites\/30\/2025\/04\/WhatsApp-Image-2025-03-31-at-12.45.53-768x432.jpeg 768w, https:\/\/goias.gov.br\/entorno\/wp-content\/uploads\/sites\/30\/2025\/04\/WhatsApp-Image-2025-03-31-at-12.45.53-1536x864.jpeg 1536w, https:\/\/goias.gov.br\/entorno\/wp-content\/uploads\/sites\/30\/2025\/04\/WhatsApp-Image-2025-03-31-at-12.45.53.jpeg 1600w\" sizes=\"(max-width: 1024px) 100vw, 1024px\" \/><figcaption class=\"wp-element-caption\">Caroline Fleury refor\u00e7ou o compromisso da SEDF-GO em apoiar a articula\u00e7\u00e3o com outras pastas do Governo de Goi\u00e1s e parceiros estrat\u00e9gicos para realiza\u00e7\u00e3o da Exporide 2025. Foto: Divulga\u00e7\u00e3o SEDF-GO<\/figcaption><\/figure>\n\n\n\n<p>A Secret\u00e1ria do Entorno do Distrito Federal (SEDF-GO), Caroline Fleury, recebeu nesta segunda-feira (31) a diretoria da Conselho de Desenvolvimento Econ\u00f4mico, Sustent\u00e1vel e Estrat\u00e9gico do DF (Codese-DF) para discutir a segunda edi\u00e7\u00e3o da Exporide e sua pr\u00f3xima fase. A proposta apresentada prev\u00ea uma parceria institucional com o Governo de Goi\u00e1s para fortalecer as a\u00e7\u00f5es do evento, com foco nos munic\u00edpios da regi\u00e3o metropolitana do Entorno.<\/p>\n\n\n\n<p>Entre as iniciativas est\u00e1 a cria\u00e7\u00e3o de um livro com as potencialidades econ\u00f4micas e produtivas de cada munic\u00edpio, promovendo oportunidades de investimento. Segundo o presidente da Codese-DF, Leonardo \u00c1vila, a parceria com o Governo de Goi\u00e1s \u00e9 essencial para consolidar o projeto e garantir os recursos necess\u00e1rios.<\/p>\n\n\n\n<p>A secret\u00e1ria Caroline Fleury refor\u00e7ou o compromisso da SEDF-GO em apoiar a articula\u00e7\u00e3o com outras pastas e parceiros estrat\u00e9gicos. &#8220;Estamos empenhados em fortalecer as a\u00e7\u00f5es que promovam o desenvolvimento regional e a integra\u00e7\u00e3o dos munic\u00edpios do Entorno. A Exporide \u00e9 uma excelente oportunidade para consolidarmos o potencial econ\u00f4mico da regi\u00e3o&#8221;, destacou Caroline Fleury.<\/p>\n\n\n\n<figure class=\"wp-block-image size-large\"><img decoding=\"async\" width=\"1024\" height=\"576\" src=\"https:\/\/goias.gov.br\/entorno\/wp-content\/uploads\/sites\/30\/2025\/04\/WhatsApp-Image-2025-03-31-at-12.45.54-1-1024x576.jpeg\" alt=\"\" class=\"wp-image-3800\" srcset=\"https:\/\/goias.gov.br\/entorno\/wp-content\/uploads\/sites\/30\/2025\/04\/WhatsApp-Image-2025-03-31-at-12.45.54-1-1024x576.jpeg 1024w, https:\/\/goias.gov.br\/entorno\/wp-content\/uploads\/sites\/30\/2025\/04\/WhatsApp-Image-2025-03-31-at-12.45.54-1-300x169.jpeg 300w, https:\/\/goias.gov.br\/entorno\/wp-content\/uploads\/sites\/30\/2025\/04\/WhatsApp-Image-2025-03-31-at-12.45.54-1-768x432.jpeg 768w, https:\/\/goias.gov.br\/entorno\/wp-content\/uploads\/sites\/30\/2025\/04\/WhatsApp-Image-2025-03-31-at-12.45.54-1-1536x864.jpeg 1536w, https:\/\/goias.gov.br\/entorno\/wp-content\/uploads\/sites\/30\/2025\/04\/WhatsApp-Image-2025-03-31-at-12.45.54-1.jpeg 1600w\" sizes=\"(max-width: 1024px) 100vw, 1024px\" \/><\/figure>\n\n\n\n<p>Tamb\u00e9m participaram da reuni\u00e3o o chefe de gabinete da SEDF-GO, Gleiston de Paula, e, pela Codese DF, a vice-presidente Laura Oliveira, a secret\u00e1ria executiva Mara Abrah\u00e3o e a l\u00edder do Eixo de Desenvolvimento Urbano, Ivelise Longhi.<\/p>\n\n\n\n<figure class=\"wp-block-image size-large\"><img decoding=\"async\" width=\"1024\" height=\"768\" src=\"https:\/\/goias.gov.br\/entorno\/wp-content\/uploads\/sites\/30\/2025\/04\/WhatsApp-Image-2025-03-31-at-12.45.54-1024x768.jpeg\" alt=\"\" class=\"wp-image-3801\" srcset=\"https:\/\/goias.gov.br\/entorno\/wp-content\/uploads\/sites\/30\/2025\/04\/WhatsApp-Image-2025-03-31-at-12.45.54-1024x768.jpeg 1024w, https:\/\/goias.gov.br\/entorno\/wp-content\/uploads\/sites\/30\/2025\/04\/WhatsApp-Image-2025-03-31-at-12.45.54-300x225.jpeg 300w, https:\/\/goias.gov.br\/entorno\/wp-content\/uploads\/sites\/30\/2025\/04\/WhatsApp-Image-2025-03-31-at-12.45.54-768x576.jpeg 768w, https:\/\/goias.gov.br\/entorno\/wp-content\/uploads\/sites\/30\/2025\/04\/WhatsApp-Image-2025-03-31-at-12.45.54-1536x1152.jpeg 1536w, https:\/\/goias.gov.br\/entorno\/wp-content\/uploads\/sites\/30\/2025\/04\/WhatsApp-Image-2025-03-31-at-12.45.54-600x450.jpeg 600w, https:\/\/goias.gov.br\/entorno\/wp-content\/uploads\/sites\/30\/2025\/04\/WhatsApp-Image-2025-03-31-at-12.45.54.jpeg 1600w\" sizes=\"(max-width: 1024px) 100vw, 1024px\" \/><\/figure>\n\n\n\n<p>EXPORIDE<\/p>\n\n\n\n<p>A Exporide \u00e9 um programa continuado que nasceu para promover o desenvolvimento tecnol\u00f3gico e de inova\u00e7\u00e3o das cidades que comp\u00f5em a Regi\u00e3o Integrada de Desenvolvimento do Distrito Federal e Entorno (RIDE-DF), por meio da capacita\u00e7\u00e3o de agentes p\u00fablicos municipais e empreendedores, al\u00e9m de entidades do terceiro setor. O objetivo \u00e9 aperfei\u00e7oar programas de gera\u00e7\u00e3o de renda, neg\u00f3cios e emprego qualificado, o que pode beneficiar cerca de 1,2 milh\u00f5es de moradores da regi\u00e3o.<\/p>\n\n\n\n<p>Secretaria do Entorno do DF \u2014 Governo de Goi\u00e1s<\/p>\n","protected":false},"excerpt":{"rendered":"<p>Secret\u00e1ria Caroline Fleury recebe diretoria da Codese-DF para discutir o planejamento da segunda edi\u00e7\u00e3o do evento e a\u00e7\u00f5es estrat\u00e9gicas para o Entorno<\/p>\n","protected":false},"author":174,"featured_media":3807,"comment_status":"closed","ping_status":"open","sticky":false,"template":"","format":"standard","meta":{"footnotes":""},"categories":[3],"tags":[105],"class_list":["post-3798","post","type-post","status-publish","format-standard","has-post-thumbnail","hentry","category-noticias","tag-desenvolvimento"],"rttpg_featured_image_url":{"full":["https:\/\/goias.gov.br\/entorno\/wp-content\/uploads\/sites\/30\/2025\/04\/WhatsApp-Image-2025-04-01-at-09.57.12.jpeg",1600,900,false],"landscape":["https:\/\/goias.gov.br\/entorno\/wp-content\/uploads\/sites\/30\/2025\/04\/WhatsApp-Image-2025-04-01-at-09.57.12.jpeg",1600,900,false],"portraits":["https:\/\/goias.gov.br\/entorno\/wp-content\/uploads\/sites\/30\/2025\/04\/WhatsApp-Image-2025-04-01-at-09.57.12.jpeg",1600,900,false],"thumbnail":["https:\/\/goias.gov.br\/entorno\/wp-content\/uploads\/sites\/30\/2025\/04\/WhatsApp-Image-2025-04-01-at-09.57.12-150x150.jpeg",150,150,true],"medium":["https:\/\/goias.gov.br\/entorno\/wp-content\/uploads\/sites\/30\/2025\/04\/WhatsApp-Image-2025-04-01-at-09.57.12-300x169.jpeg",300,169,true],"large":["https:\/\/goias.gov.br\/entorno\/wp-content\/uploads\/sites\/30\/2025\/04\/WhatsApp-Image-2025-04-01-at-09.57.12-1024x576.jpeg",1024,576,true],"1536x1536":["https:\/\/goias.gov.br\/entorno\/wp-content\/uploads\/sites\/30\/2025\/04\/WhatsApp-Image-2025-04-01-at-09.57.12-1536x864.jpeg",1536,864,true],"2048x2048":["https:\/\/goias.gov.br\/entorno\/wp-content\/uploads\/sites\/30\/2025\/04\/WhatsApp-Image-2025-04-01-at-09.57.12.jpeg",1600,900,false]},"rttpg_author":{"display_name":"julianabsantos","author_link":"https:\/\/goias.gov.br\/entorno\/author\/julianabsantos\/"},"rttpg_comment":0,"rttpg_category":"<a href=\"https:\/\/goias.gov.br\/entorno\/categoria\/noticias\/\" rel=\"category tag\">Not\u00edcias<\/a>","rttpg_excerpt":"Secret\u00e1ria Caroline Fleury recebe diretoria da Codese-DF para discutir o planejamento da segunda edi\u00e7\u00e3o do evento e a\u00e7\u00f5es estrat\u00e9gicas para o Entorno","_links":{"self":[{"href":"https:\/\/goias.gov.br\/entorno\/wp-json\/wp\/v2\/posts\/3798","targetHints":{"allow":["GET"]}}],"collection":[{"href":"https:\/\/goias.gov.br\/entorno\/wp-json\/wp\/v2\/posts"}],"about":[{"href":"https:\/\/goias.gov.br\/entorno\/wp-json\/wp\/v2\/types\/post"}],"author":[{"embeddable":true,"href":"https:\/\/goias.gov.br\/entorno\/wp-json\/wp\/v2\/users\/174"}],"replies":[{"embeddable":true,"href":"https:\/\/goias.gov.br\/entorno\/wp-json\/wp\/v2\/comments?post=3798"}],"version-history":[{"count":1,"href":"https:\/\/goias.gov.br\/entorno\/wp-json\/wp\/v2\/posts\/3798\/revisions"}],"predecessor-version":[{"id":3805,"href":"https:\/\/goias.gov.br\/entorno\/wp-json\/wp\/v2\/posts\/3798\/revisions\/3805"}],"wp:featuredmedia":[{"embeddable":true,"href":"https:\/\/goias.gov.br\/entorno\/wp-json\/wp\/v2\/media\/3807"}],"wp:attachment":[{"href":"https:\/\/goias.gov.br\/entorno\/wp-json\/wp\/v2\/media?parent=3798"}],"wp:term":[{"taxonomy":"category","embeddable":true,"href":"https:\/\/goias.gov.br\/entorno\/wp-json\/wp\/v2\/categories?post=3798"},{"taxonomy":"post_tag","embeddable":true,"href":"https:\/\/goias.gov.br\/entorno\/wp-json\/wp\/v2\/tags?post=3798"}],"curies":[{"name":"wp","href":"https:\/\/api.w.org\/{rel}","templated":true}]}}