

{"id":3162,"date":"2025-01-09T11:39:48","date_gmt":"2025-01-09T14:39:48","guid":{"rendered":"https:\/\/goias.gov.br\/entorno\/?p=3162"},"modified":"2025-01-14T11:36:10","modified_gmt":"2025-01-14T14:36:10","slug":"caroline-fleury-participa-de-primeira-reuniao-do-secretariado-em-cristalina","status":"publish","type":"post","link":"https:\/\/goias.gov.br\/entorno\/caroline-fleury-participa-de-primeira-reuniao-do-secretariado-em-cristalina\/","title":{"rendered":"Caroline Fleury participa de primeira reuni\u00e3o do secretariado em Cristalina"},"content":{"rendered":"\n<p><em>Secret\u00e1ria do Entorno refor\u00e7ou o papel estrat\u00e9gico da regi\u00e3o e a necessidade de uni\u00e3o entre prefeituras e governos para transformar a vida da popula\u00e7\u00e3o.<\/em><\/p>\n\n\n\n<figure class=\"wp-block-gallery has-nested-images columns-default is-cropped wp-block-gallery-1 is-layout-flex wp-block-gallery-is-layout-flex\">\n<figure class=\"wp-block-image size-large\"><img fetchpriority=\"high\" decoding=\"async\" width=\"1024\" height=\"576\" data-id=\"3164\" src=\"https:\/\/goias.gov.br\/entorno\/wp-content\/uploads\/sites\/30\/2025\/01\/WhatsApp-Image-2025-01-08-at-18.56.25-1024x576.jpeg\" alt=\"\" class=\"wp-image-3164\" srcset=\"https:\/\/goias.gov.br\/entorno\/wp-content\/uploads\/sites\/30\/2025\/01\/WhatsApp-Image-2025-01-08-at-18.56.25-1024x576.jpeg 1024w, https:\/\/goias.gov.br\/entorno\/wp-content\/uploads\/sites\/30\/2025\/01\/WhatsApp-Image-2025-01-08-at-18.56.25-300x169.jpeg 300w, https:\/\/goias.gov.br\/entorno\/wp-content\/uploads\/sites\/30\/2025\/01\/WhatsApp-Image-2025-01-08-at-18.56.25-768x432.jpeg 768w, https:\/\/goias.gov.br\/entorno\/wp-content\/uploads\/sites\/30\/2025\/01\/WhatsApp-Image-2025-01-08-at-18.56.25-1536x864.jpeg 1536w, https:\/\/goias.gov.br\/entorno\/wp-content\/uploads\/sites\/30\/2025\/01\/WhatsApp-Image-2025-01-08-at-18.56.25-2048x1152.jpeg 2048w\" sizes=\"(max-width: 1024px) 100vw, 1024px\" \/><figcaption class=\"wp-element-caption\">1\u00aa reuni\u00e3o de secret\u00e1rios de Cristalina<\/figcaption><\/figure>\n\n\n\n<figure class=\"wp-block-image size-large\"><img decoding=\"async\" width=\"768\" height=\"1024\" data-id=\"3163\" src=\"https:\/\/goias.gov.br\/entorno\/wp-content\/uploads\/sites\/30\/2025\/01\/WhatsApp-Image-2025-01-08-at-18.59.02-1-768x1024.jpeg\" alt=\"\" class=\"wp-image-3163\" srcset=\"https:\/\/goias.gov.br\/entorno\/wp-content\/uploads\/sites\/30\/2025\/01\/WhatsApp-Image-2025-01-08-at-18.59.02-1-768x1024.jpeg 768w, https:\/\/goias.gov.br\/entorno\/wp-content\/uploads\/sites\/30\/2025\/01\/WhatsApp-Image-2025-01-08-at-18.59.02-1-225x300.jpeg 225w, https:\/\/goias.gov.br\/entorno\/wp-content\/uploads\/sites\/30\/2025\/01\/WhatsApp-Image-2025-01-08-at-18.59.02-1-1152x1536.jpeg 1152w, https:\/\/goias.gov.br\/entorno\/wp-content\/uploads\/sites\/30\/2025\/01\/WhatsApp-Image-2025-01-08-at-18.59.02-1-1536x2048.jpeg 1536w, https:\/\/goias.gov.br\/entorno\/wp-content\/uploads\/sites\/30\/2025\/01\/WhatsApp-Image-2025-01-08-at-18.59.02-1-scaled.jpeg 1920w\" sizes=\"(max-width: 768px) 100vw, 768px\" \/><figcaption class=\"wp-element-caption\">Caroline Fleury e Dr. Luis Ot\u00e1vio<\/figcaption><\/figure>\n<\/figure>\n\n\n\n<p>A secret\u00e1ria do Entorno do Distrito Federal, Caroline Fleury, participou nesta quarta-feira (8) da primeira reuni\u00e3o do secretariado de Cristalina, comandada pelo novo prefeito, Dr. Luis Ot\u00e1vio. Durante o encontro, Caroline destacou a fun\u00e7\u00e3o estrat\u00e9gica da Secretaria do Entorno como elo entre as prefeituras da Regi\u00e3o Metropolitana do Entorno (RME), os governos de Goi\u00e1s e o Federal, al\u00e9m dos Legislativos.<\/p>\n\n\n\n<p>Em seu discurso, Caroline enfatizou a import\u00e2ncia de uma gest\u00e3o integrada para promover o desenvolvimento dos 13 munic\u00edpios que comp\u00f5em a regi\u00e3o: Abadi\u00e2nia, \u00c1guas Lindas, Alex\u00e2nia, Cidade Ocidental, Cocalzinho, Cristalina, Formosa, Luzi\u00e2nia, Novo Gama, Padre Bernardo, Planaltina de Goi\u00e1s, Santo Ant\u00f4nio do Descoberto e Valpara\u00edso.<\/p>\n\n\n\n<p>\u201cO trabalho em equipe \u00e9 essencial. Precisamos pensar em como transformar a vida da popula\u00e7\u00e3o dentro de cada cidade, sempre com foco no impacto positivo\u201d, afirmou.<\/p>\n\n\n\n<p>Caroline tamb\u00e9m ressaltou o apoio do governador Ronaldo Caiado e da primeira-dama e presidente da Organiza\u00e7\u00e3o das Volunt\u00e1rias de Goi\u00e1s (OVG), Gracinha Caiado, \u00e0 RME. \u201cO governador e a primeira-dama acreditam e investem no potencial das cidades do Entorno. Eles est\u00e3o ao lado de cada munic\u00edpio para promover o desenvolvimento que nossa regi\u00e3o merece\u201d, disse a secret\u00e1ria.<\/p>\n\n\n\n<p>O prefeito Dr. Luis Ot\u00e1vio refor\u00e7ou a relev\u00e2ncia do trabalho realizado pela Secretaria do Entorno e elogiou os resultados alcan\u00e7ados pela gest\u00e3o de Ronaldo Caiado. \u201cNosso governador \u00e9 conhecido pelo seu trabalho \u00e0 frente das for\u00e7as de seguran\u00e7a, transformando Goi\u00e1s no estado mais seguro do Brasil. Ele elevou a educa\u00e7\u00e3o ao primeiro lugar no pa\u00eds e, sem d\u00favida, far\u00e1 de Goi\u00e1s o melhor lugar para viver, investir e construir\u201d, destacou.<\/p>\n\n\n\n<p>A secret\u00e1ria Caroline tamb\u00e9m aproveitou para reafirmar que a Secretaria do Entorno est\u00e1 de portas abertas para todos os prefeitos. \u201cAcreditamos que a parceria \u00e9 o caminho. Estamos aqui para ouvir, ajudar e construir juntos, sempre pensando na popula\u00e7\u00e3o. Essa \u00e9 a ess\u00eancia do nosso trabalho\u201d, concluiu.<\/p>\n\n\n\n<p><strong>Di\u00e1logo cont\u00ednuo com as cidades do Entorno<\/strong><\/p>\n\n\n\n<p>Caroline Fleury tem mantido um di\u00e1logo ativo com prefeitos rec\u00e9m-eleitos e reeleitos e suas equipes para fortalecer a coopera\u00e7\u00e3o entre as cidades do Entorno. Para a secret\u00e1ria, esse contato direto \u00e9 essencial para elaborar projetos que atendam \u00e0s necessidades reais da popula\u00e7\u00e3o.<\/p>\n\n\n\n<p>\u201cNosso compromisso \u00e9 integral. Estamos aqui para ser um apoio \u00e0s prefeituras, fortalecendo o Entorno como uma regi\u00e3o estrat\u00e9gica para Goi\u00e1s e para o pa\u00eds\u201d, afirmou.<\/p>\n\n\n\n<p><strong>Novos secret\u00e1rios em Cristalina<\/strong><\/p>\n\n\n\n<p>A nova gest\u00e3o em Cristalina conta com:<\/p>\n\n\n\n<p>Denisia Ferreira (Educa\u00e7\u00e3o); Ana Claudia Ferreira (Sa\u00fade); Wanderson Fernandes Marques (Seguran\u00e7a e Comando da GCM); Clevisson C\u00e2mara (Meio Ambiente); Airton Arikita (Agricultura); Edenilson Ribeiro (Chefe da Garagem); Gabriela Schell (Administra\u00e7\u00e3o); Rayane Maria (Desenvolvimento, Habita\u00e7\u00e3o e Obras); Gabriel Alisson (Comunica\u00e7\u00e3o); Wisley Alc\u00e2ntara (Finan\u00e7as); J\u00e9ssica Matoshima (Gest\u00e3o de Res\u00edduos S\u00f3lidos); Luciano de Faria (Assessor Jur\u00eddico do Gabinete do Prefeito); Jackeline Nunes (Regulariza\u00e7\u00e3o Fundi\u00e1ria); Dr. Wendersson Alves (Procurador do Munic\u00edpio); L\u00e9o Lima (Administrador do Maraj\u00f3); Nara Rubia (Licita\u00e7\u00f5es); Hellen Casia (Casa de Apoio em Goi\u00e2nia); Maur\u00edlio Gomes (Gestor do Fundo Cristal); Andrea Almeida (SMT CRIS); Fabio Gomes (Controle Interno).<\/p>\n\n\n\n<p>Secretaria do Entorno do Distrito Federal | Governo de Goi\u00e1s<\/p>\n","protected":false},"excerpt":{"rendered":"<p>Secret\u00e1ria do Entorno refor\u00e7ou o papel estrat\u00e9gico da regi\u00e3o e a necessidade de uni\u00e3o entre prefeituras e governos para transformar a vida da popula\u00e7\u00e3o. A secret\u00e1ria do Entorno do Distrito Federal, Caroline Fleury, participou nesta quarta-feira (8) da primeira reuni\u00e3o do secretariado de Cristalina, comandada pelo novo prefeito, Dr. Luis Ot\u00e1vio. Durante o encontro, Caroline [&hellip;]<\/p>\n","protected":false},"author":172,"featured_media":3167,"comment_status":"closed","ping_status":"open","sticky":false,"template":"","format":"standard","meta":{"footnotes":""},"categories":[3],"tags":[105],"class_list":["post-3162","post","type-post","status-publish","format-standard","has-post-thumbnail","hentry","category-noticias","tag-desenvolvimento"],"rttpg_featured_image_url":{"full":["https:\/\/goias.gov.br\/entorno\/wp-content\/uploads\/sites\/30\/2025\/01\/WhatsApp-Image-2025-01-08-at-18.59.02-1-1-scaled.jpeg",1920,2560,false],"landscape":["https:\/\/goias.gov.br\/entorno\/wp-content\/uploads\/sites\/30\/2025\/01\/WhatsApp-Image-2025-01-08-at-18.59.02-1-1-scaled.jpeg",1920,2560,false],"portraits":["https:\/\/goias.gov.br\/entorno\/wp-content\/uploads\/sites\/30\/2025\/01\/WhatsApp-Image-2025-01-08-at-18.59.02-1-1-scaled.jpeg",1920,2560,false],"thumbnail":["https:\/\/goias.gov.br\/entorno\/wp-content\/uploads\/sites\/30\/2025\/01\/WhatsApp-Image-2025-01-08-at-18.59.02-1-1-150x150.jpeg",150,150,true],"medium":["https:\/\/goias.gov.br\/entorno\/wp-content\/uploads\/sites\/30\/2025\/01\/WhatsApp-Image-2025-01-08-at-18.59.02-1-1-225x300.jpeg",225,300,true],"large":["https:\/\/goias.gov.br\/entorno\/wp-content\/uploads\/sites\/30\/2025\/01\/WhatsApp-Image-2025-01-08-at-18.59.02-1-1-768x1024.jpeg",768,1024,true],"1536x1536":["https:\/\/goias.gov.br\/entorno\/wp-content\/uploads\/sites\/30\/2025\/01\/WhatsApp-Image-2025-01-08-at-18.59.02-1-1-1152x1536.jpeg",1152,1536,true],"2048x2048":["https:\/\/goias.gov.br\/entorno\/wp-content\/uploads\/sites\/30\/2025\/01\/WhatsApp-Image-2025-01-08-at-18.59.02-1-1-1536x2048.jpeg",1536,2048,true]},"rttpg_author":{"display_name":"julianamartins","author_link":"https:\/\/goias.gov.br\/entorno\/author\/julianamartins\/"},"rttpg_comment":0,"rttpg_category":"<a href=\"https:\/\/goias.gov.br\/entorno\/categoria\/noticias\/\" rel=\"category tag\">Not\u00edcias<\/a>","rttpg_excerpt":"Secret\u00e1ria do Entorno refor\u00e7ou o papel estrat\u00e9gico da regi\u00e3o e a necessidade de uni\u00e3o entre prefeituras e governos para transformar a vida da popula\u00e7\u00e3o. A secret\u00e1ria do Entorno do Distrito Federal, Caroline Fleury, participou nesta quarta-feira (8) da primeira reuni\u00e3o do secretariado de Cristalina, comandada pelo novo prefeito, Dr. Luis Ot\u00e1vio. Durante o encontro, Caroline&hellip;","_links":{"self":[{"href":"https:\/\/goias.gov.br\/entorno\/wp-json\/wp\/v2\/posts\/3162","targetHints":{"allow":["GET"]}}],"collection":[{"href":"https:\/\/goias.gov.br\/entorno\/wp-json\/wp\/v2\/posts"}],"about":[{"href":"https:\/\/goias.gov.br\/entorno\/wp-json\/wp\/v2\/types\/post"}],"author":[{"embeddable":true,"href":"https:\/\/goias.gov.br\/entorno\/wp-json\/wp\/v2\/users\/172"}],"replies":[{"embeddable":true,"href":"https:\/\/goias.gov.br\/entorno\/wp-json\/wp\/v2\/comments?post=3162"}],"version-history":[{"count":1,"href":"https:\/\/goias.gov.br\/entorno\/wp-json\/wp\/v2\/posts\/3162\/revisions"}],"predecessor-version":[{"id":3168,"href":"https:\/\/goias.gov.br\/entorno\/wp-json\/wp\/v2\/posts\/3162\/revisions\/3168"}],"wp:featuredmedia":[{"embeddable":true,"href":"https:\/\/goias.gov.br\/entorno\/wp-json\/wp\/v2\/media\/3167"}],"wp:attachment":[{"href":"https:\/\/goias.gov.br\/entorno\/wp-json\/wp\/v2\/media?parent=3162"}],"wp:term":[{"taxonomy":"category","embeddable":true,"href":"https:\/\/goias.gov.br\/entorno\/wp-json\/wp\/v2\/categories?post=3162"},{"taxonomy":"post_tag","embeddable":true,"href":"https:\/\/goias.gov.br\/entorno\/wp-json\/wp\/v2\/tags?post=3162"}],"curies":[{"name":"wp","href":"https:\/\/api.w.org\/{rel}","templated":true}]}}