

{"id":1181,"date":"2024-03-19T10:45:07","date_gmt":"2024-03-19T13:45:07","guid":{"rendered":"https:\/\/goias.gov.br\/entorno\/?p=1181"},"modified":"2024-03-21T15:34:09","modified_gmt":"2024-03-21T18:34:09","slug":"goias-e-df-apresentam-demandas-de-simplificacao-de-comercio-de-mercadorias-de-origem-animal-ao-ministerio-da-agricultura","status":"publish","type":"post","link":"https:\/\/goias.gov.br\/entorno\/goias-e-df-apresentam-demandas-de-simplificacao-de-comercio-de-mercadorias-de-origem-animal-ao-ministerio-da-agricultura\/","title":{"rendered":"Goi\u00e1s e DF apresentam demandas de simplifica\u00e7\u00e3o de com\u00e9rcio de mercadorias de origem animal ao minist\u00e9rio da Agricultura"},"content":{"rendered":"\n<p><em>Proposta dos Governos de Goi\u00e1s e DF \u00e9 criar SIM regional, Mapa ir\u00e1 analisar Acordo de Coopera\u00e7\u00e3o<\/em><\/p>\n\n\n\n<figure class=\"wp-block-image size-full\"><img fetchpriority=\"high\" decoding=\"async\" width=\"1280\" height=\"960\" src=\"https:\/\/goias.gov.br\/entorno\/wp-content\/uploads\/sites\/30\/2024\/03\/WhatsApp-Image-2024-03-18-at-14.51.45.jpeg\" alt=\"\" class=\"wp-image-1182\" \/><figcaption class=\"wp-element-caption\">Mapa recebe demanda dos governos de Goi\u00e1s e DF sobre cria\u00e7\u00e3o de um SIM regional<\/figcaption><\/figure>\n\n\n\n<p>A simplifica\u00e7\u00e3o do tr\u00e2nsito de mercadoria de origem animal (latic\u00ednios, queijos, ovos, e mel, por exemplo) entre as cidades goianas do Entorno do Distrito Federal (DF) e Bras\u00edlia foi tratada na reuni\u00e3o desta segunda-feira (18), na Secretaria de Defesa Agropecu\u00e1ria do Minist\u00e9rio da Agricultura e Pecu\u00e1ria (Mapa), em Bras\u00edlia. Participaram representantes da Secretaria do Entorno do DF (SEDF-GO), da Ag\u00eancia Goiana de Defesa Agropecu\u00e1ria (Agrodefesa) e da Secretaria da Agricultura do Distrito Federal (Seagri-DF).<\/p>\n\n\n\n<p>A proposta dos governos de Goi\u00e1s e DF \u00e9 atualizar o Acordo de Coopera\u00e7\u00e3o T\u00e9cnica, que, entre outras coisas, abrange a\u00e7\u00f5es conjuntas de defesa sanit\u00e1ria animal e vegetal entre os dois territ\u00f3rios, gerando uma equival\u00eancia nos servi\u00e7os de inspe\u00e7\u00e3o e criando uma certifica\u00e7\u00e3o regionalizada do Servi\u00e7o de Inspe\u00e7\u00e3o Municipal (SIM), levando-se em conta as caracter\u00edsticas de circula\u00e7\u00e3o de mercadorias na Regi\u00e3o Integrada do Entorno do DF.<\/p>\n\n\n\n<p>O presidente da presidente da Ag\u00eancia Goiana de Defesa Agropecu\u00e1ria (Agrodefesa), Jos\u00e9 Ricardo Caixeta, acredita que a regi\u00e3o do Entorno com Bras\u00edlia deve ser tratada de forma integrada, por isso, Goi\u00e1s e DF querem essa unifica\u00e7\u00e3o . \u201cA regionaliza\u00e7\u00e3o do SIM neste caso \u00e9 essencial para o desenvolvimento das atividades do pequeno produtor, al\u00e9m do fomento do mercado de Bras\u00edlia com produtos de qualidade certificada\u201d, disse. Por isso, frisou ele, \u201cesperamos que o minist\u00e9rio an\u00e1lise a proposta com o alcance social que ela tem\u201d.<\/p>\n\n\n\n<p>\u201cA inten\u00e7\u00e3o \u00e9 simplificar aos produtores o com\u00e9rcio e garantir ao consumidor a qualidade dos produtos, j\u00e1 que, por vezes, apenas uma rua separa os dois territ\u00f3rios. N\u00e3o tem sentido o produto que \u00e9 vendido em uma rede atacadista de Goi\u00e1s n\u00e3o poder ser vendido tamb\u00e9m em Bras\u00edlia e vice-versa. A dificuldade de regulariza\u00e7\u00e3o gera a informalidade\u201d, ponderou o representante da SEDF-GO, o chefe de gabinete, Gleiston de Paula.<\/p>\n\n\n\n<p>Daniel Goulart, secret\u00e1rio de Defesa Agropecu\u00e1ria do Mapa, informou que far\u00e1 a an\u00e1lise jur\u00eddica quanto \u00e0 atualiza\u00e7\u00e3o do Acordo de Coopera\u00e7\u00e3o T\u00e9cnica entre Goi\u00e1s e DF.<\/p>\n\n\n\n<p>Comunica\u00e7\u00e3o Setorial \u2013 Secretaria de Estado do Entorno do Distrito Federal<\/p>\n","protected":false},"excerpt":{"rendered":"<p>Proposta dos Governos de Goi\u00e1s e DF \u00e9 criar SIM regional, Mapa ir\u00e1 analisar Acordo de Coopera\u00e7\u00e3o A simplifica\u00e7\u00e3o do tr\u00e2nsito de mercadoria de origem animal (latic\u00ednios, queijos, ovos, e mel, por exemplo) entre as cidades goianas do Entorno do Distrito Federal (DF) e Bras\u00edlia foi tratada na reuni\u00e3o desta segunda-feira (18), na Secretaria de [&hellip;]<\/p>\n","protected":false},"author":172,"featured_media":1183,"comment_status":"closed","ping_status":"open","sticky":false,"template":"","format":"standard","meta":{"footnotes":""},"categories":[3],"tags":[69],"class_list":["post-1181","post","type-post","status-publish","format-standard","has-post-thumbnail","hentry","category-noticias","tag-agro"],"rttpg_featured_image_url":{"full":["https:\/\/goias.gov.br\/entorno\/wp-content\/uploads\/sites\/30\/2024\/03\/WhatsApp-Image-2024-03-18-at-14.51.45-1.jpeg",1280,960,false],"landscape":["https:\/\/goias.gov.br\/entorno\/wp-content\/uploads\/sites\/30\/2024\/03\/WhatsApp-Image-2024-03-18-at-14.51.45-1.jpeg",1280,960,false],"portraits":["https:\/\/goias.gov.br\/entorno\/wp-content\/uploads\/sites\/30\/2024\/03\/WhatsApp-Image-2024-03-18-at-14.51.45-1.jpeg",1280,960,false],"thumbnail":["https:\/\/goias.gov.br\/entorno\/wp-content\/uploads\/sites\/30\/2024\/03\/WhatsApp-Image-2024-03-18-at-14.51.45-1.jpeg",150,113,false],"medium":["https:\/\/goias.gov.br\/entorno\/wp-content\/uploads\/sites\/30\/2024\/03\/WhatsApp-Image-2024-03-18-at-14.51.45-1.jpeg",300,225,false],"large":["https:\/\/goias.gov.br\/entorno\/wp-content\/uploads\/sites\/30\/2024\/03\/WhatsApp-Image-2024-03-18-at-14.51.45-1.jpeg",1024,768,false],"1536x1536":["https:\/\/goias.gov.br\/entorno\/wp-content\/uploads\/sites\/30\/2024\/03\/WhatsApp-Image-2024-03-18-at-14.51.45-1.jpeg",1280,960,false],"2048x2048":["https:\/\/goias.gov.br\/entorno\/wp-content\/uploads\/sites\/30\/2024\/03\/WhatsApp-Image-2024-03-18-at-14.51.45-1.jpeg",1280,960,false]},"rttpg_author":{"display_name":"julianamartins","author_link":"https:\/\/goias.gov.br\/entorno\/author\/julianamartins\/"},"rttpg_comment":0,"rttpg_category":"<a href=\"https:\/\/goias.gov.br\/entorno\/categoria\/noticias\/\" rel=\"category tag\">Not\u00edcias<\/a>","rttpg_excerpt":"Proposta dos Governos de Goi\u00e1s e DF \u00e9 criar SIM regional, Mapa ir\u00e1 analisar Acordo de Coopera\u00e7\u00e3o A simplifica\u00e7\u00e3o do tr\u00e2nsito de mercadoria de origem animal (latic\u00ednios, queijos, ovos, e mel, por exemplo) entre as cidades goianas do Entorno do Distrito Federal (DF) e Bras\u00edlia foi tratada na reuni\u00e3o desta segunda-feira (18), na Secretaria de&hellip;","_links":{"self":[{"href":"https:\/\/goias.gov.br\/entorno\/wp-json\/wp\/v2\/posts\/1181","targetHints":{"allow":["GET"]}}],"collection":[{"href":"https:\/\/goias.gov.br\/entorno\/wp-json\/wp\/v2\/posts"}],"about":[{"href":"https:\/\/goias.gov.br\/entorno\/wp-json\/wp\/v2\/types\/post"}],"author":[{"embeddable":true,"href":"https:\/\/goias.gov.br\/entorno\/wp-json\/wp\/v2\/users\/172"}],"replies":[{"embeddable":true,"href":"https:\/\/goias.gov.br\/entorno\/wp-json\/wp\/v2\/comments?post=1181"}],"version-history":[{"count":1,"href":"https:\/\/goias.gov.br\/entorno\/wp-json\/wp\/v2\/posts\/1181\/revisions"}],"predecessor-version":[{"id":1184,"href":"https:\/\/goias.gov.br\/entorno\/wp-json\/wp\/v2\/posts\/1181\/revisions\/1184"}],"wp:featuredmedia":[{"embeddable":true,"href":"https:\/\/goias.gov.br\/entorno\/wp-json\/wp\/v2\/media\/1183"}],"wp:attachment":[{"href":"https:\/\/goias.gov.br\/entorno\/wp-json\/wp\/v2\/media?parent=1181"}],"wp:term":[{"taxonomy":"category","embeddable":true,"href":"https:\/\/goias.gov.br\/entorno\/wp-json\/wp\/v2\/categories?post=1181"},{"taxonomy":"post_tag","embeddable":true,"href":"https:\/\/goias.gov.br\/entorno\/wp-json\/wp\/v2\/tags?post=1181"}],"curies":[{"name":"wp","href":"https:\/\/api.w.org\/{rel}","templated":true}]}}