

{"id":916,"date":"2019-01-30T07:56:11","date_gmt":"2019-01-30T09:56:11","guid":{"rendered":"https:\/\/goias.gov.br\/emater\/?p=916"},"modified":"2025-04-15T02:32:34","modified_gmt":"2025-04-15T05:32:34","slug":"curso-de-corte-e-costura-em-luziania","status":"publish","type":"post","link":"https:\/\/goias.gov.br\/emater\/curso-de-corte-e-costura-em-luziania\/","title":{"rendered":"Curso de Corte e Costura em Luzi\u00e2nia"},"content":{"rendered":"<p>A Ag\u00eancia Goiana de Assist\u00eancia T\u00e9cnica, Extens\u00e3o Rural e Pesquisa Agropecu\u00e1ria (Emater), iniciou no dia 19 de janeiro, o curso de Corte e Costura na cidade de Luzi\u00e2nia, interior do estado. O projeto ter\u00e1 dura\u00e7\u00e3o de seis meses e ser\u00e1 realizado aos s\u00e1bados durante esse per\u00edodo.<\/p>\n<p>O curso foi solicitado por moradoras da cidade e tem como objetivo ministrar aulas pr\u00e1ticas sobre todo o processo de confec\u00e7\u00e3o em m\u00e1quinas de costura. Ao todo, a a\u00e7\u00e3o conta com 15 participantes, que s\u00e3o divididas em duas turmas, sendo uma no per\u00edodo da manh\u00e3, das 08h \u00e0s 12h e outra no per\u00edodo da tarde, das 13h \u00e0s 17h. \u00a0As atividades est\u00e3o sendo realizadas na Loja do Artes\u00e3o, local cedido pela Secret\u00e1ria de Promo\u00e7\u00e3o Social da regi\u00e3o.<\/p>\n<p>Maria Aparecida Pereira, respons\u00e1vel e tamb\u00e9m ministrante do curso, destacou a import\u00e2ncia da a\u00e7\u00e3o. \u201cEstamos satisfeitos com a id\u00e9ia do curso de Corte e Costura, que ser\u00e1 de grande valia para a comunidade. Esse projeto foi solicitado a n\u00f3s da Emater e com a parceria da prefeitura, estamos conseguindo conduzi-lo\u201d. Maria tamb\u00e9m ressaltou que tanto o material, quanto as m\u00e1quinas de costura, est\u00e3o sendo custeadas pelas participantes, entretanto, as aulas s\u00e3o gratuitas.<\/p>\n<p>A aluna do curso Jania de Oliveira, afirma estar empenhada com o projeto. \u201cNas aulas n\u00f3s estamos aprendendo algo que vamos poder comercializar depois, ou seja, ser\u00e1 algo que ajudar\u00e1 as participantes a ter uma renda extra, ou at\u00e9 uma profiss\u00e3o\u201d. Jania informou que nas primeiras aulas est\u00e3o sendo produzidos objetos artesanais, como bolsas, panos de pratos, porta rolos e etc.<\/p>\n<p><strong><em>Ger\u00eancia de Comunica\u00e7\u00e3o para Inova\u00e7\u00e3o \u2013 Emater<br \/>\n<\/em><\/strong>Texto: Beatriz Alves<\/p>\n<p>Foto: Emater \/ Divulga\u00e7\u00e3o<br \/>\nInforma\u00e7\u00f5es \u00e0 imprensa: (62) 3201-8767 \/ comunicacao.ematergo@gmail.com<\/p>\n","protected":false},"excerpt":{"rendered":"<p>A Ag\u00eancia Goiana de Assist\u00eancia T\u00e9cnica, Extens\u00e3o Rural e Pesquisa Agropecu\u00e1ria (Emater), iniciou no dia 19 de janeiro, o curso de Corte e Costura na cidade de Luzi\u00e2nia, interior do estado. O projeto ter\u00e1 dura\u00e7\u00e3o de seis meses e ser\u00e1 realizado aos s\u00e1bados durante esse per\u00edodo. O curso foi solicitado por moradoras da cidade e [&hellip;]<\/p>\n","protected":false},"author":2,"featured_media":917,"comment_status":"closed","ping_status":"open","sticky":false,"template":"","format":"standard","meta":{"_acf_changed":false,"footnotes":""},"categories":[53,67],"tags":[62,93,63],"class_list":["post-916","post","type-post","status-publish","format-standard","has-post-thumbnail","hentry","category-cursos","category-publicacoes","tag-curso","tag-emater","tag-luziania","tipo_de_noticia-novidades"],"acf":[],"rttpg_featured_image_url":{"full":["https:\/\/goias.gov.br\/emater\/wp-content\/uploads\/sites\/62\/2019\/01\/WhatsApp-Image-2019-01-28-at-08.56.12.jpeg",1280,960,false],"landscape":["https:\/\/goias.gov.br\/emater\/wp-content\/uploads\/sites\/62\/2019\/01\/WhatsApp-Image-2019-01-28-at-08.56.12.jpeg",1280,960,false],"portraits":["https:\/\/goias.gov.br\/emater\/wp-content\/uploads\/sites\/62\/2019\/01\/WhatsApp-Image-2019-01-28-at-08.56.12.jpeg",1280,960,false],"thumbnail":["https:\/\/goias.gov.br\/emater\/wp-content\/uploads\/sites\/62\/2019\/01\/WhatsApp-Image-2019-01-28-at-08.56.12-150x150.jpeg",150,150,true],"medium":["https:\/\/goias.gov.br\/emater\/wp-content\/uploads\/sites\/62\/2019\/01\/WhatsApp-Image-2019-01-28-at-08.56.12-300x225.jpeg",300,225,true],"large":["https:\/\/goias.gov.br\/emater\/wp-content\/uploads\/sites\/62\/2019\/01\/WhatsApp-Image-2019-01-28-at-08.56.12-1024x768.jpeg",1024,768,true],"1536x1536":["https:\/\/goias.gov.br\/emater\/wp-content\/uploads\/sites\/62\/2019\/01\/WhatsApp-Image-2019-01-28-at-08.56.12.jpeg",1280,960,false],"2048x2048":["https:\/\/goias.gov.br\/emater\/wp-content\/uploads\/sites\/62\/2019\/01\/WhatsApp-Image-2019-01-28-at-08.56.12.jpeg",1280,960,false]},"rttpg_author":{"display_name":"rogerioduarte","author_link":"https:\/\/goias.gov.br\/emater\/author\/rogerioduarte\/"},"rttpg_comment":0,"rttpg_category":"<a href=\"https:\/\/goias.gov.br\/emater\/categoria\/cursos\/\" rel=\"category tag\">Cursos<\/a> <a href=\"https:\/\/goias.gov.br\/emater\/categoria\/publicacoes\/\" rel=\"category tag\">Publica\u00e7\u00f5es<\/a>","rttpg_excerpt":"A Ag\u00eancia Goiana de Assist\u00eancia T\u00e9cnica, Extens\u00e3o Rural e Pesquisa Agropecu\u00e1ria (Emater), iniciou no dia 19 de janeiro, o curso de Corte e Costura na cidade de Luzi\u00e2nia, interior do estado. O projeto ter\u00e1 dura\u00e7\u00e3o de seis meses e ser\u00e1 realizado aos s\u00e1bados durante esse per\u00edodo. O curso foi solicitado por moradoras da cidade e&hellip;","_links":{"self":[{"href":"https:\/\/goias.gov.br\/emater\/wp-json\/wp\/v2\/posts\/916","targetHints":{"allow":["GET"]}}],"collection":[{"href":"https:\/\/goias.gov.br\/emater\/wp-json\/wp\/v2\/posts"}],"about":[{"href":"https:\/\/goias.gov.br\/emater\/wp-json\/wp\/v2\/types\/post"}],"author":[{"embeddable":true,"href":"https:\/\/goias.gov.br\/emater\/wp-json\/wp\/v2\/users\/2"}],"replies":[{"embeddable":true,"href":"https:\/\/goias.gov.br\/emater\/wp-json\/wp\/v2\/comments?post=916"}],"version-history":[{"count":1,"href":"https:\/\/goias.gov.br\/emater\/wp-json\/wp\/v2\/posts\/916\/revisions"}],"predecessor-version":[{"id":271076,"href":"https:\/\/goias.gov.br\/emater\/wp-json\/wp\/v2\/posts\/916\/revisions\/271076"}],"wp:featuredmedia":[{"embeddable":true,"href":"https:\/\/goias.gov.br\/emater\/wp-json\/wp\/v2\/media\/917"}],"wp:attachment":[{"href":"https:\/\/goias.gov.br\/emater\/wp-json\/wp\/v2\/media?parent=916"}],"wp:term":[{"taxonomy":"category","embeddable":true,"href":"https:\/\/goias.gov.br\/emater\/wp-json\/wp\/v2\/categories?post=916"},{"taxonomy":"post_tag","embeddable":true,"href":"https:\/\/goias.gov.br\/emater\/wp-json\/wp\/v2\/tags?post=916"}],"curies":[{"name":"wp","href":"https:\/\/api.w.org\/{rel}","templated":true}]}}