

{"id":7463,"date":"2020-11-11T12:17:30","date_gmt":"2020-11-11T15:17:30","guid":{"rendered":"https:\/\/goias.gov.br\/emater\/?p=7463"},"modified":"2025-04-15T02:58:28","modified_gmt":"2025-04-15T05:58:28","slug":"agro-centro-oeste-familiar-sera-em-maio-de-2021","status":"publish","type":"post","link":"https:\/\/goias.gov.br\/emater\/agro-centro-oeste-familiar-sera-em-maio-de-2021\/","title":{"rendered":"Agro Centro-Oeste Familiar ser\u00e1 em maio de 2021"},"content":{"rendered":"\n<p>O Instituto Federal Goiano (IF Goiano) &#8211; Campus Ceres, sediar\u00e1 a Agro Centro-Oeste Familiar 2021 em suas depend\u00eancias entre os dias 5 e 8 de maio de 2021. O evento tem se consolidado como um espa\u00e7o em que os agricultores familiares, al\u00e9m de apresentarem sua produ\u00e7\u00e3o para a sociedade, discutem as iniciativas p\u00fablicas para o desenvolvimento rural e se tornam importante elo em sua constru\u00e7\u00e3o. A feira \u00e9 um espa\u00e7o de exposi\u00e7\u00e3o e di\u00e1logo que almeja ser cada vez mais pautada pelos pr\u00f3prios agricultores. Para isso o evento tem buscado, desde o in\u00edcio de sua prepara\u00e7\u00e3o, envolver na organiza\u00e7\u00e3o as cooperativas e segmentos organizados pela agricultura familiar.<br><\/p>\n\n\n\n<p>A partir de a\u00e7\u00f5es e temas priorizados pelos agricultores, a feira tamb\u00e9m incorpora outros autores-chave para o campo como \u00f3rg\u00e3os de governo, empresas, gestores p\u00fablicos e sociedade civil organizada, envolvidos na organiza\u00e7\u00e3o do evento e buscando aportar suas contribui\u00e7\u00f5es para os aspectos centrais pautados.<br><\/p>\n\n\n\n<figure class=\"wp-block-image\"><img fetchpriority=\"high\" decoding=\"async\" width=\"1000\" height=\"714\" src=\"https:\/\/goias.gov.br\/emater\/wp-content\/uploads\/sites\/62\/2020\/11\/agro-centro-oeste-2.jpg\" alt=\"\" class=\"wp-image-7465\" srcset=\"https:\/\/goias.gov.br\/emater\/wp-content\/uploads\/sites\/62\/2020\/11\/agro-centro-oeste-2.jpg 1000w, https:\/\/goias.gov.br\/emater\/wp-content\/uploads\/sites\/62\/2020\/11\/agro-centro-oeste-2-300x214.jpg 300w, https:\/\/goias.gov.br\/emater\/wp-content\/uploads\/sites\/62\/2020\/11\/agro-centro-oeste-2-768x548.jpg 768w\" sizes=\"(max-width: 1000px) 100vw, 1000px\" \/><figcaption>Estande da Emater na edi\u00e7\u00e3o de 2018 da Agro Centro-Oeste Familiar | Imagem: Nivaldo Ferr<\/figcaption><\/figure>\n\n\n\n<p><strong>Hist\u00f3rico<\/strong><br><\/p>\n\n\n\n<p>A Agro Centro-Oeste era realizada anualmente em Goi\u00e2nia desde o ano 2000, em \u00e1rea da Escola de Agronomia e Engenharia de Alimentos da Universidade Federal de Goi\u00e1s (UFG). Al\u00e9m de promover a realiza\u00e7\u00e3o da feira e ceder o espa\u00e7o para o evento, a universidade promoveu a mobiliza\u00e7\u00e3o dos expositores, incluindo cooperativas de agricultores familiares e empresas de tecnologias, e a ajuda na prepara\u00e7\u00e3o dos temas-chave a serem debatidos nos semin\u00e1rios. A partir de 2005, o enfoque da ACOF se voltou para a agricultura familiar, por tratar-se de um segmento que apresenta significativa necessidade de apoio, atuando como uma oportunidade de afirma\u00e7\u00e3o e de exposi\u00e7\u00e3o de seus produtos, al\u00e9m do espa\u00e7o de negocia\u00e7\u00e3o de pol\u00edticas p\u00fablicas nos semin\u00e1rios.<br><\/p>\n\n\n\n<p>A 12\u00aa Edi\u00e7\u00e3o da Feira, em 2014, foi sediada pela primeira vez no interior do Estado de Goi\u00e1s, pelo Instituto Federal Goiano, na cidade de Morrinhos, mantendo o acesso a informa\u00e7\u00f5es e tecnologias agropecu\u00e1rias e com incentivo ao aumento na qualidade, produtividade e valor agregado aos produtos gerados por agricultores familiares.<br><\/p>\n\n\n\n<p>Em 2015 (13\u00aa edi\u00e7\u00e3o) voltou a ser realizada nas depend\u00eancias da UFG, em Goi\u00e2nia, onde atingiu recorde de p\u00fablico visitante e maior n\u00famero de produtos comercializados. Nessa edi\u00e7\u00e3o foi constru\u00edda tamb\u00e9m a carta \u00e0 sociedade da Feira da Agro Centro-Oeste Familiar, onde se indicou os caminhos e desafios aos \u00f3rg\u00e3os governamentais e \u00e0 sociedade civil.<br><\/p>\n\n\n\n<p>J\u00e1 a 14\u00aa feira, em 2016, voltou a ser sediada pelo Instituto Federal Goiano, mas agora no Campus de Uruta\u00ed, com o tema central em Agroecologia, sendo um evento constru\u00eddo em parceria por grupos e n\u00facleos voltados para o assunto.<br><\/p>\n\n\n\n<p>Na 15\u00aa edi\u00e7\u00e3o, em 2017, foi realizada no Centro de Eventos da UFG. O tema da edi\u00e7\u00e3o&nbsp; relacionou-se \u00e0 inova\u00e7\u00e3o na produ\u00e7\u00e3o por meio de sistemas e tecnologias voltados \u00e0 produ\u00e7\u00e3o familiar. O evento foi considerado um sucesso e teve p\u00fablico recorde.<br><\/p>\n\n\n\n<p>A 16\u00aa ACOF foi organizada pela Universidade Estadual de Goi\u00e1s (UEG) na cidade de S\u00e3o Lu\u00eds de Montes Belos, entre 09 a 11 de maio de 2018. A primeira edi\u00e7\u00e3o sob a responsabilidade da UEG contou com uma inova\u00e7\u00e3o: a feira livre sendo realizada no per\u00edodo noturno, no Parque Bela Vista (Espelho D\u2019\u00e1gua), objetivando maior visibilidade e melhor comercializa\u00e7\u00e3o dos produtos. O tema daquele ano foi \u201cAgricultura Familiar: oportunidades e desafios na produ\u00e7\u00e3o de alimentos saud\u00e1veis\u201d<br><\/p>\n\n\n\n<p>Em 2020, em fun\u00e7\u00e3o da pandemia do Covid-19, o evento, que estava programado para ser realizado no Campus Ceres, acabou sendo adiado para 2021.\u00a0<\/p>\n\n\n\n<p><strong>Para acessar os formul\u00e1rios de cadastro de expositores e envio de propostas de atividades <\/strong><a href=\"https:\/\/www.ifgoiano.edu.br\/home\/index.php\/component\/content\/article\/208-eventos-institucional\/15963-agro-centro-oeste-familiar-2021.html\"><strong>CLIQUE AQUI<\/strong><\/a><strong>.<\/strong><\/p>\n\n\n\n<hr class=\"wp-block-separator\" \/>\n\n\n\n<p><strong>Comunica\u00e7\u00e3o Setorial da Emater \u2013 Governo de Goi\u00e1s<\/strong><br>Informa\u00e7\u00f5es \u00e0 imprensa: (62) 99276-8126\/(62) 99276-8815<br>comunicacao.ematergo@gmail.com<\/p>\n","protected":false},"excerpt":{"rendered":"<p>O Instituto Federal Goiano (IF Goiano) &#8211; Campus Ceres, sediar\u00e1 a Agro Centro-Oeste Familiar 2021 em suas depend\u00eancias entre os dias 5 e 8 de maio de 2021. O evento tem se consolidado como um espa\u00e7o em que os agricultores familiares, al\u00e9m de apresentarem sua produ\u00e7\u00e3o para a sociedade, discutem as iniciativas p\u00fablicas para o [&hellip;]<\/p>\n","protected":false},"author":2,"featured_media":7464,"comment_status":"closed","ping_status":"open","sticky":false,"template":"","format":"standard","meta":{"_acf_changed":false,"footnotes":""},"categories":[42],"tags":[],"class_list":["post-7463","post","type-post","status-publish","format-standard","has-post-thumbnail","hentry","category-evento"],"acf":[],"rttpg_featured_image_url":{"full":["https:\/\/goias.gov.br\/emater\/wp-content\/uploads\/sites\/62\/2020\/11\/agro-centro-oeste-1.jpg",1000,714,false],"landscape":["https:\/\/goias.gov.br\/emater\/wp-content\/uploads\/sites\/62\/2020\/11\/agro-centro-oeste-1.jpg",1000,714,false],"portraits":["https:\/\/goias.gov.br\/emater\/wp-content\/uploads\/sites\/62\/2020\/11\/agro-centro-oeste-1.jpg",1000,714,false],"thumbnail":["https:\/\/goias.gov.br\/emater\/wp-content\/uploads\/sites\/62\/2020\/11\/agro-centro-oeste-1-150x150.jpg",150,150,true],"medium":["https:\/\/goias.gov.br\/emater\/wp-content\/uploads\/sites\/62\/2020\/11\/agro-centro-oeste-1-300x214.jpg",300,214,true],"large":["https:\/\/goias.gov.br\/emater\/wp-content\/uploads\/sites\/62\/2020\/11\/agro-centro-oeste-1.jpg",1000,714,false],"1536x1536":["https:\/\/goias.gov.br\/emater\/wp-content\/uploads\/sites\/62\/2020\/11\/agro-centro-oeste-1.jpg",1000,714,false],"2048x2048":["https:\/\/goias.gov.br\/emater\/wp-content\/uploads\/sites\/62\/2020\/11\/agro-centro-oeste-1.jpg",1000,714,false]},"rttpg_author":{"display_name":"rogerioduarte","author_link":"https:\/\/goias.gov.br\/emater\/author\/rogerioduarte\/"},"rttpg_comment":0,"rttpg_category":"<a href=\"https:\/\/goias.gov.br\/emater\/categoria\/evento\/\" rel=\"category tag\">Evento<\/a>","rttpg_excerpt":"O Instituto Federal Goiano (IF Goiano) &#8211; Campus Ceres, sediar\u00e1 a Agro Centro-Oeste Familiar 2021 em suas depend\u00eancias entre os dias 5 e 8 de maio de 2021. O evento tem se consolidado como um espa\u00e7o em que os agricultores familiares, al\u00e9m de apresentarem sua produ\u00e7\u00e3o para a sociedade, discutem as iniciativas p\u00fablicas para o&hellip;","_links":{"self":[{"href":"https:\/\/goias.gov.br\/emater\/wp-json\/wp\/v2\/posts\/7463","targetHints":{"allow":["GET"]}}],"collection":[{"href":"https:\/\/goias.gov.br\/emater\/wp-json\/wp\/v2\/posts"}],"about":[{"href":"https:\/\/goias.gov.br\/emater\/wp-json\/wp\/v2\/types\/post"}],"author":[{"embeddable":true,"href":"https:\/\/goias.gov.br\/emater\/wp-json\/wp\/v2\/users\/2"}],"replies":[{"embeddable":true,"href":"https:\/\/goias.gov.br\/emater\/wp-json\/wp\/v2\/comments?post=7463"}],"version-history":[{"count":1,"href":"https:\/\/goias.gov.br\/emater\/wp-json\/wp\/v2\/posts\/7463\/revisions"}],"predecessor-version":[{"id":271835,"href":"https:\/\/goias.gov.br\/emater\/wp-json\/wp\/v2\/posts\/7463\/revisions\/271835"}],"wp:featuredmedia":[{"embeddable":true,"href":"https:\/\/goias.gov.br\/emater\/wp-json\/wp\/v2\/media\/7464"}],"wp:attachment":[{"href":"https:\/\/goias.gov.br\/emater\/wp-json\/wp\/v2\/media?parent=7463"}],"wp:term":[{"taxonomy":"category","embeddable":true,"href":"https:\/\/goias.gov.br\/emater\/wp-json\/wp\/v2\/categories?post=7463"},{"taxonomy":"post_tag","embeddable":true,"href":"https:\/\/goias.gov.br\/emater\/wp-json\/wp\/v2\/tags?post=7463"}],"curies":[{"name":"wp","href":"https:\/\/api.w.org\/{rel}","templated":true}]}}