

{"id":7123,"date":"2020-09-17T10:51:39","date_gmt":"2020-09-17T13:51:39","guid":{"rendered":"https:\/\/goias.gov.br\/emater\/?p=7123"},"modified":"2025-04-15T02:58:32","modified_gmt":"2025-04-15T05:58:32","slug":"interleite-brasil-2021-sera-realizado-nos-dias-4-e-5-de-agosto-em-goias","status":"publish","type":"post","link":"https:\/\/goias.gov.br\/emater\/interleite-brasil-2021-sera-realizado-nos-dias-4-e-5-de-agosto-em-goias\/","title":{"rendered":"Interleite Brasil 2021 ser\u00e1 realizado nos dias 4 e 5 de agosto em Goi\u00e1s"},"content":{"rendered":"\n<p>Considerado um dos principais eventos da cadeia l\u00e1ctea no Pa\u00eds, o Interleite Brasil j\u00e1 tem data confirmada para 2021: ser\u00e1 nos dias 4 e 5 de agosto, no Centro de Conven\u00e7\u00f5es de Goi\u00e2nia. \u00c9 a primeira vez que o encontro, que re\u00fane produtores, t\u00e9cnicos, profissionais e representantes da ind\u00fastria de latic\u00ednios, vai ocorrer fora do Estado de Minas Gerais. A divulga\u00e7\u00e3o da data ocorreu nesta quarta-feira (16\/09) durante evento virtual que marcou o pr\u00e9-lan\u00e7amento do Interleite. Correalizador do evento, o Governo de Goi\u00e1s esteve representado pelo secret\u00e1rio de Estado de Agricultura, Pecu\u00e1ria e Abastecimento, Ant\u00f4nio Carlos de Souza Lima Neto, e pelo presidente da Goi\u00e1s Turismo, Fabr\u00edcio Amaral.&nbsp;<\/p>\n\n\n\n<p>De acordo com o titular da Seapa, Ant\u00f4nio Carlos, a escolha do Estado para sediar a 20\u00aa edi\u00e7\u00e3o do Interleite se deve \u00e0 voca\u00e7\u00e3o natural de Goi\u00e1s para o agroneg\u00f3cio e a import\u00e2ncia da cadeia produtiva leiteira para a economia goiana e brasileira. \u201cTemos uma produ\u00e7\u00e3o de leite que se destaca, assim como um parque industrial. Todos os elos da cadeia trabalham para fortalecer o setor no Estado, que hoje ocupa a quarta posi\u00e7\u00e3o em produ\u00e7\u00e3o de leite no Pa\u00eds. Por isso, em nome do Governo de Goi\u00e1s e do nosso governador Ronaldo Caiado, n\u00f3s celebramos essa grande oportunidade que \u00e9 receber o Interleite Brasil no Estado\u201d, ressaltou.<\/p>\n\n\n\n<p>Ant\u00f4nio Carlos explica ainda que o evento estava previsto para ser realizado neste ano, em Goi\u00e1s, mas por causa da pandemia do novo coronav\u00edrus (Covid-19) foi adiado para 2021. \u201cSabemos que temos um grande desafio pela frente, mas vamos trabalhar para que a 20\u00aa edi\u00e7\u00e3o do Interleite seja o maior evento da cadeia produtiva do leite no Brasil\u201d, enfatizou.&nbsp;<\/p>\n\n\n\n<p>\u00c9 o que estima tamb\u00e9m Marcelo Pereira de Carvalho, CEO da AgriPoint, realizadora do Interleite Brasil. \u201cGoi\u00e1s vai fazer um trabalho incr\u00edvel e com isso, nossa responsabilidade s\u00f3 aumenta em proporcionar um grande Interleite para o p\u00fablico. Ser\u00e1 um evento de Goi\u00e1s para o mundo\u201d, destacou. De acordo com ele, a 20\u00aa edi\u00e7\u00e3o j\u00e1 se destaca pelo engajamento de parceiros envolvidos na organiza\u00e7\u00e3o.&nbsp;<\/p>\n\n\n\n<p>A Federa\u00e7\u00e3o da Agricultura e Pecu\u00e1ria de Goi\u00e1s (Faeg) e o Servi\u00e7o Nacional de Aprendizagem Rural (Senar Goi\u00e1s) s\u00e3o entidades que participam como correalizadoras do Interleite Brasil 2021. O superintendente do Senar Goi\u00e1s, Dirceu Borges \u2013 que participou do pr\u00e9-lan\u00e7amento -, refor\u00e7ou que esse maior tempo para o planejamento, j\u00e1 que houve o adiamento de 2020 para o pr\u00f3ximo ano devido \u00e0 pandemia, aumenta a responsabilidade em fazer um evento maior. \u201cAssim como h\u00e1 mais tempo para organizar, cresce tamb\u00e9m o desafio de entregar um Interleite com mais informa\u00e7\u00e3o, conte\u00fado t\u00e9cnico, de gest\u00e3o e mercado para o p\u00fablico. A atividade leiteira est\u00e1 presente nos 246 munic\u00edpios goianos e isso revela a import\u00e2ncia que um evento desse porte tem para o Estado de Goi\u00e1s\u201d, disse.&nbsp;<\/p>\n\n\n\n<p>J\u00e1 o diretor do Servi\u00e7o de Apoio \u00e0s Micro e Pequenas Empresas (Sebrae Goi\u00e1s), Wanderson Portugal, acrescentou que todos as entidades envolvidas na realiza\u00e7\u00e3o do Interleite Brasil v\u00e3o somar esfor\u00e7os para que o evento possa proporcionar aprendizado maior sobre a cadeia produtiva l\u00e1ctea, permitindo o desenvolvimento de todos os elos envolvidos no segmento em Goi\u00e1s.&nbsp;<\/p>\n\n\n\n<p><strong>Marque na agenda:<br>Interleite Brasil 2021<\/strong><br>Quando: 4 e 5 de agosto de 2021<br>Local: Centro de Conven\u00e7\u00f5es de Goi\u00e2nia (GO)<\/p>\n\n\n\n<p><strong>Comunica\u00e7\u00e3o Setorial da Secretaria de Estado de Agricultura, Pecu\u00e1ria e Abastecimento (Seapa) \u2013 Governo de Goi\u00e1s<\/strong><\/p>\n","protected":false},"excerpt":{"rendered":"<p>Considerado um dos principais eventos da cadeia l\u00e1ctea no Pa\u00eds, o Interleite Brasil j\u00e1 tem data confirmada para 2021: ser\u00e1 nos dias 4 e 5 de agosto, no Centro de Conven\u00e7\u00f5es de Goi\u00e2nia. \u00c9 a primeira vez que o encontro, que re\u00fane produtores, t\u00e9cnicos, profissionais e representantes da ind\u00fastria de latic\u00ednios, vai ocorrer fora do [&hellip;]<\/p>\n","protected":false},"author":2,"featured_media":7124,"comment_status":"closed","ping_status":"open","sticky":false,"template":"","format":"standard","meta":{"_acf_changed":false,"footnotes":""},"categories":[42,1],"tags":[],"class_list":["post-7123","post","type-post","status-publish","format-standard","has-post-thumbnail","hentry","category-evento","category-noticias"],"acf":[],"rttpg_featured_image_url":{"full":["https:\/\/goias.gov.br\/emater\/wp-content\/uploads\/sites\/62\/2020\/09\/Seapa.jpg",1318,825,false],"landscape":["https:\/\/goias.gov.br\/emater\/wp-content\/uploads\/sites\/62\/2020\/09\/Seapa.jpg",1318,825,false],"portraits":["https:\/\/goias.gov.br\/emater\/wp-content\/uploads\/sites\/62\/2020\/09\/Seapa.jpg",1318,825,false],"thumbnail":["https:\/\/goias.gov.br\/emater\/wp-content\/uploads\/sites\/62\/2020\/09\/Seapa-150x150.jpg",150,150,true],"medium":["https:\/\/goias.gov.br\/emater\/wp-content\/uploads\/sites\/62\/2020\/09\/Seapa-300x188.jpg",300,188,true],"large":["https:\/\/goias.gov.br\/emater\/wp-content\/uploads\/sites\/62\/2020\/09\/Seapa-1024x641.jpg",1024,641,true],"1536x1536":["https:\/\/goias.gov.br\/emater\/wp-content\/uploads\/sites\/62\/2020\/09\/Seapa.jpg",1318,825,false],"2048x2048":["https:\/\/goias.gov.br\/emater\/wp-content\/uploads\/sites\/62\/2020\/09\/Seapa.jpg",1318,825,false]},"rttpg_author":{"display_name":"rogerioduarte","author_link":"https:\/\/goias.gov.br\/emater\/author\/rogerioduarte\/"},"rttpg_comment":0,"rttpg_category":"<a href=\"https:\/\/goias.gov.br\/emater\/categoria\/evento\/\" rel=\"category tag\">Evento<\/a> <a href=\"https:\/\/goias.gov.br\/emater\/categoria\/noticias\/\" rel=\"category tag\">Not\u00edcias<\/a>","rttpg_excerpt":"Considerado um dos principais eventos da cadeia l\u00e1ctea no Pa\u00eds, o Interleite Brasil j\u00e1 tem data confirmada para 2021: ser\u00e1 nos dias 4 e 5 de agosto, no Centro de Conven\u00e7\u00f5es de Goi\u00e2nia. \u00c9 a primeira vez que o encontro, que re\u00fane produtores, t\u00e9cnicos, profissionais e representantes da ind\u00fastria de latic\u00ednios, vai ocorrer fora do&hellip;","_links":{"self":[{"href":"https:\/\/goias.gov.br\/emater\/wp-json\/wp\/v2\/posts\/7123","targetHints":{"allow":["GET"]}}],"collection":[{"href":"https:\/\/goias.gov.br\/emater\/wp-json\/wp\/v2\/posts"}],"about":[{"href":"https:\/\/goias.gov.br\/emater\/wp-json\/wp\/v2\/types\/post"}],"author":[{"embeddable":true,"href":"https:\/\/goias.gov.br\/emater\/wp-json\/wp\/v2\/users\/2"}],"replies":[{"embeddable":true,"href":"https:\/\/goias.gov.br\/emater\/wp-json\/wp\/v2\/comments?post=7123"}],"version-history":[{"count":1,"href":"https:\/\/goias.gov.br\/emater\/wp-json\/wp\/v2\/posts\/7123\/revisions"}],"predecessor-version":[{"id":271874,"href":"https:\/\/goias.gov.br\/emater\/wp-json\/wp\/v2\/posts\/7123\/revisions\/271874"}],"wp:featuredmedia":[{"embeddable":true,"href":"https:\/\/goias.gov.br\/emater\/wp-json\/wp\/v2\/media\/7124"}],"wp:attachment":[{"href":"https:\/\/goias.gov.br\/emater\/wp-json\/wp\/v2\/media?parent=7123"}],"wp:term":[{"taxonomy":"category","embeddable":true,"href":"https:\/\/goias.gov.br\/emater\/wp-json\/wp\/v2\/categories?post=7123"},{"taxonomy":"post_tag","embeddable":true,"href":"https:\/\/goias.gov.br\/emater\/wp-json\/wp\/v2\/tags?post=7123"}],"curies":[{"name":"wp","href":"https:\/\/api.w.org\/{rel}","templated":true}]}}