

{"id":6820,"date":"2020-08-18T11:46:46","date_gmt":"2020-08-18T14:46:46","guid":{"rendered":"https:\/\/goias.gov.br\/emater\/?p=6820"},"modified":"2025-04-15T02:58:35","modified_gmt":"2025-04-15T05:58:35","slug":"artigo-novas-perspectivas-para-o-agro","status":"publish","type":"post","link":"https:\/\/goias.gov.br\/emater\/artigo-novas-perspectivas-para-o-agro\/","title":{"rendered":"Artigo | Novas perspectivas para o agro"},"content":{"rendered":"\n<p>Nesta semana, a Companhia Nacional de Abastecimento (Conab) divulgou novo levantamento da safra de gr\u00e3os 2019\/2020 no Brasil. Segundo as informa\u00e7\u00f5es, a estimativa de crescimento da safra em Goi\u00e1s, que at\u00e9 ent\u00e3o era de 8,4%, saltou para 10,3% em rela\u00e7\u00e3o \u00e0 \u00faltima safra (2018\/2019). No total, a expectativa \u00e9 que o Estado colha 27,18 milh\u00f5es de toneladas de gr\u00e3os, mantendo-se como terceiro maior produtor nacional. Esses \u00edndices s\u00e3o recordes e junto a outros n\u00fameros, como os que mostram que 81,1% das exporta\u00e7\u00f5es totais goianas s\u00e3o do agro, s\u00f3 refor\u00e7am que o setor segue trabalhando, apesar das incertezas e dificuldades causadas pelo impacto do novo coronav\u00edrus (Covid-19) na economia mundial.<\/p>\n\n\n\n<p>A cada dia, o agro revela sua for\u00e7a, sua relev\u00e2ncia e contribui\u00e7\u00e3o para desenvolver e fortalecer a economia, gerar mais emprego e renda e garantir abastecimento na mesa da popula\u00e7\u00e3o. \u00c9 a aposta para a retomada do crescimento econ\u00f4mico no Brasil e no Estado de Goi\u00e1s. \u00c9 ainda o segmento que tem colaborado para que outras \u00e1reas possam driblar cen\u00e1rios ruins e registrar crescimento. Isso porque o setor prim\u00e1rio, que envolve agricultura e pecu\u00e1ria, por exemplo, trabalha para garantir o fornecimento de mat\u00e9ria-prima, especialmente para as ind\u00fastrias goianas.<\/p>\n\n\n\n<p>\u00c9 necess\u00e1rio tamb\u00e9m reconhecer que esses resultados s\u00f3 s\u00e3o positivos por um conjunto de fatores, que come\u00e7a l\u00e1 no campo, com produtores e trabalhadores rurais desenvolvendo suas atividades de forma respons\u00e1vel, compromissada e inovadora, at\u00e9 chegar \u00e0 outra ponta, que \u00e9 a cria\u00e7\u00e3o e o desenvolvimento de pol\u00edticas p\u00fablicas que possam beneficiar todas as cadeias produtivas no Estado. E nesse ponto, o nosso governador Ronaldo Caiado tem dado exemplo e \u00e9 refer\u00eancia, porque se preocupa com o agro e em proporcionar as melhorias necess\u00e1rias a todos que est\u00e3o envolvidos no setor.<\/p>\n\n\n\n<p>As a\u00e7\u00f5es direcionadas ao segmento agropecu\u00e1rio em Goi\u00e1s, seja por meio da Secretaria de Agricultura, Pecu\u00e1ria e Abastecimento (Seapa), nossas jurisdicionadas Ceasa, Emater e Agrodefesa, ou em conjunto com outras \u00e1reas do governo como Ind\u00fastria e Com\u00e9rcio (SIC), Desenvolvimento e Inova\u00e7\u00e3o (Sedi), Gabinete de Pol\u00edticas Sociais (GPS) e Organiza\u00e7\u00e3o das Volunt\u00e1rias de Goi\u00e1s (OVG), s\u00e3o resultado da orienta\u00e7\u00e3o e aten\u00e7\u00e3o especial do governador Ronaldo Caiado.<\/p>\n\n\n\n<p>Esse olhar cada vez mais atento ao setor, os n\u00fameros positivos e as melhorias proporcionadas por meio de pol\u00edticas p\u00fablicas efetivas trazem novas perspectivas para o agro e mais seguran\u00e7a para que ind\u00fastrias e com\u00e9rcios possam se instalar e produzir no Estado. Estivemos, por exemplo, em Morrinhos para visitar uma empresa que est\u00e1 investindo R$ 60 milh\u00f5es em Goi\u00e1s na instala\u00e7\u00e3o de duas f\u00e1bricas, resultando em cerca de 200 empregos diretos e indiretos. No dia da san\u00e7\u00e3o do projeto de lei, que criou a Secretaria da Retomada, anunciamos que o primeiro Programa de Aquisi\u00e7\u00e3o de Alimentos Estadual (PAA), na modalidade Compra com Doa\u00e7\u00e3o Simult\u00e2nea, come\u00e7ar\u00e1 a ser desenvolvido a partir de setembro em Goi\u00e1s.<\/p>\n\n\n\n<p>A estimativa \u00e9 de libera\u00e7\u00e3o de R$ 4,02 milh\u00f5es para o PAA estadual, oriundos do Minist\u00e9rio da Cidadania. Isso vai resultar na articula\u00e7\u00e3o entre a produ\u00e7\u00e3o da agricultura familiar e as demandas locais de suplementa\u00e7\u00e3o alimentar, al\u00e9m do desenvolvimento da economia local, na qual os produtos adquiridos desses agricultores s\u00e3o doados \u00e0s pessoas em inseguran\u00e7a alimentar. A expectativa \u00e9 que mais de 100 mil pessoas sejam beneficiadas diretamente pela a\u00e7\u00e3o em 75 munic\u00edpios goianos, onde ser\u00e3o feitas a aquisi\u00e7\u00e3o de produtos da agricultura familiar e doa\u00e7\u00e3o simult\u00e2nea \u00e0s entidades cadastradas.<\/p>\n\n\n\n<p>Ao contribuir para que o Estado possa atrair investimentos de novas empresas, criando postos de trabalho, e realizar programas direcionados \u00e0 aquisi\u00e7\u00e3o de alimentos para beneficiar agricultores familiares e atender pessoas em situa\u00e7\u00e3o de vulnerabilidade, o agro confirma seu papel de mola propulsora da retomada econ\u00f4mica goiana. \u00c9 o setor, que sem sombra de d\u00favidas, traz reflexos positivos que podem ser sentidos por toda sociedade.<\/p>\n\n\n\n<p><em>(Artigo publicado originalmente no jornal&nbsp;<a href=\"http:\/\/impresso.dm.com.br\/edicao\/20200817\/pagina\/14\" target=\"_blank\" rel=\"noreferrer noopener\">Di\u00e1rio da Manh\u00e3<\/a>, em 17 de agosto de 2020).<\/em><\/p>\n","protected":false},"excerpt":{"rendered":"<p>Nesta semana, a Companhia Nacional de Abastecimento (Conab) divulgou novo levantamento da safra de gr\u00e3os 2019\/2020 no Brasil. Segundo as informa\u00e7\u00f5es, a estimativa de crescimento da safra em Goi\u00e1s, que at\u00e9 ent\u00e3o era de 8,4%, saltou para 10,3% em rela\u00e7\u00e3o \u00e0 \u00faltima safra (2018\/2019). No total, a expectativa \u00e9 que o Estado colha 27,18 milh\u00f5es [&hellip;]<\/p>\n","protected":false},"author":2,"featured_media":6469,"comment_status":"closed","ping_status":"open","sticky":false,"template":"","format":"standard","meta":{"_acf_changed":false,"footnotes":""},"categories":[67],"tags":[],"class_list":["post-6820","post","type-post","status-publish","format-standard","has-post-thumbnail","hentry","category-publicacoes"],"acf":[],"rttpg_featured_image_url":{"full":["https:\/\/goias.gov.br\/emater\/wp-content\/uploads\/sites\/62\/2020\/07\/Antonio_Carlos.jpeg",1280,853,false],"landscape":["https:\/\/goias.gov.br\/emater\/wp-content\/uploads\/sites\/62\/2020\/07\/Antonio_Carlos.jpeg",1280,853,false],"portraits":["https:\/\/goias.gov.br\/emater\/wp-content\/uploads\/sites\/62\/2020\/07\/Antonio_Carlos.jpeg",1280,853,false],"thumbnail":["https:\/\/goias.gov.br\/emater\/wp-content\/uploads\/sites\/62\/2020\/07\/Antonio_Carlos-150x150.jpeg",150,150,true],"medium":["https:\/\/goias.gov.br\/emater\/wp-content\/uploads\/sites\/62\/2020\/07\/Antonio_Carlos-300x200.jpeg",300,200,true],"large":["https:\/\/goias.gov.br\/emater\/wp-content\/uploads\/sites\/62\/2020\/07\/Antonio_Carlos-1024x682.jpeg",1024,682,true],"1536x1536":["https:\/\/goias.gov.br\/emater\/wp-content\/uploads\/sites\/62\/2020\/07\/Antonio_Carlos.jpeg",1280,853,false],"2048x2048":["https:\/\/goias.gov.br\/emater\/wp-content\/uploads\/sites\/62\/2020\/07\/Antonio_Carlos.jpeg",1280,853,false]},"rttpg_author":{"display_name":"rogerioduarte","author_link":"https:\/\/goias.gov.br\/emater\/author\/rogerioduarte\/"},"rttpg_comment":0,"rttpg_category":"<a href=\"https:\/\/goias.gov.br\/emater\/categoria\/publicacoes\/\" rel=\"category tag\">Publica\u00e7\u00f5es<\/a>","rttpg_excerpt":"Nesta semana, a Companhia Nacional de Abastecimento (Conab) divulgou novo levantamento da safra de gr\u00e3os 2019\/2020 no Brasil. Segundo as informa\u00e7\u00f5es, a estimativa de crescimento da safra em Goi\u00e1s, que at\u00e9 ent\u00e3o era de 8,4%, saltou para 10,3% em rela\u00e7\u00e3o \u00e0 \u00faltima safra (2018\/2019). No total, a expectativa \u00e9 que o Estado colha 27,18 milh\u00f5es&hellip;","_links":{"self":[{"href":"https:\/\/goias.gov.br\/emater\/wp-json\/wp\/v2\/posts\/6820","targetHints":{"allow":["GET"]}}],"collection":[{"href":"https:\/\/goias.gov.br\/emater\/wp-json\/wp\/v2\/posts"}],"about":[{"href":"https:\/\/goias.gov.br\/emater\/wp-json\/wp\/v2\/types\/post"}],"author":[{"embeddable":true,"href":"https:\/\/goias.gov.br\/emater\/wp-json\/wp\/v2\/users\/2"}],"replies":[{"embeddable":true,"href":"https:\/\/goias.gov.br\/emater\/wp-json\/wp\/v2\/comments?post=6820"}],"version-history":[{"count":1,"href":"https:\/\/goias.gov.br\/emater\/wp-json\/wp\/v2\/posts\/6820\/revisions"}],"predecessor-version":[{"id":271901,"href":"https:\/\/goias.gov.br\/emater\/wp-json\/wp\/v2\/posts\/6820\/revisions\/271901"}],"wp:featuredmedia":[{"embeddable":true,"href":"https:\/\/goias.gov.br\/emater\/wp-json\/wp\/v2\/media\/6469"}],"wp:attachment":[{"href":"https:\/\/goias.gov.br\/emater\/wp-json\/wp\/v2\/media?parent=6820"}],"wp:term":[{"taxonomy":"category","embeddable":true,"href":"https:\/\/goias.gov.br\/emater\/wp-json\/wp\/v2\/categories?post=6820"},{"taxonomy":"post_tag","embeddable":true,"href":"https:\/\/goias.gov.br\/emater\/wp-json\/wp\/v2\/tags?post=6820"}],"curies":[{"name":"wp","href":"https:\/\/api.w.org\/{rel}","templated":true}]}}