

{"id":6540,"date":"2020-07-20T12:15:00","date_gmt":"2020-07-20T15:15:00","guid":{"rendered":"https:\/\/goias.gov.br\/emater\/?p=6540"},"modified":"2025-04-15T02:52:44","modified_gmt":"2025-04-15T05:52:44","slug":"artigo-a-base-para-a-retomada","status":"publish","type":"post","link":"https:\/\/goias.gov.br\/emater\/artigo-a-base-para-a-retomada\/","title":{"rendered":"Artigo | A base para a retomada"},"content":{"rendered":"\n<p>Enquanto aguardamos com boas expectativas a cria\u00e7\u00e3o da Secretaria da Retomada, no Governo de Goi\u00e1s, que dever\u00e1 fazer um rearranjo administrativo e somar esfor\u00e7os na cria\u00e7\u00e3o de emprego, renda e crescimento da economia, \u00e9 preciso ressaltar a participa\u00e7\u00e3o e import\u00e2ncia de um setor que n\u00e3o pode parar e nem parou durante a pandemia. \u00c9 o setor agropecu\u00e1rio, sustenta\u00e7\u00e3o socioecon\u00f4mica da sociedade, tanto pelo lado da produ\u00e7\u00e3o de alimentos, quanto pela venda de excedentes para outros pa\u00edses. O governador Ronaldo Caiado salientou no lan\u00e7amento do Plano Safra 2020\/2021, que a agropecu\u00e1ria goiana tem garantido a comida na mesa e as condi\u00e7\u00f5es de negocia\u00e7\u00e3o no exterior para gerar renda, de modo com que o Estado pudesse cuidar das vidas das pessoas, sobretudo no aspecto social. E isso de fato aconteceu.<\/p>\n\n\n\n<p>O recorde de produ\u00e7\u00e3o da safra 2019\/2020, estimada em 26,7 milh\u00f5es de toneladas de gr\u00e3os, e a produ\u00e7\u00e3o de outros itens agropecu\u00e1rios contribuem para o fortalecimento da nossa economia. No primeiro trimestre deste ano, a agropecu\u00e1ria empregou 307 mil pessoas em Goi\u00e1s, aumento de 4,4% em rela\u00e7\u00e3o ao mesmo per\u00edodo de 2019, e tamb\u00e9m foi o grande respons\u00e1vel por manter o crescimento do Produto Interno Bruto em Goi\u00e1s (PIB), de 3,4% &#8211; aumento de 18% s\u00f3 no agro. Isso sem contar as exporta\u00e7\u00f5es, nas quais o agro j\u00e1 participa com 80,9% de tudo que foi exportado pelo Estado, considerando de janeiro a junho.<\/p>\n\n\n\n<p>O crescimento \u00e9 resultado de investimento cont\u00ednuo no setor, especialmente garantido pelo governador que sempre enxergou na defesa dos nossos produtores um futuro promissor garantido. Durante sua gest\u00e3o, reafirmou seu compromisso com o meio rural. Recriou a Secretaria de Estado de Agricultura, Pecu\u00e1ria e Abastecimento, extinta na gest\u00e3o passada. E essa Secretaria atua hoje, junto \u00e0s suas jurisdicionadas Emater, Agrodefesa e Ceasa, na linha de frente na busca por investimentos, benef\u00edcios e cria\u00e7\u00e3o de pol\u00edticas p\u00fablicas que incentivem o crescimento sustent\u00e1vel do agro. \u00c9 uma atua\u00e7\u00e3o forte para levar melhorias n\u00e3o s\u00f3 para quem vive no campo, mas tamb\u00e9m para toda a popula\u00e7\u00e3o nas cidades.&nbsp;<\/p>\n\n\n\n<p>\u00c9 preciso destacar a import\u00e2ncia do setor como fonte de mat\u00e9ria-prima para a retomada que tanto queremos. De ind\u00fastrias fortes em nosso Estado, como as de processamento de alimentos, latic\u00ednios e vestu\u00e1rio, \u00e0 presta\u00e7\u00e3o de servi\u00e7os, que incluem a alimenta\u00e7\u00e3o e o entretenimento baseado na gastronomia, bem como o com\u00e9rcio de roupas &#8211; tudo tem o agro como base. E se a retomada que tanto precisamos \u00e9 urgente e necess\u00e1ria, o agro &#8211; sua sustenta\u00e7\u00e3o em v\u00e1rios sentidos &#8211; deve ser sempre um de seus pilares mais fortes.<\/p>\n\n\n\n<p><strong>Ant\u00f4nio Carlos de Souza Lima Neto*<\/strong>&nbsp;\u00e9 secret\u00e1rio de Estado de Agricultura, Pecu\u00e1ria e Abastecimento (Seapa)<\/p>\n\n\n\n<p><em>(Artigo publicado originalmente no Jornal O Popular, em 20 de julho de 2020).<\/em><\/p>\n","protected":false},"excerpt":{"rendered":"<p>Enquanto aguardamos com boas expectativas a cria\u00e7\u00e3o da Secretaria da Retomada, no Governo de Goi\u00e1s, que dever\u00e1 fazer um rearranjo administrativo e somar esfor\u00e7os na cria\u00e7\u00e3o de emprego, renda e crescimento da economia, \u00e9 preciso ressaltar a participa\u00e7\u00e3o e import\u00e2ncia de um setor que n\u00e3o pode parar e nem parou durante a pandemia. \u00c9 o [&hellip;]<\/p>\n","protected":false},"author":2,"featured_media":6469,"comment_status":"closed","ping_status":"open","sticky":false,"template":"","format":"standard","meta":{"_acf_changed":false,"footnotes":""},"categories":[67],"tags":[],"class_list":["post-6540","post","type-post","status-publish","format-standard","has-post-thumbnail","hentry","category-publicacoes"],"acf":[],"rttpg_featured_image_url":{"full":["https:\/\/goias.gov.br\/emater\/wp-content\/uploads\/sites\/62\/2020\/07\/Antonio_Carlos.jpeg",1280,853,false],"landscape":["https:\/\/goias.gov.br\/emater\/wp-content\/uploads\/sites\/62\/2020\/07\/Antonio_Carlos.jpeg",1280,853,false],"portraits":["https:\/\/goias.gov.br\/emater\/wp-content\/uploads\/sites\/62\/2020\/07\/Antonio_Carlos.jpeg",1280,853,false],"thumbnail":["https:\/\/goias.gov.br\/emater\/wp-content\/uploads\/sites\/62\/2020\/07\/Antonio_Carlos-150x150.jpeg",150,150,true],"medium":["https:\/\/goias.gov.br\/emater\/wp-content\/uploads\/sites\/62\/2020\/07\/Antonio_Carlos-300x200.jpeg",300,200,true],"large":["https:\/\/goias.gov.br\/emater\/wp-content\/uploads\/sites\/62\/2020\/07\/Antonio_Carlos-1024x682.jpeg",1024,682,true],"1536x1536":["https:\/\/goias.gov.br\/emater\/wp-content\/uploads\/sites\/62\/2020\/07\/Antonio_Carlos.jpeg",1280,853,false],"2048x2048":["https:\/\/goias.gov.br\/emater\/wp-content\/uploads\/sites\/62\/2020\/07\/Antonio_Carlos.jpeg",1280,853,false]},"rttpg_author":{"display_name":"rogerioduarte","author_link":"https:\/\/goias.gov.br\/emater\/author\/rogerioduarte\/"},"rttpg_comment":0,"rttpg_category":"<a href=\"https:\/\/goias.gov.br\/emater\/categoria\/publicacoes\/\" rel=\"category tag\">Publica\u00e7\u00f5es<\/a>","rttpg_excerpt":"Enquanto aguardamos com boas expectativas a cria\u00e7\u00e3o da Secretaria da Retomada, no Governo de Goi\u00e1s, que dever\u00e1 fazer um rearranjo administrativo e somar esfor\u00e7os na cria\u00e7\u00e3o de emprego, renda e crescimento da economia, \u00e9 preciso ressaltar a participa\u00e7\u00e3o e import\u00e2ncia de um setor que n\u00e3o pode parar e nem parou durante a pandemia. \u00c9 o&hellip;","_links":{"self":[{"href":"https:\/\/goias.gov.br\/emater\/wp-json\/wp\/v2\/posts\/6540","targetHints":{"allow":["GET"]}}],"collection":[{"href":"https:\/\/goias.gov.br\/emater\/wp-json\/wp\/v2\/posts"}],"about":[{"href":"https:\/\/goias.gov.br\/emater\/wp-json\/wp\/v2\/types\/post"}],"author":[{"embeddable":true,"href":"https:\/\/goias.gov.br\/emater\/wp-json\/wp\/v2\/users\/2"}],"replies":[{"embeddable":true,"href":"https:\/\/goias.gov.br\/emater\/wp-json\/wp\/v2\/comments?post=6540"}],"version-history":[{"count":1,"href":"https:\/\/goias.gov.br\/emater\/wp-json\/wp\/v2\/posts\/6540\/revisions"}],"predecessor-version":[{"id":271513,"href":"https:\/\/goias.gov.br\/emater\/wp-json\/wp\/v2\/posts\/6540\/revisions\/271513"}],"wp:featuredmedia":[{"embeddable":true,"href":"https:\/\/goias.gov.br\/emater\/wp-json\/wp\/v2\/media\/6469"}],"wp:attachment":[{"href":"https:\/\/goias.gov.br\/emater\/wp-json\/wp\/v2\/media?parent=6540"}],"wp:term":[{"taxonomy":"category","embeddable":true,"href":"https:\/\/goias.gov.br\/emater\/wp-json\/wp\/v2\/categories?post=6540"},{"taxonomy":"post_tag","embeddable":true,"href":"https:\/\/goias.gov.br\/emater\/wp-json\/wp\/v2\/tags?post=6540"}],"curies":[{"name":"wp","href":"https:\/\/api.w.org\/{rel}","templated":true}]}}