

{"id":4735,"date":"2019-10-03T15:03:10","date_gmt":"2019-10-03T18:03:10","guid":{"rendered":"https:\/\/goias.gov.br\/emater\/?p=4735"},"modified":"2022-10-04T16:10:34","modified_gmt":"2022-10-04T19:10:34","slug":"ipameri-recebe-workshop-sobre-manejo-de-pragas-e-doencas-em-culturas-de-soja-e-milho","status":"publish","type":"post","link":"https:\/\/goias.gov.br\/emater\/ipameri-recebe-workshop-sobre-manejo-de-pragas-e-doencas-em-culturas-de-soja-e-milho\/","title":{"rendered":"Ipameri recebe workshop sobre manejo de pragas e doen\u00e7as em culturas de soja e milho"},"content":{"rendered":"\n<p>Est\u00e3o\nabertas as inscri\u00e7\u00f5es para a oficina \u2018Manejo Integrado de Pra\u00e7as (MIP) e\nDoen\u00e7as (MID) das culturas da soja e do milho\u2019, que acontecer\u00e1 na pr\u00f3xima\nter\u00e7a-feira (08), no munic\u00edpio de Ipameri, localizado na regi\u00e3o sudeste de\nGoi\u00e1s. <\/p>\n\n\n\n<p>A a\u00e7\u00e3o \u00e9\nfruto de uma parceria entre o Governo de Goi\u00e1s \u2013 por meio da Emater (Ag\u00eancia\nGoiana de Assist\u00eancia T\u00e9cnica, Extens\u00e3o Rural e Pesquisa Agropecu\u00e1ria) \u2013,\nEmbrapa (Empresa Brasileira de Pesquisa Agropecu\u00e1ria) e CREA-GO (Conselho\nRegional de Engenharia e Agronomia de Goi\u00e1s).<\/p>\n\n\n\n<p>O objetivo do workshop \u00e9 capacitar t\u00e9cnicos na produ\u00e7\u00e3o sustent\u00e1vel para uma adequada tomada de decis\u00e3o quanto ao manejo das pragas e produtividade nas lavouras de milho e de soja. Para tanto, a programa\u00e7\u00e3o inclui uma rodada de palestras com especialistas para debater assuntos pertinentes \u00e0 \u00e1rea.<\/p>\n\n\n\n<p>A abertura\nacontece a partir das 8h da manh\u00e3, seguida de uma discuss\u00e3o sobre MIP na\ncultura de soja, conduzida pelo engenheiro agr\u00f4nomo Edson Hirose. Na sequ\u00eancia,\no tamb\u00e9m engenheiro agr\u00f4nomo Milton Luiz da Paz Lima ir\u00e1 tratar sobre MID da\nsoja e milho.<\/p>\n\n\n\n<p>Ap\u00f3s o intervalo, no per\u00edodo vespertino, o engenheiro agr\u00f4nomo Fl\u00e1vio Gon\u00e7alves de Jesus volta a falar sobre manejo de pragas, desta vez na cultura do milho. Para encerrar, o engenheiro agr\u00f4nomo Andr\u00e9 Luiz Cristino ir\u00e1 abordar aspectos da tecnologia de aplica\u00e7\u00e3o.<\/p>\n\n\n\n<p><\/p>\n\n\n\n<figure class=\"wp-block-image\"><img fetchpriority=\"high\" decoding=\"async\" width=\"724\" height=\"1024\" src=\"https:\/\/goias.gov.br\/emater\/wp-content\/uploads\/sites\/62\/2019\/10\/FLYER-2-724x1024.jpeg\" alt=\"\" class=\"wp-image-4737\" srcset=\"https:\/\/goias.gov.br\/emater\/wp-content\/uploads\/sites\/62\/2019\/10\/FLYER-2-724x1024.jpeg 724w, https:\/\/goias.gov.br\/emater\/wp-content\/uploads\/sites\/62\/2019\/10\/FLYER-2-212x300.jpeg 212w, https:\/\/goias.gov.br\/emater\/wp-content\/uploads\/sites\/62\/2019\/10\/FLYER-2-768x1086.jpeg 768w, https:\/\/goias.gov.br\/emater\/wp-content\/uploads\/sites\/62\/2019\/10\/FLYER-2.jpeg 905w\" sizes=\"(max-width: 724px) 100vw, 724px\" \/><\/figure>\n\n\n\n<p><strong>Inscri\u00e7\u00f5es<\/strong><\/p>\n\n\n\n<p>As inscri\u00e7\u00f5es para o workshop devem ser realizadas no <strong><a href=\"http:\/\/www.creago.org.br\/\">site do CREA-GO<\/a><\/strong>. Basta clicar no menu \u201cMais Capacita\u00e7\u00e3o\u201d e, depois, na aba \u201cPalestras e Eventos\u201d. Ser\u00e3o disponibilizados certificados de participa\u00e7\u00e3o, que podem ser consultados no portal \u201cMais Capacita\u00e7\u00e3o\u201d, mediante login. O investimento para participar \u00e9 de 1 kg de alimento n\u00e3o perec\u00edvel.<\/p>\n\n\n\n<p><strong>Parceria<\/strong><\/p>\n\n\n\n<p>A a\u00e7\u00e3o faz\nparte do Contrato de Coopera\u00e7\u00e3o T\u00e9cnica entre a Embrapa e o CREA-GO, que desde\n2016 realizam atividades t\u00e9cnicas e institucionais, aprimorando o exerc\u00edcio de\nprofissionais da \u00e1rea.  Segundo\ninforma\u00e7\u00f5es disponibilizadas pela Embrapa, foram definidas, neste ano, 22 datas\npara a realiza\u00e7\u00e3o de treinamentos em v\u00e1rios munic\u00edpios do estado.<\/p>\n\n\n\n<p>Ap\u00f3s reuni\u00e3o\nfeita ao final do \u00faltimo semestre, a Emater foi convidada para participar da\nparceria, trazendo ainda mais efetividade aos trabalhos. J\u00e1 foram capacitadas\nmais de 2.500 pessoas, em cursos com diversas tem\u00e1ticas, como consultoria\nagron\u00f4mica, transg\u00eanicos e manejo de pragas e doen\u00e7as.<\/p>\n\n\n\n<p><strong>SERVI\u00c7O<\/strong><\/p>\n\n\n\n<p><strong>Workshop \u2018Manejo Integrado de Pra\u00e7as (MIP) e Doen\u00e7as (MID) das culturas da soja e do milho\u2019<\/strong><br>Data: 08 de outubro (ter\u00e7a-feira)<br>Hora: 8h<br>Local: Audit\u00f3rio da Universidade Estadual de Goi\u00e1s \u2013 C\u00e2mpus Ipameri<br>Endere\u00e7o: Rodovia GO 330 km 241, Anel Vi\u00e1rio, s\/n, Setor Universit\u00e1rio, Ipameri-GO<br>Inscri\u00e7\u00f5es <strong><a href=\"http:\/\/www.creago.org.br\/\">aqui<\/a><\/strong><\/p>\n\n\n\n<p>______<br><strong><em>Comunica\u00e7\u00e3o Setorial \u2013 Emater\u00a0Goi\u00e1s<\/em><\/strong><br>Informa\u00e7\u00f5es \u00e0 imprensa: (62) 3201-8814\/ 3201-8767<br>Imagem: Nivaldo Ferr\/Emater<br><a href=\"mailto:comunicacao.ematergo@gmail.com\">comunicacao.ematergo@gmail.com<\/a><\/p>\n","protected":false},"excerpt":{"rendered":"<p>Est\u00e3o<br \/>\nabertas as inscri\u00e7\u00f5es para a oficina \u2018Manejo Integrado de Pra\u00e7as (MIP) e<br \/>\nDoen\u00e7as (MID) das culturas da soja e do milho\u2019, que acontecer\u00e1 na pr\u00f3xima<br \/>\nter\u00e7a-feira (08), no munic\u00edpio de Ipameri, localizado na regi\u00e3o sudeste de<br \/>\nGoi\u00e1s. <\/p>\n<p>A a\u00e7\u00e3o \u00e9<br \/>\nfruto de uma parceria entre o Governo de Goi\u00e1s \u2013 por meio da Emater (Ag\u00eancia<br \/>\nGoiana de Assist\u00eancia T\u00e9cnica, Extens\u00e3o Rural e Pesquisa Agropecu\u00e1ria) \u2013,<br \/>\nEmbrapa (Empresa Brasileira de Pesquisa Agropecu\u00e1ria) e CREA-GO (Conselho<br \/>\nRegional de Engenharia e Agronomia de Goi\u00e1s).<\/p>\n<p>O objetivo do workshop \u00e9 capacitar t\u00e9cnicos na produ\u00e7\u00e3o sustent\u00e1vel para uma adequada tomada de decis\u00e3o quanto ao manejo das pragas e produtividade nas lavouras de milho e de soja. Para tanto, a programa\u00e7\u00e3o inclui uma rodada de palestras com especialistas para debater assuntos pertinentes \u00e0 \u00e1rea.<\/p>\n<p>A abertura<br \/>\nacontece a partir das 8h da manh\u00e3, seguida de uma discuss\u00e3o sobre MIP na<br \/>\ncultura de soja, conduzida pelo engenheiro agr\u00f4nomo Edson Hirose. Na sequ\u00eancia,<br \/>\no tamb\u00e9m engenheiro agr\u00f4nomo Milton Luiz da Paz Lima ir\u00e1 tratar sobre MID da<br \/>\nsoja e milho.<\/p>\n<p>Ap\u00f3s o intervalo, no per\u00edodo vespertino, o engenheiro agr\u00f4nomo Fl\u00e1vio Gon\u00e7alves de Jesus volta a falar sobre manejo de pragas, desta vez na cultura do milho. Para encerrar, o engenheiro agr\u00f4nomo Andr\u00e9 Luiz Cristino ir\u00e1 abordar aspectos da tecnologia de aplica\u00e7\u00e3o.<\/p>\n<p>Inscri\u00e7\u00f5es<\/p>\n<p>As inscri\u00e7\u00f5es para o workshop devem ser realizadas no site do CREA-GO. Basta clicar no menu \u201cMais Capacita\u00e7\u00e3o\u201d e, depois, na aba \u201cPalestras e Eventos\u201d. Ser\u00e3o disponibilizados certificados de participa\u00e7\u00e3o, que podem ser consultados no portal \u201cMais Capacita\u00e7\u00e3o\u201d, mediante login. O investimento para participar \u00e9 de 1 kg de alimento n\u00e3o perec\u00edvel.<\/p>\n<p>Parceria<\/p>\n<p>A a\u00e7\u00e3o faz<br \/>\nparte do Contrato de Coopera\u00e7\u00e3o T\u00e9cnica entre a Embrapa e o CREA-GO, que desde<br \/>\n2016 realizam atividades t\u00e9cnicas e institucionais, aprimorando o exerc\u00edcio de<br \/>\nprofissionais da \u00e1rea.  Segundo<br \/>\ninforma\u00e7\u00f5es disponibilizadas pela Embrapa, foram definidas, neste ano, 22 datas<br \/>\npara a realiza\u00e7\u00e3o de treinamentos em v\u00e1rios munic\u00edpios do estado.<\/p>\n<p>Ap\u00f3s reuni\u00e3o<br \/>\nfeita ao final do \u00faltimo semestre, a Emater foi convidada para participar da<br \/>\nparceria, trazendo ainda mais efetividade aos trabalhos. J\u00e1 foram capacitadas<br \/>\nmais de 2.500 pessoas, em cursos com diversas tem\u00e1ticas, como consultoria<br \/>\nagron\u00f4mica, transg\u00eanicos e manejo de pragas e doen\u00e7as.<\/p>\n<p>SERVI\u00c7O<\/p>\n<p>Workshop \u2018Manejo Integrado de Pra\u00e7as (MIP) e Doen\u00e7as (MID) das culturas da soja e do milho\u2019Data: 08 de outubro (ter\u00e7a-feira)Hora: 8hLocal: Audit\u00f3rio da Universidade Estadual de Goi\u00e1s \u2013 C\u00e2mpus IpameriEndere\u00e7o: Rodovia GO 330 km 241, Anel Vi\u00e1rio, s\/n, Setor Universit\u00e1rio, Ipameri-GOInscri\u00e7\u00f5es aqui<\/p>\n<p>______Comunica\u00e7\u00e3o Setorial \u2013 Emater\u00a0Goi\u00e1sInforma\u00e7\u00f5es \u00e0 imprensa: (62) 3201-8814\/ 3201-8767Imagem: Nivaldo Ferr\/Ematercomunicacao.ematergo@gmail.com<\/p>\n","protected":false},"author":2,"featured_media":4736,"comment_status":"open","ping_status":"open","sticky":false,"template":"","format":"standard","meta":{"_acf_changed":false,"footnotes":""},"categories":[1],"tags":[],"class_list":["post-4735","post","type-post","status-publish","format-standard","has-post-thumbnail","hentry","category-noticias"],"acf":[],"rttpg_featured_image_url":{"full":["https:\/\/goias.gov.br\/emater\/wp-content\/uploads\/sites\/62\/2019\/10\/DSC02409.jpg",2048,1536,false],"landscape":["https:\/\/goias.gov.br\/emater\/wp-content\/uploads\/sites\/62\/2019\/10\/DSC02409.jpg",2048,1536,false],"portraits":["https:\/\/goias.gov.br\/emater\/wp-content\/uploads\/sites\/62\/2019\/10\/DSC02409.jpg",2048,1536,false],"thumbnail":["https:\/\/goias.gov.br\/emater\/wp-content\/uploads\/sites\/62\/2019\/10\/DSC02409-150x150.jpg",150,150,true],"medium":["https:\/\/goias.gov.br\/emater\/wp-content\/uploads\/sites\/62\/2019\/10\/DSC02409-300x225.jpg",300,225,true],"large":["https:\/\/goias.gov.br\/emater\/wp-content\/uploads\/sites\/62\/2019\/10\/DSC02409-1024x768.jpg",1024,768,true],"1536x1536":["https:\/\/goias.gov.br\/emater\/wp-content\/uploads\/sites\/62\/2019\/10\/DSC02409.jpg",1536,1152,false],"2048x2048":["https:\/\/goias.gov.br\/emater\/wp-content\/uploads\/sites\/62\/2019\/10\/DSC02409.jpg",2048,1536,false]},"rttpg_author":{"display_name":"rogerioduarte","author_link":"https:\/\/goias.gov.br\/emater\/author\/rogerioduarte\/"},"rttpg_comment":0,"rttpg_category":"<a href=\"https:\/\/goias.gov.br\/emater\/categoria\/noticias\/\" rel=\"category tag\">Not\u00edcias<\/a>","rttpg_excerpt":"Est\u00e3o abertas as inscri\u00e7\u00f5es para a oficina \u2018Manejo Integrado de Pra\u00e7as (MIP) e Doen\u00e7as (MID) das culturas da soja e do milho\u2019, que acontecer\u00e1 na pr\u00f3xima ter\u00e7a-feira (08), no munic\u00edpio de Ipameri, localizado na regi\u00e3o sudeste de Goi\u00e1s. A a\u00e7\u00e3o \u00e9 fruto de uma parceria entre o Governo de Goi\u00e1s \u2013 por meio da Emater&hellip;","_links":{"self":[{"href":"https:\/\/goias.gov.br\/emater\/wp-json\/wp\/v2\/posts\/4735","targetHints":{"allow":["GET"]}}],"collection":[{"href":"https:\/\/goias.gov.br\/emater\/wp-json\/wp\/v2\/posts"}],"about":[{"href":"https:\/\/goias.gov.br\/emater\/wp-json\/wp\/v2\/types\/post"}],"author":[{"embeddable":true,"href":"https:\/\/goias.gov.br\/emater\/wp-json\/wp\/v2\/users\/2"}],"replies":[{"embeddable":true,"href":"https:\/\/goias.gov.br\/emater\/wp-json\/wp\/v2\/comments?post=4735"}],"version-history":[{"count":0,"href":"https:\/\/goias.gov.br\/emater\/wp-json\/wp\/v2\/posts\/4735\/revisions"}],"wp:featuredmedia":[{"embeddable":true,"href":"https:\/\/goias.gov.br\/emater\/wp-json\/wp\/v2\/media\/4736"}],"wp:attachment":[{"href":"https:\/\/goias.gov.br\/emater\/wp-json\/wp\/v2\/media?parent=4735"}],"wp:term":[{"taxonomy":"category","embeddable":true,"href":"https:\/\/goias.gov.br\/emater\/wp-json\/wp\/v2\/categories?post=4735"},{"taxonomy":"post_tag","embeddable":true,"href":"https:\/\/goias.gov.br\/emater\/wp-json\/wp\/v2\/tags?post=4735"}],"curies":[{"name":"wp","href":"https:\/\/api.w.org\/{rel}","templated":true}]}}