

{"id":3921,"date":"2019-08-12T10:10:00","date_gmt":"2019-08-12T13:10:00","guid":{"rendered":"https:\/\/goias.gov.br\/emater\/?p=3921"},"modified":"2022-10-04T16:10:59","modified_gmt":"2022-10-04T19:10:59","slug":"catalao-recebe-workshop-de-manejo-sustentavel-de-solo","status":"publish","type":"post","link":"https:\/\/goias.gov.br\/emater\/catalao-recebe-workshop-de-manejo-sustentavel-de-solo\/","title":{"rendered":"Catal\u00e3o recebe workshop de manejo sustent\u00e1vel de solo"},"content":{"rendered":"\n<p>Uma parceria entre a Ag\u00eancia Goiana de Assist\u00eancia T\u00e9cnica, Extens\u00e3o Rural e Pesquisa Agropecu\u00e1ria (Emater), Empresa Brasileira de Pesquisa Agropecu\u00e1ria (Embrapa) e Conselho Regional de Engenharia e Agronomia de Goi\u00e1s (CREA-GO) ir\u00e1 realizar o curso \u2018Manejo Sustent\u00e1vel dos Cultivos em Solo do Cerrado\u2019, na pr\u00f3xima quinta-feira (15), a partir das 8h da manh\u00e3, na Casa da Engenharia, em Catal\u00e3o. O intuito do evento \u00e9 capacitar t\u00e9cnicos da regi\u00e3o Sul de Goi\u00e1s.<\/p>\n\n\n\n<p>A a\u00e7\u00e3o faz parte do Contrato de Coopera\u00e7\u00e3o T\u00e9cnica entre a\nEmbrapa e o CREA-GO, que desde 2016 realizam atividades t\u00e9cnicas e\ninstitucionais, aprimorando o exerc\u00edcio de profissionais da \u00e1rea.  Segundo informa\u00e7\u00f5es disponibilizadas pela\nEmbrapa, foram definidas, neste ano, 22 datas para a realiza\u00e7\u00e3o de treinamentos\nem v\u00e1rios munic\u00edpios do estado.<\/p>\n\n\n\n<p>Ap\u00f3s reuni\u00e3o feita ao final do \u00faltimo semestre, a Emater foi convidada para participar da parceria, trazendo ainda mais efetividade aos trabalhos. J\u00e1 foram capacitadas mais de 2.500 pessoas, em cursos com diversas tem\u00e1ticas, como consultoria agron\u00f4mica, transg\u00eanicos e manejo de pragas e doen\u00e7as.<\/p>\n\n\n\n<p>A programa\u00e7\u00e3o do workshop em Catal\u00e3o conta com palestras de pesquisadores, al\u00e9m dos \u00f3rg\u00e3os envolvidos, do Instituto Federal Goiano. O diretor de Assist\u00eancia T\u00e9cnica e Extens\u00e3o Rural (ATER) da Emater, Antelmo Teixeira, abre o evento, com uma palestra institucional.<\/p>\n\n\n\n<p><strong>Inscri\u00e7\u00f5es<\/strong><\/p>\n\n\n\n<p>As inscri\u00e7\u00f5es para os workshops devem ser realizadas no site do <a href=\"http:\/\/www.creago.org.br\">CREA-GO<\/a>. Basta clicar no menu \u201cMais Capacita\u00e7\u00e3o\u201d e, depois, na aba \u201cPalestras e Eventos\u201d. Ser\u00e3o disponibilizados certificados de participa\u00e7\u00e3o, que podem ser consultados no portal &#8220;Mais Capacita\u00e7\u00e3o&#8221;, mediante login. O investimento para participar \u00e9 de 1 kg de alimento n\u00e3o perec\u00edvel.<\/p>\n\n\n\n<figure class=\"wp-block-image\"><img fetchpriority=\"high\" decoding=\"async\" width=\"724\" height=\"1024\" src=\"https:\/\/goias.gov.br\/emater\/wp-content\/uploads\/sites\/62\/2019\/08\/1_img_5d430673a06c2-1-724x1024.jpg\" alt=\"\" class=\"wp-image-3924\" srcset=\"https:\/\/goias.gov.br\/emater\/wp-content\/uploads\/sites\/62\/2019\/08\/1_img_5d430673a06c2-1-724x1024.jpg 724w, https:\/\/goias.gov.br\/emater\/wp-content\/uploads\/sites\/62\/2019\/08\/1_img_5d430673a06c2-1-212x300.jpg 212w, https:\/\/goias.gov.br\/emater\/wp-content\/uploads\/sites\/62\/2019\/08\/1_img_5d430673a06c2-1-768x1086.jpg 768w\" sizes=\"(max-width: 724px) 100vw, 724px\" \/><\/figure>\n\n\n\n<p><strong>SERVI\u00c7O<\/strong><br><strong>Workshop \u2018Manejo Sustent\u00e1vel dos Cultivos em Solo do Cerrado\u2019 <\/strong><br><strong>Data:<\/strong> 15\/08\/2019 (quinta-feira)<br><strong>Hor\u00e1rio:<\/strong> a partir das 8h da manh\u00e3<br><strong>Local:<\/strong> Casa da Engenharia de Catal\u00e3o<br><strong>Endere\u00e7o: <\/strong>Rua Araguaia, n\u00ba 180, Qd. 01, Lt. 04, Residencial Jardim Paulista \u2013 Setor Central, Catal\u00e3o-GO<br><strong>Mais informa\u00e7\u00f5es:<\/strong> (62) 3221-6282\/6269\/6251<br>cursos.creagoias@gmail.com<\/p>\n\n\n\n<p><strong><em>Comunica\u00e7\u00e3o Setorial \u2013 Emater<\/em><\/strong><br>Texto: Fernanda Garcia<br>Fotos: Divulga\u00e7\u00e3o<br>Informa\u00e7\u00f5es \u00e0 imprensa: (62) 3201-8814\/ 3201-8767<br><a href=\"mailto:comunicacao.ematergo@gmail.com\">comunicacao.ematergo@gmail.com<\/a><\/p>\n","protected":false},"excerpt":{"rendered":"<p>Uma parceria entre a Ag\u00eancia Goiana de Assist\u00eancia T\u00e9cnica, Extens\u00e3o Rural e Pesquisa Agropecu\u00e1ria (Emater), Empresa Brasileira de Pesquisa Agropecu\u00e1ria (Embrapa) e Conselho Regional de Engenharia e Agronomia de Goi\u00e1s (CREA-GO) ir\u00e1 realizar o curso \u2018Manejo Sustent\u00e1vel dos Cultivos em Solo do Cerrado\u2019, na pr\u00f3xima quinta-feira (15), a partir das 8h da manh\u00e3, na Casa da Engenharia, em Catal\u00e3o. O intuito do evento \u00e9 capacitar t\u00e9cnicos da regi\u00e3o Sul de Goi\u00e1s. A a\u00e7\u00e3o faz parte do Contrato de Coopera\u00e7\u00e3o T\u00e9cnica entre a Embrapa e o CREA-GO, que desde 2016 realizam atividades t\u00e9cnicas e institucionais, aprimorando o exerc\u00edcio de profissionais da \u00e1rea. Segundo informa\u00e7\u00f5es disponibilizadas pela Embrapa, foram definidas, neste ano, 22 datas para a realiza\u00e7\u00e3o de treinamentos em v\u00e1rios munic\u00edpios do estado. Ap\u00f3s reuni\u00e3o feita ao final do \u00faltimo semestre, a Emater foi convidada para participar da parceria, trazendo ainda mais efetividade aos trabalhos. J\u00e1 foram capacitadas mais de 2.500 pessoas, em cursos com diversas tem\u00e1ticas, como consultoria agron\u00f4mica, transg\u00eanicos e manejo de pragas e doen\u00e7as. A programa\u00e7\u00e3o do workshop em Catal\u00e3o conta com palestras de pesquisadores, al\u00e9m dos \u00f3rg\u00e3os envolvidos, do Instituto Federal Goiano. O diretor de Assist\u00eancia T\u00e9cnica e Extens\u00e3o Rural (ATER) da Emater, Antelmo Teixeira, abre o evento, com uma palestra institucional. Inscri\u00e7\u00f5es As inscri\u00e7\u00f5es para os workshops devem ser realizadas no site do CREA-GO. Basta clicar no menu \u201cMais Capacita\u00e7\u00e3o\u201d e, depois, na aba \u201cPalestras e Eventos\u201d. Ser\u00e3o disponibilizados certificados de participa\u00e7\u00e3o, que podem ser consultados no portal &#8220;Mais Capacita\u00e7\u00e3o&#8221;, mediante login. O investimento para participar \u00e9 de 1 kg de alimento n\u00e3o perec\u00edvel. SERVI\u00c7OWorkshop \u2018Manejo Sustent\u00e1vel dos Cultivos em Solo do Cerrado\u2019 Data: 15\/08\/2019 (quinta-feira)Hor\u00e1rio: a partir das 8h da manh\u00e3Local: Casa da Engenharia de Catal\u00e3oEndere\u00e7o: Rua Araguaia, n\u00ba 180, Qd. 01, Lt. 04, Residencial Jardim Paulista \u2013 Setor Central, Catal\u00e3o-GOMais informa\u00e7\u00f5es: (62) 3221-6282\/6269\/6251cursos.creagoias@gmail.com Comunica\u00e7\u00e3o Setorial \u2013 EmaterTexto: Fernanda GarciaFotos: Divulga\u00e7\u00e3oInforma\u00e7\u00f5es \u00e0 imprensa: (62) 3201-8814\/ 3201-8767comunicacao.ematergo@gmail.com<\/p>\n","protected":false},"author":2,"featured_media":3923,"comment_status":"open","ping_status":"open","sticky":false,"template":"","format":"standard","meta":{"_acf_changed":false,"footnotes":""},"categories":[47],"tags":[],"class_list":["post-3921","post","type-post","status-publish","format-standard","has-post-thumbnail","hentry","category-eventos"],"acf":[],"rttpg_featured_image_url":{"full":["https:\/\/goias.gov.br\/emater\/wp-content\/uploads\/sites\/62\/2019\/08\/brazilian-savannah-textures-texturas-1157728.jpg",1600,1074,false],"landscape":["https:\/\/goias.gov.br\/emater\/wp-content\/uploads\/sites\/62\/2019\/08\/brazilian-savannah-textures-texturas-1157728.jpg",1600,1074,false],"portraits":["https:\/\/goias.gov.br\/emater\/wp-content\/uploads\/sites\/62\/2019\/08\/brazilian-savannah-textures-texturas-1157728.jpg",1600,1074,false],"thumbnail":["https:\/\/goias.gov.br\/emater\/wp-content\/uploads\/sites\/62\/2019\/08\/brazilian-savannah-textures-texturas-1157728-150x150.jpg",150,150,true],"medium":["https:\/\/goias.gov.br\/emater\/wp-content\/uploads\/sites\/62\/2019\/08\/brazilian-savannah-textures-texturas-1157728-300x201.jpg",300,201,true],"large":["https:\/\/goias.gov.br\/emater\/wp-content\/uploads\/sites\/62\/2019\/08\/brazilian-savannah-textures-texturas-1157728-1024x687.jpg",1024,687,true],"1536x1536":["https:\/\/goias.gov.br\/emater\/wp-content\/uploads\/sites\/62\/2019\/08\/brazilian-savannah-textures-texturas-1157728.jpg",1536,1031,false],"2048x2048":["https:\/\/goias.gov.br\/emater\/wp-content\/uploads\/sites\/62\/2019\/08\/brazilian-savannah-textures-texturas-1157728.jpg",1600,1074,false]},"rttpg_author":{"display_name":"rogerioduarte","author_link":"https:\/\/goias.gov.br\/emater\/author\/rogerioduarte\/"},"rttpg_comment":0,"rttpg_category":"<a href=\"https:\/\/goias.gov.br\/emater\/categoria\/eventos\/\" rel=\"category tag\">Eventos<\/a>","rttpg_excerpt":"Uma parceria entre a Ag\u00eancia Goiana de Assist\u00eancia T\u00e9cnica, Extens\u00e3o Rural e Pesquisa Agropecu\u00e1ria (Emater), Empresa Brasileira de Pesquisa Agropecu\u00e1ria (Embrapa) e Conselho Regional de Engenharia e Agronomia de Goi\u00e1s (CREA-GO) ir\u00e1 realizar o curso \u2018Manejo Sustent\u00e1vel dos Cultivos em Solo do Cerrado\u2019, na pr\u00f3xima quinta-feira (15), a partir das 8h da manh\u00e3, na Casa&hellip;","_links":{"self":[{"href":"https:\/\/goias.gov.br\/emater\/wp-json\/wp\/v2\/posts\/3921","targetHints":{"allow":["GET"]}}],"collection":[{"href":"https:\/\/goias.gov.br\/emater\/wp-json\/wp\/v2\/posts"}],"about":[{"href":"https:\/\/goias.gov.br\/emater\/wp-json\/wp\/v2\/types\/post"}],"author":[{"embeddable":true,"href":"https:\/\/goias.gov.br\/emater\/wp-json\/wp\/v2\/users\/2"}],"replies":[{"embeddable":true,"href":"https:\/\/goias.gov.br\/emater\/wp-json\/wp\/v2\/comments?post=3921"}],"version-history":[{"count":0,"href":"https:\/\/goias.gov.br\/emater\/wp-json\/wp\/v2\/posts\/3921\/revisions"}],"wp:featuredmedia":[{"embeddable":true,"href":"https:\/\/goias.gov.br\/emater\/wp-json\/wp\/v2\/media\/3923"}],"wp:attachment":[{"href":"https:\/\/goias.gov.br\/emater\/wp-json\/wp\/v2\/media?parent=3921"}],"wp:term":[{"taxonomy":"category","embeddable":true,"href":"https:\/\/goias.gov.br\/emater\/wp-json\/wp\/v2\/categories?post=3921"},{"taxonomy":"post_tag","embeddable":true,"href":"https:\/\/goias.gov.br\/emater\/wp-json\/wp\/v2\/tags?post=3921"}],"curies":[{"name":"wp","href":"https:\/\/api.w.org\/{rel}","templated":true}]}}