

{"id":295671,"date":"2026-03-25T21:02:50","date_gmt":"2026-03-26T00:02:50","guid":{"rendered":"https:\/\/goias.gov.br\/emater\/?p=295671"},"modified":"2026-03-25T21:02:50","modified_gmt":"2026-03-26T00:02:50","slug":"cesu-agro-e-inaugurado-e-consolida-goias-como-referencia-em-saude-unica","status":"publish","type":"post","link":"https:\/\/goias.gov.br\/emater\/cesu-agro-e-inaugurado-e-consolida-goias-como-referencia-em-saude-unica\/","title":{"rendered":"Cesu-Agro \u00e9 inaugurado e consolida Goi\u00e1s como refer\u00eancia em Sa\u00fade \u00danica"},"content":{"rendered":"<p style=\"text-align: center;\"><em>Emater Goi\u00e1s, UFG e Fapeg unem for\u00e7as para levar ci\u00eancia e inova\u00e7\u00e3o aos produtores rurais<\/em><\/p>\n<p>O Governo de Goi\u00e1s inaugurou, nesta quarta-feira (25), na sede da Emater Goi\u00e1s, em Goi\u00e2nia, o Centro de Excel\u00eancia em Sa\u00fade \u00danica (Cesu-Agro), <strong>iniciativa pioneira no pa\u00eds que integra sa\u00fade humana, animal e ambiental<\/strong>. Com <strong>investimento de R$ 5 milh\u00f5es<\/strong> da Funda\u00e7\u00e3o de Amparo \u00e0 Pesquisa do Estado de Goi\u00e1s (Fapeg), o centro j\u00e1 est\u00e1 em funcionamento e re\u00fane pesquisadores em uma <strong>atua\u00e7\u00e3o colaborativa voltada ao desenvolvimento de solu\u00e7\u00f5es inovadoras para o campo<\/strong>.<\/p>\n<p>A cerim\u00f4nia marcou um <strong>avan\u00e7o estrat\u00e9gico<\/strong> para o estado na consolida\u00e7\u00e3o de <strong>pol\u00edticas p\u00fablicas baseadas no conceito de Sa\u00fade \u00danica<\/strong>, promovendo a<strong> integra\u00e7\u00e3o entre ci\u00eancia, tecnologia e extens\u00e3o rural.<\/strong><\/p>\n<p>Durante o evento, a coordenadora do centro, Virg\u00ednia Damin, destacou o <strong>car\u00e1ter inovador<\/strong> da iniciativa.<\/p>\n<blockquote><p>\u201cO Cesu-Agro representa uma oportunidade pioneira de integrar diferentes \u00e1reas do conhecimento para promover melhorias na vida do produtor, dos animais e do meio ambiente\u201d, afirmou.<\/p><\/blockquote>\n<p>O presidente da Emater Goi\u00e1s, Rafael Gouveia, ressaltou o papel da institui\u00e7\u00e3o na<strong> capilariza\u00e7\u00e3o das a\u00e7\u00f5es<\/strong>.<\/p>\n<blockquote><p>\u201cA presen\u00e7a da Emater em todos os munic\u00edpios goianos garante que as solu\u00e7\u00f5es desenvolvidas pelo Cesu-Agro cheguem de forma r\u00e1pida e efetiva aos produtores rurais, especialmente \u00e0 agricultura familiar\u201d, disse. Ele tamb\u00e9m enfatizou que o centro j\u00e1 apresenta resultados pr\u00e1ticos. \u201cApesar da inaugura\u00e7\u00e3o oficial ocorrer agora, o Cesu-Agro j\u00e1 est\u00e1 em atividade e demonstrando resultados consistentes\u201d, completou.<\/p><\/blockquote>\n<p><img fetchpriority=\"high\" decoding=\"async\" class=\"alignnone size-full wp-image-295691\" src=\"https:\/\/goias.gov.br\/emater\/wp-content\/uploads\/sites\/62\/2026\/03\/WhatsApp-Image-2026-03-25-at-17.10.39-1.jpeg\" alt=\"\" width=\"2560\" height=\"1791\" srcset=\"https:\/\/goias.gov.br\/emater\/wp-content\/uploads\/sites\/62\/2026\/03\/WhatsApp-Image-2026-03-25-at-17.10.39-1.jpeg 2560w, https:\/\/goias.gov.br\/emater\/wp-content\/uploads\/sites\/62\/2026\/03\/WhatsApp-Image-2026-03-25-at-17.10.39-1-300x210.jpeg 300w, https:\/\/goias.gov.br\/emater\/wp-content\/uploads\/sites\/62\/2026\/03\/WhatsApp-Image-2026-03-25-at-17.10.39-1-1024x716.jpeg 1024w, https:\/\/goias.gov.br\/emater\/wp-content\/uploads\/sites\/62\/2026\/03\/WhatsApp-Image-2026-03-25-at-17.10.39-1-768x537.jpeg 768w, https:\/\/goias.gov.br\/emater\/wp-content\/uploads\/sites\/62\/2026\/03\/WhatsApp-Image-2026-03-25-at-17.10.39-1-1536x1075.jpeg 1536w, https:\/\/goias.gov.br\/emater\/wp-content\/uploads\/sites\/62\/2026\/03\/WhatsApp-Image-2026-03-25-at-17.10.39-1-2048x1433.jpeg 2048w\" sizes=\"(max-width: 2560px) 100vw, 2560px\" \/><\/p>\n<p>O pr\u00f3-reitor de Pesquisa e Inova\u00e7\u00e3o da UFG, Wendell Coltro, destacou o<strong> potencial de expans\u00e3o<\/strong> do projeto.<\/p>\n<blockquote><p>\u201cOs indicadores iniciais mostram que o Cesu-Agro tem grande capacidade de crescimento e deve alcan\u00e7ar propor\u00e7\u00f5es ainda maiores nos pr\u00f3ximos anos\u201d, afirmou.<\/p><\/blockquote>\n<p>O presidente da Fapeg, Marcos Arriel, refor\u00e7ou a <strong>import\u00e2ncia da integra\u00e7\u00e3o<\/strong> institucional.<\/p>\n<blockquote><p>\u201cA uni\u00e3o entre diferentes \u00e1reas do conhecimento e institui\u00e7\u00f5es fortalece o desenvolvimento do estado por meio do fomento \u00e0 ci\u00eancia, tecnologia e inova\u00e7\u00e3o\u201d, disse.<\/p><\/blockquote>\n<p>Resultado da parceria entre Emater Goi\u00e1s, Universidade Federal de Goi\u00e1s (UFG) e Fapeg, o Cesu-Agro tem como foco o <strong>uso racional de pesticidas<\/strong> e o <strong>desenvolvimento de tecnologias alternativas<\/strong> para o controle de pragas, promovendo avan\u00e7os na sustentabilidade da produ\u00e7\u00e3o agropecu\u00e1ria.<\/p>\n<p>A estrutura tem como sede o complexo de laborat\u00f3rios da Emater Goi\u00e1s e conta com uma rede de laborat\u00f3rios integrados distribu\u00eddos em unidades acad\u00eamicas da UFG, sob coordena\u00e7\u00e3o dos pesquisadores respons\u00e1veis pelo projeto.<\/p>\n<p>Com uma equipe multidisciplinar formada por pesquisadores agropecu\u00e1rios, farmac\u00eauticos e especialistas em sa\u00fade do trabalhador e meio ambiente, o Cesu-Agro j\u00e1 atua na constru\u00e7\u00e3o de <strong>solu\u00e7\u00f5es que conectam ci\u00eancia e campo<\/strong>, alinhadas \u00e0s diretrizes da Agenda 2030 e voltadas ao bem-estar coletivo.<\/p>\n<hr \/>\n<p><strong>Comunica\u00e7\u00e3o Setorial da Emater \u2013 Governo de Goi\u00e1s<br \/>\ncomunicacao.ematergo@gmail.com | +55 (62) 98152-2322<br \/>\n<a href=\"http:\/\/goias.gov.br\/emater\">goias.gov.br\/emater<\/a><br \/>\n<a href=\"http:\/\/instagram.com\/ematergoias\">@ematergoias<\/a><\/strong><\/p>\n","protected":false},"excerpt":{"rendered":"<p>Emater Goi\u00e1s, UFG e Fapeg unem for\u00e7as para levar ci\u00eancia e inova\u00e7\u00e3o aos produtores rurais O Governo de Goi\u00e1s inaugurou, nesta quarta-feira (25), na sede da Emater Goi\u00e1s, em Goi\u00e2nia, o Centro de Excel\u00eancia em Sa\u00fade \u00danica (Cesu-Agro), iniciativa pioneira no pa\u00eds que integra sa\u00fade humana, animal e ambiental. Com investimento de R$ 5 milh\u00f5es [&hellip;]<\/p>\n","protected":false},"author":729,"featured_media":295686,"comment_status":"closed","ping_status":"open","sticky":false,"template":"","format":"standard","meta":{"_acf_changed":false,"footnotes":""},"categories":[1],"tags":[],"class_list":["post-295671","post","type-post","status-publish","format-standard","has-post-thumbnail","hentry","category-noticias"],"acf":[],"rttpg_featured_image_url":{"full":["https:\/\/goias.gov.br\/emater\/wp-content\/uploads\/sites\/62\/2026\/03\/WhatsApp-Image-2026-03-25-at-17.10.39.jpeg",1600,799,false],"landscape":["https:\/\/goias.gov.br\/emater\/wp-content\/uploads\/sites\/62\/2026\/03\/WhatsApp-Image-2026-03-25-at-17.10.39.jpeg",1600,799,false],"portraits":["https:\/\/goias.gov.br\/emater\/wp-content\/uploads\/sites\/62\/2026\/03\/WhatsApp-Image-2026-03-25-at-17.10.39.jpeg",1600,799,false],"thumbnail":["https:\/\/goias.gov.br\/emater\/wp-content\/uploads\/sites\/62\/2026\/03\/WhatsApp-Image-2026-03-25-at-17.10.39-150x150.jpeg",150,150,true],"medium":["https:\/\/goias.gov.br\/emater\/wp-content\/uploads\/sites\/62\/2026\/03\/WhatsApp-Image-2026-03-25-at-17.10.39-300x150.jpeg",300,150,true],"large":["https:\/\/goias.gov.br\/emater\/wp-content\/uploads\/sites\/62\/2026\/03\/WhatsApp-Image-2026-03-25-at-17.10.39-1024x511.jpeg",1024,511,true],"1536x1536":["https:\/\/goias.gov.br\/emater\/wp-content\/uploads\/sites\/62\/2026\/03\/WhatsApp-Image-2026-03-25-at-17.10.39-1536x767.jpeg",1536,767,true],"2048x2048":["https:\/\/goias.gov.br\/emater\/wp-content\/uploads\/sites\/62\/2026\/03\/WhatsApp-Image-2026-03-25-at-17.10.39.jpeg",1600,799,false]},"rttpg_author":{"display_name":"isadoraandrada","author_link":"https:\/\/goias.gov.br\/emater\/author\/isadoraandrada\/"},"rttpg_comment":0,"rttpg_category":"<a href=\"https:\/\/goias.gov.br\/emater\/categoria\/noticias\/\" rel=\"category tag\">Not\u00edcias<\/a>","rttpg_excerpt":"Emater Goi\u00e1s, UFG e Fapeg unem for\u00e7as para levar ci\u00eancia e inova\u00e7\u00e3o aos produtores rurais O Governo de Goi\u00e1s inaugurou, nesta quarta-feira (25), na sede da Emater Goi\u00e1s, em Goi\u00e2nia, o Centro de Excel\u00eancia em Sa\u00fade \u00danica (Cesu-Agro), iniciativa pioneira no pa\u00eds que integra sa\u00fade humana, animal e ambiental. Com investimento de R$ 5 milh\u00f5es&hellip;","_links":{"self":[{"href":"https:\/\/goias.gov.br\/emater\/wp-json\/wp\/v2\/posts\/295671","targetHints":{"allow":["GET"]}}],"collection":[{"href":"https:\/\/goias.gov.br\/emater\/wp-json\/wp\/v2\/posts"}],"about":[{"href":"https:\/\/goias.gov.br\/emater\/wp-json\/wp\/v2\/types\/post"}],"author":[{"embeddable":true,"href":"https:\/\/goias.gov.br\/emater\/wp-json\/wp\/v2\/users\/729"}],"replies":[{"embeddable":true,"href":"https:\/\/goias.gov.br\/emater\/wp-json\/wp\/v2\/comments?post=295671"}],"version-history":[{"count":1,"href":"https:\/\/goias.gov.br\/emater\/wp-json\/wp\/v2\/posts\/295671\/revisions"}],"predecessor-version":[{"id":295693,"href":"https:\/\/goias.gov.br\/emater\/wp-json\/wp\/v2\/posts\/295671\/revisions\/295693"}],"wp:featuredmedia":[{"embeddable":true,"href":"https:\/\/goias.gov.br\/emater\/wp-json\/wp\/v2\/media\/295686"}],"wp:attachment":[{"href":"https:\/\/goias.gov.br\/emater\/wp-json\/wp\/v2\/media?parent=295671"}],"wp:term":[{"taxonomy":"category","embeddable":true,"href":"https:\/\/goias.gov.br\/emater\/wp-json\/wp\/v2\/categories?post=295671"},{"taxonomy":"post_tag","embeddable":true,"href":"https:\/\/goias.gov.br\/emater\/wp-json\/wp\/v2\/tags?post=295671"}],"curies":[{"name":"wp","href":"https:\/\/api.w.org\/{rel}","templated":true}]}}