

{"id":295600,"date":"2026-03-24T17:18:32","date_gmt":"2026-03-24T20:18:32","guid":{"rendered":"https:\/\/goias.gov.br\/emater\/?p=295600"},"modified":"2026-03-25T18:25:05","modified_gmt":"2026-03-25T21:25:05","slug":"comitiva-da-emater-goias-realiza-visitas-tecnicas-no-parana-durante-assembleia-da-asbraer","status":"publish","type":"post","link":"https:\/\/goias.gov.br\/emater\/comitiva-da-emater-goias-realiza-visitas-tecnicas-no-parana-durante-assembleia-da-asbraer\/","title":{"rendered":"Comitiva da Emater Goi\u00e1s realiza visitas t\u00e9cnicas no Paran\u00e1 durante Assembleia da Asbraer"},"content":{"rendered":"<p style=\"text-align: center;\"><em>Experi\u00eancias acompanhadas pelo IDR destacam efici\u00eancia da assist\u00eancia t\u00e9cnica no campo<\/em><\/p>\n<p>A Emater Goi\u00e1s participou de uma s\u00e9rie de visitas t\u00e9cnicas na regi\u00e3o metropolitana de Curitiba durante a <strong>69\u00aa Assembleia da Associa\u00e7\u00e3o Brasileira das Entidades de Assist\u00eancia T\u00e9cnica e Extens\u00e3o Rural (Asbraer)<\/strong>, realizada no Paran\u00e1. A programa\u00e7\u00e3o, ocorrida entre os dias 19 e 20, proporcionou <strong>troca de experi\u00eancias e aprofundamento em temas estrat\u00e9gicos para o desenvolvimento rural<\/strong>.<\/p>\n<p>Todas as visitas t\u00e9cnicas foram realizadas em <strong>propriedades assistidas por extensionistas do IDR-Paran\u00e1<\/strong>, evidenciando na pr\u00e1tica os resultados do <strong>trabalho de assist\u00eancia t\u00e9cnica e extens\u00e3o rural<\/strong> desenvolvido no estado.<\/p>\n<p>No primeiro dia, a comitiva visitou propriedades localizadas em S\u00e3o Jos\u00e9 dos Pinhais. A primeira parada foi na propriedade do<strong> produtor Jo\u00e3o Zeliski<\/strong>, refer\u00eancia em <strong>sustentabilidade<\/strong> e na aplica\u00e7\u00e3o do <strong>Sistema de Plantio Direto de Hortali\u00e7as (SPDH)<\/strong>, t\u00e9cnica que prioriza o m\u00ednimo revolvimento do solo. No local, os participantes conheceram pr\u00e1ticas como rota\u00e7\u00e3o de culturas e uso de adubo verde, que contribuem para a <strong>redu\u00e7\u00e3o do uso de agroqu\u00edmicos e para o controle da eros\u00e3o<\/strong>.<\/p>\n<p>Ainda no munic\u00edpio, a <strong>Ch\u00e1cara S\u00f3 Morangos<\/strong> recebeu a comitiva. Refer\u00eancia em <strong>turismo rural<\/strong>, a propriedade trabalha com a modalidade \u201ccolha e pague\u201d, permitindo que os visitantes <strong>colham os pr\u00f3prios frutos e levem para casa<\/strong>. Com mais de 30 mil p\u00e9s de morango, o local <strong>alia produ\u00e7\u00e3o e experi\u00eancia tur\u00edstica<\/strong>. A recep\u00e7\u00e3o foi conduzida por Geovana Becker, filha dos propriet\u00e1rios e exemplo de sucess\u00e3o familiar no campo.<\/p>\n<p><img fetchpriority=\"high\" decoding=\"async\" class=\"alignnone size-full wp-image-295654\" src=\"https:\/\/goias.gov.br\/emater\/wp-content\/uploads\/sites\/62\/2026\/03\/WhatsApp-Image-2026-03-24-at-17.10.54.jpeg\" alt=\"\" width=\"2560\" height=\"1791\" srcset=\"https:\/\/goias.gov.br\/emater\/wp-content\/uploads\/sites\/62\/2026\/03\/WhatsApp-Image-2026-03-24-at-17.10.54.jpeg 2560w, https:\/\/goias.gov.br\/emater\/wp-content\/uploads\/sites\/62\/2026\/03\/WhatsApp-Image-2026-03-24-at-17.10.54-300x210.jpeg 300w, https:\/\/goias.gov.br\/emater\/wp-content\/uploads\/sites\/62\/2026\/03\/WhatsApp-Image-2026-03-24-at-17.10.54-1024x716.jpeg 1024w, https:\/\/goias.gov.br\/emater\/wp-content\/uploads\/sites\/62\/2026\/03\/WhatsApp-Image-2026-03-24-at-17.10.54-768x537.jpeg 768w, https:\/\/goias.gov.br\/emater\/wp-content\/uploads\/sites\/62\/2026\/03\/WhatsApp-Image-2026-03-24-at-17.10.54-1536x1075.jpeg 1536w, https:\/\/goias.gov.br\/emater\/wp-content\/uploads\/sites\/62\/2026\/03\/WhatsApp-Image-2026-03-24-at-17.10.54-2048x1433.jpeg 2048w\" sizes=\"(max-width: 2560px) 100vw, 2560px\" \/><\/p>\n<p>A programa\u00e7\u00e3o seguiu para Arauc\u00e1ria, onde o grupo almo\u00e7ou na<strong> Ch\u00e1cara Tavinho<\/strong>, tamb\u00e9m <strong>destaque no turismo rural<\/strong>. No local, al\u00e9m da produ\u00e7\u00e3o, os visitantes podem vivenciar experi\u00eancias como degustar uvas diretamente do p\u00e9, descansar e apreciar um t\u00edpico caf\u00e9 da manh\u00e3 sob os parreirais, <strong>integrando lazer e contato com a natureza<\/strong>.<\/p>\n<p>Ainda em Arauc\u00e1ria, foram visitadas as propriedades de <strong>Gilberto Olchel e da fam\u00edlia Deda<\/strong>. Com <strong>mais de 20 anos de atua\u00e7\u00e3o na fruticultura<\/strong>, Gilberto se destaca na produ\u00e7\u00e3o de ameixas, caquis, p\u00eassegos e ma\u00e7\u00e3s, com comercializa\u00e7\u00e3o voltada para Curitiba e regi\u00e3o metropolitana. J\u00e1 a fam\u00edlia Deda \u00e9 uma unidade demonstrativa<strong> refer\u00eancia na produ\u00e7\u00e3o de gr\u00e3os<\/strong>, com lavouras de soja, milho e feij\u00e3o.<\/p>\n<p>Encerrando o primeiro dia, a comitiva conheceu o <strong>Recanto das Lavandas<\/strong>, empreendimento voltado ao <strong>turismo de experi\u00eancia<\/strong> que encanta visitantes e integra a Rota das Lavandas do Paran\u00e1, <strong>unindo produ\u00e7\u00e3o, paisagem e gera\u00e7\u00e3o de renda no meio rural.<\/strong><\/p>\n<blockquote><p>\u201cAs visitas evidenciam a import\u00e2ncia da assist\u00eancia t\u00e9cnica cont\u00ednua e bem estruturada, aliada \u00e0 pesquisa agropecu\u00e1ria, como base para levar solu\u00e7\u00f5es eficientes ao campo. Quando levamos conhecimento e boas pr\u00e1ticas ao produtor rural, conseguimos transformar realidades, com impactos diretos na produtividade, na sustentabilidade e na gera\u00e7\u00e3o de renda\u201d, afirmou o presidente da Emater Goi\u00e1s, Rafael Gouveia.<\/p><\/blockquote>\n<p>No segundo dia, as atividades ocorreram no munic\u00edpio de Morretes. Al\u00e9m de um dos passeios de trem mais tradicionais do Paran\u00e1, a comitiva participou de um <strong>Dia de Campo na Esta\u00e7\u00e3o de Pesquisa do IDR-PR<\/strong>, onde foram abordados temas como o <strong>cultivo de palm\u00e1ceas e fruticultura em geral.<\/strong><\/p>\n<hr \/>\n<p><strong>Comunica\u00e7\u00e3o Setorial da Emater \u2013 Governo de Goi\u00e1s<br \/>\ncomunicacao.ematergo@gmail.com | +55 (62) 98152-2322<br \/>\n<a href=\"http:\/\/goias.gov.br\/emater\">goias.gov.br\/emater<\/a><br \/>\n<a href=\"http:\/\/instagram.com\/ematergoias\">@ematergoias<\/a><\/strong><\/p>\n","protected":false},"excerpt":{"rendered":"<p>Experi\u00eancias acompanhadas pelo IDR destacam efici\u00eancia da assist\u00eancia t\u00e9cnica no campo A Emater Goi\u00e1s participou de uma s\u00e9rie de visitas t\u00e9cnicas na regi\u00e3o metropolitana de Curitiba durante a 69\u00aa Assembleia da Associa\u00e7\u00e3o Brasileira das Entidades de Assist\u00eancia T\u00e9cnica e Extens\u00e3o Rural (Asbraer), realizada no Paran\u00e1. A programa\u00e7\u00e3o, ocorrida entre os dias 19 e 20, proporcionou [&hellip;]<\/p>\n","protected":false},"author":729,"featured_media":295651,"comment_status":"closed","ping_status":"open","sticky":false,"template":"","format":"standard","meta":{"_acf_changed":false,"footnotes":""},"categories":[1],"tags":[],"class_list":["post-295600","post","type-post","status-publish","format-standard","has-post-thumbnail","hentry","category-noticias"],"acf":[],"rttpg_featured_image_url":{"full":["https:\/\/goias.gov.br\/emater\/wp-content\/uploads\/sites\/62\/2026\/03\/Emater-Site-1150-x-575-9.jpg",1150,575,false],"landscape":["https:\/\/goias.gov.br\/emater\/wp-content\/uploads\/sites\/62\/2026\/03\/Emater-Site-1150-x-575-9.jpg",1150,575,false],"portraits":["https:\/\/goias.gov.br\/emater\/wp-content\/uploads\/sites\/62\/2026\/03\/Emater-Site-1150-x-575-9.jpg",1150,575,false],"thumbnail":["https:\/\/goias.gov.br\/emater\/wp-content\/uploads\/sites\/62\/2026\/03\/Emater-Site-1150-x-575-9-150x150.jpg",150,150,true],"medium":["https:\/\/goias.gov.br\/emater\/wp-content\/uploads\/sites\/62\/2026\/03\/Emater-Site-1150-x-575-9-300x150.jpg",300,150,true],"large":["https:\/\/goias.gov.br\/emater\/wp-content\/uploads\/sites\/62\/2026\/03\/Emater-Site-1150-x-575-9-1024x512.jpg",1024,512,true],"1536x1536":["https:\/\/goias.gov.br\/emater\/wp-content\/uploads\/sites\/62\/2026\/03\/Emater-Site-1150-x-575-9.jpg",1150,575,false],"2048x2048":["https:\/\/goias.gov.br\/emater\/wp-content\/uploads\/sites\/62\/2026\/03\/Emater-Site-1150-x-575-9.jpg",1150,575,false]},"rttpg_author":{"display_name":"isadoraandrada","author_link":"https:\/\/goias.gov.br\/emater\/author\/isadoraandrada\/"},"rttpg_comment":0,"rttpg_category":"<a href=\"https:\/\/goias.gov.br\/emater\/categoria\/noticias\/\" rel=\"category tag\">Not\u00edcias<\/a>","rttpg_excerpt":"Experi\u00eancias acompanhadas pelo IDR destacam efici\u00eancia da assist\u00eancia t\u00e9cnica no campo A Emater Goi\u00e1s participou de uma s\u00e9rie de visitas t\u00e9cnicas na regi\u00e3o metropolitana de Curitiba durante a 69\u00aa Assembleia da Associa\u00e7\u00e3o Brasileira das Entidades de Assist\u00eancia T\u00e9cnica e Extens\u00e3o Rural (Asbraer), realizada no Paran\u00e1. A programa\u00e7\u00e3o, ocorrida entre os dias 19 e 20, proporcionou&hellip;","_links":{"self":[{"href":"https:\/\/goias.gov.br\/emater\/wp-json\/wp\/v2\/posts\/295600","targetHints":{"allow":["GET"]}}],"collection":[{"href":"https:\/\/goias.gov.br\/emater\/wp-json\/wp\/v2\/posts"}],"about":[{"href":"https:\/\/goias.gov.br\/emater\/wp-json\/wp\/v2\/types\/post"}],"author":[{"embeddable":true,"href":"https:\/\/goias.gov.br\/emater\/wp-json\/wp\/v2\/users\/729"}],"replies":[{"embeddable":true,"href":"https:\/\/goias.gov.br\/emater\/wp-json\/wp\/v2\/comments?post=295600"}],"version-history":[{"count":2,"href":"https:\/\/goias.gov.br\/emater\/wp-json\/wp\/v2\/posts\/295600\/revisions"}],"predecessor-version":[{"id":295662,"href":"https:\/\/goias.gov.br\/emater\/wp-json\/wp\/v2\/posts\/295600\/revisions\/295662"}],"wp:featuredmedia":[{"embeddable":true,"href":"https:\/\/goias.gov.br\/emater\/wp-json\/wp\/v2\/media\/295651"}],"wp:attachment":[{"href":"https:\/\/goias.gov.br\/emater\/wp-json\/wp\/v2\/media?parent=295600"}],"wp:term":[{"taxonomy":"category","embeddable":true,"href":"https:\/\/goias.gov.br\/emater\/wp-json\/wp\/v2\/categories?post=295600"},{"taxonomy":"post_tag","embeddable":true,"href":"https:\/\/goias.gov.br\/emater\/wp-json\/wp\/v2\/tags?post=295600"}],"curies":[{"name":"wp","href":"https:\/\/api.w.org\/{rel}","templated":true}]}}