

{"id":295158,"date":"2026-03-19T10:15:07","date_gmt":"2026-03-19T13:15:07","guid":{"rendered":"https:\/\/goias.gov.br\/emater\/?p=295158"},"modified":"2026-03-19T10:15:07","modified_gmt":"2026-03-19T13:15:07","slug":"governo-de-goias-encerra-primeira-edicao-de-2026-do-agro-e-social-com-r-69-milhoes-investidos-em-produtores-rurais","status":"publish","type":"post","link":"https:\/\/goias.gov.br\/emater\/governo-de-goias-encerra-primeira-edicao-de-2026-do-agro-e-social-com-r-69-milhoes-investidos-em-produtores-rurais\/","title":{"rendered":"Governo de Goi\u00e1s encerra primeira edi\u00e7\u00e3o de 2026 do Agro \u00e9 Social com R$ 6,9 milh\u00f5es investidos em produtores rurais"},"content":{"rendered":"<div style=\"text-align: center;\">\n<div><\/div>\n<div><\/div>\n<p><em>Entrega de cr\u00e9dito e servi\u00e7os gratuitos marcam a a\u00e7\u00e3o que beneficia mais de 1,5 mil produtores e fortalece a agricultura familiar em 17 munic\u00edpios da regi\u00e3o nordeste de Goi\u00e1s<\/em><\/div>\n<div>\n<p>O Governo de Goi\u00e1s realiza,<strong> nesta segunda-feira<\/strong> (23\/03), em <strong>Iaciara<\/strong>, o encerramento da primeira edi\u00e7\u00e3o de 2026 do <strong>Programa Agro \u00e9 Social<\/strong>, iniciativa voltada \u00e0 inclus\u00e3o produtiva, gera\u00e7\u00e3o de renda e fortalecimento da agricultura familiar. A cerim\u00f4nia acontece \u00e0s 10 horas, em espa\u00e7o ao lado da Prefeitura Municipal, reunindo produtores da <strong>Regional Vale do Paran\u00e3<\/strong>.<\/p>\n<p>Coordenado pela Emater, em parceria com a Secretaria de Estado de Agricultura, Pecu\u00e1ria e Abastecimento (Seapa) e o Goi\u00e1s Social, o programa contou com <strong>investimento de R$ 6,9 milh\u00f5es<\/strong> nesta edi\u00e7\u00e3o. Ao todo, <strong>1.567 produtores<\/strong> rurais foram capacitados, com foco na autonomia econ\u00f4mica e no est\u00edmulo \u00e0 cria\u00e7\u00e3o e expans\u00e3o de<strong> pequenos neg\u00f3cios<\/strong> no campo.<\/p>\n<p>O evento marca a entrega de <strong>1.384 cart\u00f5es do Cr\u00e9dito Social<\/strong>, benef\u00edcio que concede <strong>at\u00e9 R$ 5 mil<\/strong> por produtor, destinado \u00e0 aquisi\u00e7\u00e3o de insumos e equipamentos para o desenvolvimento das <strong>atividades produtivas<\/strong>. A iniciativa contribui diretamente para o <strong>fortalecimento da economia local<\/strong> e para a melhoria da qualidade de vida das fam\u00edlias atendidas.<\/p>\n<p>Ao longo da edi\u00e7\u00e3o, foram realizadas <strong>77 turmas de capacita\u00e7\u00e3o<\/strong> em 19 \u00e1reas produtivas, incluindo apicultura, avicultura, bovinocultura, horticultura, panifica\u00e7\u00e3o, piscicultura, turismo rural, entre outras. As forma\u00e7\u00f5es t\u00eam como objetivo ampliar o conhecimento t\u00e9cnico e promover a profissionaliza\u00e7\u00e3o dos produtores rurais.<\/p>\n<p>Durante a cerim\u00f4nia, tamb\u00e9m ser\u00e3o entregues certificados aos <strong>1.567 participantes<\/strong> de 17 munic\u00edpios: Alto Para\u00edso de Goi\u00e1s, Alvorada do Norte, Buritin\u00f3polis, Campos Belos, Cavalcante, Damian\u00f3polis, Divin\u00f3polis de Goi\u00e1s, Guarani de Goi\u00e1s, Iaciara, Mamba\u00ed, Monte Alegre de Goi\u00e1s, Nova Roma, Posse, S\u00e3o Domingos, Simol\u00e2ndia, S\u00edtio D\u2019Abadia e Teresina de Goi\u00e1s.<\/p>\n<p>O presidente da Emater Goi\u00e1s, Rafael Gouveia, destaca o alcance social do programa.<\/p><\/div>\n<blockquote>\n<div>\n\u201cO <strong>Agro \u00e9 Social<\/strong> se consolidou como o maior programa de <strong>inclus\u00e3o produtiva do Brasil<\/strong> porque promove a <strong>independ\u00eancia econ\u00f4mica<\/strong> das fam\u00edlias rurais. Com o Cr\u00e9dito Social, os produtores conseguem investir em suas atividades, <strong>gerar renda<\/strong> e transformar a realidade no campo\u201d, afirma.<\/div>\n<\/blockquote>\n<div>\nAl\u00e9m da entrega dos benef\u00edcios, o encerramento contar\u00e1 com a <strong>oferta de servi\u00e7os gratuitos<\/strong> \u00e0 popula\u00e7\u00e3o, como atendimentos de sa\u00fade e jur\u00eddicos, emiss\u00e3o de documentos, distribui\u00e7\u00e3o de mudas e atendimentos do Vapt Vupt, ampliando o <strong>impacto social<\/strong> da a\u00e7\u00e3o no munic\u00edpio.<\/div>\n<div><\/div>\n<div><strong>__<br \/>\nComunica\u00e7\u00e3o Setorial da Emater \u2013 Governo de Goi\u00e1s<br \/>\ncomunicacao.ematergo@gmail.com | +55 (62) 98152-2322<br \/>\n<a href=\"http:\/\/goias.gov.br\/emater\">goias.gov.br\/emater<\/a><br \/>\n<a href=\"http:\/\/instagram.com\/ematergoias\">@ematergoias<\/a><\/strong><\/div>\n","protected":false},"excerpt":{"rendered":"<p>Entrega de cr\u00e9dito e servi\u00e7os gratuitos marcam a a\u00e7\u00e3o que beneficia mais de 1,5 mil produtores e fortalece a agricultura familiar em 17 munic\u00edpios da regi\u00e3o nordeste de Goi\u00e1s O Governo de Goi\u00e1s realiza, nesta segunda-feira (23\/03), em Iaciara, o encerramento da primeira edi\u00e7\u00e3o de 2026 do Programa Agro \u00e9 Social, iniciativa voltada \u00e0 inclus\u00e3o [&hellip;]<\/p>\n","protected":false},"author":301,"featured_media":295161,"comment_status":"closed","ping_status":"open","sticky":false,"template":"","format":"standard","meta":{"_acf_changed":false,"footnotes":""},"categories":[33,42,47,181,1],"tags":[],"class_list":["post-295158","post","type-post","status-publish","format-standard","has-post-thumbnail","hentry","category-dia-de-campo","category-evento","category-eventos","category-institucional","category-noticias","tipo_de_noticia-governo"],"acf":[],"rttpg_featured_image_url":{"full":["https:\/\/goias.gov.br\/emater\/wp-content\/uploads\/sites\/62\/2026\/03\/Governo-de-Goias-encerra-primeira-edicao-de-2026-do-Agro-e-Social.jpeg",2560,1280,false],"landscape":["https:\/\/goias.gov.br\/emater\/wp-content\/uploads\/sites\/62\/2026\/03\/Governo-de-Goias-encerra-primeira-edicao-de-2026-do-Agro-e-Social.jpeg",2560,1280,false],"portraits":["https:\/\/goias.gov.br\/emater\/wp-content\/uploads\/sites\/62\/2026\/03\/Governo-de-Goias-encerra-primeira-edicao-de-2026-do-Agro-e-Social.jpeg",2560,1280,false],"thumbnail":["https:\/\/goias.gov.br\/emater\/wp-content\/uploads\/sites\/62\/2026\/03\/Governo-de-Goias-encerra-primeira-edicao-de-2026-do-Agro-e-Social-150x150.jpeg",150,150,true],"medium":["https:\/\/goias.gov.br\/emater\/wp-content\/uploads\/sites\/62\/2026\/03\/Governo-de-Goias-encerra-primeira-edicao-de-2026-do-Agro-e-Social-300x150.jpeg",300,150,true],"large":["https:\/\/goias.gov.br\/emater\/wp-content\/uploads\/sites\/62\/2026\/03\/Governo-de-Goias-encerra-primeira-edicao-de-2026-do-Agro-e-Social-1024x512.jpeg",1024,512,true],"1536x1536":["https:\/\/goias.gov.br\/emater\/wp-content\/uploads\/sites\/62\/2026\/03\/Governo-de-Goias-encerra-primeira-edicao-de-2026-do-Agro-e-Social-1536x768.jpeg",1536,768,true],"2048x2048":["https:\/\/goias.gov.br\/emater\/wp-content\/uploads\/sites\/62\/2026\/03\/Governo-de-Goias-encerra-primeira-edicao-de-2026-do-Agro-e-Social-2048x1024.jpeg",2048,1024,true]},"rttpg_author":{"display_name":"marciacunha","author_link":"https:\/\/goias.gov.br\/emater\/author\/marciacunha\/"},"rttpg_comment":0,"rttpg_category":"<a href=\"https:\/\/goias.gov.br\/emater\/categoria\/dia-de-campo\/\" rel=\"category tag\">Dia de Campo<\/a> <a href=\"https:\/\/goias.gov.br\/emater\/categoria\/evento\/\" rel=\"category tag\">Evento<\/a> <a href=\"https:\/\/goias.gov.br\/emater\/categoria\/eventos\/\" rel=\"category tag\">Eventos<\/a> <a href=\"https:\/\/goias.gov.br\/emater\/categoria\/institucional\/\" rel=\"category tag\">Institucional<\/a> <a href=\"https:\/\/goias.gov.br\/emater\/categoria\/noticias\/\" rel=\"category tag\">Not\u00edcias<\/a>","rttpg_excerpt":"Entrega de cr\u00e9dito e servi\u00e7os gratuitos marcam a a\u00e7\u00e3o que beneficia mais de 1,5 mil produtores e fortalece a agricultura familiar em 17 munic\u00edpios da regi\u00e3o nordeste de Goi\u00e1s O Governo de Goi\u00e1s realiza, nesta segunda-feira (23\/03), em Iaciara, o encerramento da primeira edi\u00e7\u00e3o de 2026 do Programa Agro \u00e9 Social, iniciativa voltada \u00e0 inclus\u00e3o&hellip;","_links":{"self":[{"href":"https:\/\/goias.gov.br\/emater\/wp-json\/wp\/v2\/posts\/295158","targetHints":{"allow":["GET"]}}],"collection":[{"href":"https:\/\/goias.gov.br\/emater\/wp-json\/wp\/v2\/posts"}],"about":[{"href":"https:\/\/goias.gov.br\/emater\/wp-json\/wp\/v2\/types\/post"}],"author":[{"embeddable":true,"href":"https:\/\/goias.gov.br\/emater\/wp-json\/wp\/v2\/users\/301"}],"replies":[{"embeddable":true,"href":"https:\/\/goias.gov.br\/emater\/wp-json\/wp\/v2\/comments?post=295158"}],"version-history":[{"count":2,"href":"https:\/\/goias.gov.br\/emater\/wp-json\/wp\/v2\/posts\/295158\/revisions"}],"predecessor-version":[{"id":295175,"href":"https:\/\/goias.gov.br\/emater\/wp-json\/wp\/v2\/posts\/295158\/revisions\/295175"}],"wp:featuredmedia":[{"embeddable":true,"href":"https:\/\/goias.gov.br\/emater\/wp-json\/wp\/v2\/media\/295161"}],"wp:attachment":[{"href":"https:\/\/goias.gov.br\/emater\/wp-json\/wp\/v2\/media?parent=295158"}],"wp:term":[{"taxonomy":"category","embeddable":true,"href":"https:\/\/goias.gov.br\/emater\/wp-json\/wp\/v2\/categories?post=295158"},{"taxonomy":"post_tag","embeddable":true,"href":"https:\/\/goias.gov.br\/emater\/wp-json\/wp\/v2\/tags?post=295158"}],"curies":[{"name":"wp","href":"https:\/\/api.w.org\/{rel}","templated":true}]}}