

{"id":294977,"date":"2026-03-11T16:31:40","date_gmt":"2026-03-11T19:31:40","guid":{"rendered":"https:\/\/goias.gov.br\/emater\/?p=294977"},"modified":"2026-03-11T17:05:09","modified_gmt":"2026-03-11T20:05:09","slug":"em-flores-de-goias-gracinha-caiado-inaugura-casa-do-mel-e-anuncia-inclusao-de-novos-produtores-no-paa-quilombola","status":"publish","type":"post","link":"https:\/\/goias.gov.br\/emater\/em-flores-de-goias-gracinha-caiado-inaugura-casa-do-mel-e-anuncia-inclusao-de-novos-produtores-no-paa-quilombola\/","title":{"rendered":"Em Flores de Goi\u00e1s, Gracinha Caiado inaugura Casa do Mel e anuncia inclus\u00e3o de novos produtores no PAA Quilombola"},"content":{"rendered":"<p style=\"text-align: center\"><em>Investimentos fortalecem economia na regi\u00e3o do V\u00e3o do Paran\u00e3 e impulsionam agricultura familiar no Nordeste goiano<\/em><\/p>\n<p>A coordenadora do Goi\u00e1s Social, primeira-dama <strong>Gracinha Caiado,<\/strong> comandou nesta quarta-feira (10\/3) a\u00e7\u00f5es voltadas ao<strong> fortalecimento <\/strong>da agricultura familiar em <strong>Flores de Goi\u00e1s,<\/strong> no Nordeste goiano. O munic\u00edpio recebeu a <strong>Casa do Mel,<\/strong> kits de apicultura e barracas do<strong> Programa Feira do Produtor,<\/strong> programas coordenados pela Secretaria de Agricultura, Pecu\u00e1ria e Abastecimento (<strong>Seapa<\/strong>). Durante a agenda, tamb\u00e9m foi anunciada a<strong> inclus\u00e3o<\/strong> de novos produtores no Programa de Aquisi\u00e7\u00e3o de Alimentos voltado a povos remanescentes de quilombo (<strong>PAA Quilombola<\/strong>).<\/p>\n<blockquote><p>\u201c<strong>Flores de Goi\u00e1s<\/strong> \u00e9 um munic\u00edpio de cerca de <strong>17 mil habitantes,<\/strong> onde grande parte da popula\u00e7\u00e3o vive da <strong>agricultura familiar<\/strong> na zona rural. Uma regi\u00e3o f\u00e9rtil que hoje recebe investimentos importantes para <strong>fortalecer a produ\u00e7\u00e3o.<\/strong> Aqui no <strong>V\u00e3o do Paran\u00e3<\/strong> estamos apoiando os produtores com diversas a\u00e7\u00f5es que ajudam as fam\u00edlias a <strong>produzir mais,<\/strong> vender melhor e aumentar a renda no campo\u201d, afirmou a primeira-dama Gracinha Caiado.<\/p><\/blockquote>\n<p>A solenidade tamb\u00e9m marcou a <strong>entrega de 30 kits<\/strong> do Programa Feira do Produtor, destinados \u00e0 estrutura\u00e7\u00e3o da comercializa\u00e7\u00e3o direta da produ\u00e7\u00e3o local. <strong>Cada kit<\/strong> cont\u00e9m uma tenda com balc\u00e3o acoplado e dez caixas pl\u00e1sticas. A iniciativa integra um total de 800 kits que ser\u00e3o distribu\u00eddos em Goi\u00e1s.<\/p>\n<blockquote><p>\u201c<strong>O fortalecimento<\/strong> dessas cadeias produtivas do agro \u00e9 um compromisso do Governo de Goi\u00e1s com o <strong>desenvolvimento do nordeste goiano.<\/strong> Temos trabalhado n\u00e3o s\u00f3 com a disponibiliza\u00e7\u00e3o de equipamentos, mas tamb\u00e9m com acompanhamento para que esses produtores, de fato, <strong>alcancem a inclus\u00e3o produtiva<\/strong> e a autonomia de suas fam\u00edlias\u201d, comenta a subsecret\u00e1ria de Agricultura Familiar, Produ\u00e7\u00e3o Rural e Inclus\u00e3o Produtiva, <strong>Glaucilene Carvalho.<\/strong><\/p><\/blockquote>\n<p>Gracinha Caiado anunciou ainda o <strong>ingresso de mais 94 produtores<\/strong> que estavam em cadastro reserva no PAA Quilombola, com investimento adicional de <strong>R$ 1,3 milh\u00e3o.<\/strong> O presidente da Emater, <strong>Rafael Gouveia,<\/strong> destacou que os <strong>investimentos beneficiam<\/strong> n\u00e3o apenas os agricultores, mas toda a popula\u00e7\u00e3o.<\/p>\n<blockquote><p>\u201cFlores de Goi\u00e1s foi o munic\u00edpio com <strong>maior n\u00famero<\/strong> de benefici\u00e1rios do PAA no estado. S\u00e3o mais de <strong>200 produtores<\/strong> atendidos pelo PAA Goi\u00e1s, o que <strong>fortalece<\/strong> a produ\u00e7\u00e3o local e leva <strong>alimentos<\/strong> para a popula\u00e7\u00e3o\u201d, afirmou.<\/p><\/blockquote>\n<p>Com os<strong> novos benefici\u00e1rios,<\/strong> o programa passar\u00e1 a <strong>atender 228 produtores<\/strong> em <strong>15 munic\u00edpios<\/strong> goianos, somando R$ 3,3 milh\u00f5es em recursos e previs\u00e3o de aquisi\u00e7\u00e3o de aproximadamente <strong>228 toneladas<\/strong> de alimentos da agricultura familiar.<br \/>\n<img fetchpriority=\"high\" decoding=\"async\" class=\"aligncenter wp-image-294980 size-large\" src=\"https:\/\/goias.gov.br\/emater\/wp-content\/uploads\/sites\/62\/2026\/03\/MONTAGEM-SITE-EMATER-1920-x-1080-px-3-1024x576.jpg\" alt=\"\" width=\"1024\" height=\"576\" srcset=\"https:\/\/goias.gov.br\/emater\/wp-content\/uploads\/sites\/62\/2026\/03\/MONTAGEM-SITE-EMATER-1920-x-1080-px-3-1024x576.jpg 1024w, https:\/\/goias.gov.br\/emater\/wp-content\/uploads\/sites\/62\/2026\/03\/MONTAGEM-SITE-EMATER-1920-x-1080-px-3-300x169.jpg 300w, https:\/\/goias.gov.br\/emater\/wp-content\/uploads\/sites\/62\/2026\/03\/MONTAGEM-SITE-EMATER-1920-x-1080-px-3-768x432.jpg 768w, https:\/\/goias.gov.br\/emater\/wp-content\/uploads\/sites\/62\/2026\/03\/MONTAGEM-SITE-EMATER-1920-x-1080-px-3-1536x864.jpg 1536w, https:\/\/goias.gov.br\/emater\/wp-content\/uploads\/sites\/62\/2026\/03\/MONTAGEM-SITE-EMATER-1920-x-1080-px-3-2048x1152.jpg 2048w\" sizes=\"(max-width: 1024px) 100vw, 1024px\" \/><br \/>\nPara o <strong>prefeito<\/strong> de Flores de Goi\u00e1s,<strong> Altran Avelar,<\/strong> os investimentos <strong>refor\u00e7am o potencial<\/strong> do munic\u00edpio para se consolidar como refer\u00eancia na fruticultura.<\/p>\n<blockquote><p>\u201cOs agricultores do nosso munic\u00edpio t\u00eam recebido <strong>aten\u00e7\u00e3o e assist\u00eancia<\/strong> do Governo de Goi\u00e1s, o que demonstra a<strong> for\u00e7a dessa parceria<\/strong> para gerar desenvolvimento, dignidade e oportunidades no campo. Temos potencial para nos tornar um dos <strong>maiores polos<\/strong> de fruticultura do pa\u00eds, gra\u00e7as \u00e0s caracter\u00edsticas e \u00e0 <strong>voca\u00e7\u00e3o produtiva<\/strong> da nossa regi\u00e3o\u201d, afirmou.<\/p><\/blockquote>\n<p>Durante a agenda, a primeira-dama vistoriou ainda as <strong>obras da agroind\u00fastria<\/strong> destinada ao processamento de frutas produzidas pelo <strong>Projeto de Fruticultura Irrigada<\/strong> do V\u00e3o do Paran\u00e3, de iniciativa da Seapa. O empreendimento, que est\u00e1 sendo executado pela Secretaria de Estado da Infraestrutura (<strong>Seinfra<\/strong>), conta com investimento de <strong>R$ 5 milh\u00f5es,<\/strong> com recursos do Goi\u00e1s Social, e dever\u00e1 atender mais de 100 produtores de frutas da regi\u00e3o.<\/p>\n<p><strong>Casa do Mel<\/strong><br \/>\nA inaugura\u00e7\u00e3o da Casa do Mel faz parte de <strong>projeto estruturante<\/strong> da Secretaria de Estado de Agricultura, Pecu\u00e1ria e Abastecimento (Seapa), em parceria com a <strong>Secretaria da Retomada<\/strong> e o munic\u00edpio de Flores de Goi\u00e1s, para <strong>fomentar a apicultura local.<\/strong> O Governo de Goi\u00e1s investe <strong>R$ 1 milh\u00e3o na estrutura\u00e7\u00e3o<\/strong> do Arranjo Produtivo Local (APL) do mel de Flores de Goi\u00e1s, que vai <strong>atender 21 assentamentos<\/strong> que est\u00e3o, al\u00e9m de Flores de Goi\u00e1s, nos munic\u00edpios de Formosa, S\u00e3o Jo\u00e3o D\u2019Alian\u00e7a e Vila Boa. O investimento \u00e9 destinado \u00e0 <strong>aquisi\u00e7\u00e3o de caminh\u00f5es<\/strong> e equipamentos para a estrutura\u00e7\u00e3o dos arranjos produtivos para <strong>fortalecer a cadeia<\/strong> produtiva da apicultura, criando <strong>melhores condi\u00e7\u00f5es<\/strong> para que os produtores ampliem sua capacidade de produ\u00e7\u00e3o, <strong>agreguem valor<\/strong> ao mel e acessem novos mercados.<\/p>\n<p>Como parte da iniciativa, foram<strong> entregues 150 kits<\/strong> do Projeto Apicultura Social ao munic\u00edpio. Cada kit cont\u00e9m dez itens essenciais para o<strong> manejo ap\u00edcola,<\/strong> incluindo macac\u00e3o, luvas de seguran\u00e7a, chap\u00e9u, bota de seguran\u00e7a, fumigador, centr\u00edfuga manual, garfo desoperculador, caixa de abelha com melgueira, alimentador de cobertura de colmeia e caixa isca.<\/p>\n<p><strong>__<\/strong><\/p>\n<p><strong>Secretaria de Comunica\u00e7\u00e3o &#8211; Governo de Goi\u00e1s<\/strong><\/p>\n","protected":false},"excerpt":{"rendered":"<p>Investimentos fortalecem economia na regi\u00e3o do V\u00e3o do Paran\u00e3 e impulsionam agricultura familiar no Nordeste goiano A coordenadora do Goi\u00e1s Social, primeira-dama Gracinha Caiado, comandou nesta quarta-feira (10\/3) a\u00e7\u00f5es voltadas ao fortalecimento da agricultura familiar em Flores de Goi\u00e1s, no Nordeste goiano. O munic\u00edpio recebeu a Casa do Mel, kits de apicultura e barracas do [&hellip;]<\/p>\n","protected":false},"author":689,"featured_media":294979,"comment_status":"closed","ping_status":"open","sticky":false,"template":"","format":"standard","meta":{"_acf_changed":false,"footnotes":""},"categories":[33,42,1,67],"tags":[],"class_list":["post-294977","post","type-post","status-publish","format-standard","has-post-thumbnail","hentry","category-dia-de-campo","category-evento","category-noticias","category-publicacoes","tipo_de_noticia-governo","tipo_de_noticia-novidades"],"acf":[],"rttpg_featured_image_url":{"full":["https:\/\/goias.gov.br\/emater\/wp-content\/uploads\/sites\/62\/2026\/03\/WhatsApp-Image-2026-03-11-at-16.27.58.jpeg",1150,575,false],"landscape":["https:\/\/goias.gov.br\/emater\/wp-content\/uploads\/sites\/62\/2026\/03\/WhatsApp-Image-2026-03-11-at-16.27.58.jpeg",1150,575,false],"portraits":["https:\/\/goias.gov.br\/emater\/wp-content\/uploads\/sites\/62\/2026\/03\/WhatsApp-Image-2026-03-11-at-16.27.58.jpeg",1150,575,false],"thumbnail":["https:\/\/goias.gov.br\/emater\/wp-content\/uploads\/sites\/62\/2026\/03\/WhatsApp-Image-2026-03-11-at-16.27.58-150x150.jpeg",150,150,true],"medium":["https:\/\/goias.gov.br\/emater\/wp-content\/uploads\/sites\/62\/2026\/03\/WhatsApp-Image-2026-03-11-at-16.27.58-300x150.jpeg",300,150,true],"large":["https:\/\/goias.gov.br\/emater\/wp-content\/uploads\/sites\/62\/2026\/03\/WhatsApp-Image-2026-03-11-at-16.27.58-1024x512.jpeg",1024,512,true],"1536x1536":["https:\/\/goias.gov.br\/emater\/wp-content\/uploads\/sites\/62\/2026\/03\/WhatsApp-Image-2026-03-11-at-16.27.58.jpeg",1150,575,false],"2048x2048":["https:\/\/goias.gov.br\/emater\/wp-content\/uploads\/sites\/62\/2026\/03\/WhatsApp-Image-2026-03-11-at-16.27.58.jpeg",1150,575,false]},"rttpg_author":{"display_name":"abraaomoura","author_link":"https:\/\/goias.gov.br\/emater\/author\/abraaomoura\/"},"rttpg_comment":0,"rttpg_category":"<a href=\"https:\/\/goias.gov.br\/emater\/categoria\/dia-de-campo\/\" rel=\"category tag\">Dia de Campo<\/a> <a href=\"https:\/\/goias.gov.br\/emater\/categoria\/evento\/\" rel=\"category tag\">Evento<\/a> <a href=\"https:\/\/goias.gov.br\/emater\/categoria\/noticias\/\" rel=\"category tag\">Not\u00edcias<\/a> <a href=\"https:\/\/goias.gov.br\/emater\/categoria\/publicacoes\/\" rel=\"category tag\">Publica\u00e7\u00f5es<\/a>","rttpg_excerpt":"Investimentos fortalecem economia na regi\u00e3o do V\u00e3o do Paran\u00e3 e impulsionam agricultura familiar no Nordeste goiano A coordenadora do Goi\u00e1s Social, primeira-dama Gracinha Caiado, comandou nesta quarta-feira (10\/3) a\u00e7\u00f5es voltadas ao fortalecimento da agricultura familiar em Flores de Goi\u00e1s, no Nordeste goiano. O munic\u00edpio recebeu a Casa do Mel, kits de apicultura e barracas do&hellip;","_links":{"self":[{"href":"https:\/\/goias.gov.br\/emater\/wp-json\/wp\/v2\/posts\/294977","targetHints":{"allow":["GET"]}}],"collection":[{"href":"https:\/\/goias.gov.br\/emater\/wp-json\/wp\/v2\/posts"}],"about":[{"href":"https:\/\/goias.gov.br\/emater\/wp-json\/wp\/v2\/types\/post"}],"author":[{"embeddable":true,"href":"https:\/\/goias.gov.br\/emater\/wp-json\/wp\/v2\/users\/689"}],"replies":[{"embeddable":true,"href":"https:\/\/goias.gov.br\/emater\/wp-json\/wp\/v2\/comments?post=294977"}],"version-history":[{"count":2,"href":"https:\/\/goias.gov.br\/emater\/wp-json\/wp\/v2\/posts\/294977\/revisions"}],"predecessor-version":[{"id":294986,"href":"https:\/\/goias.gov.br\/emater\/wp-json\/wp\/v2\/posts\/294977\/revisions\/294986"}],"wp:featuredmedia":[{"embeddable":true,"href":"https:\/\/goias.gov.br\/emater\/wp-json\/wp\/v2\/media\/294979"}],"wp:attachment":[{"href":"https:\/\/goias.gov.br\/emater\/wp-json\/wp\/v2\/media?parent=294977"}],"wp:term":[{"taxonomy":"category","embeddable":true,"href":"https:\/\/goias.gov.br\/emater\/wp-json\/wp\/v2\/categories?post=294977"},{"taxonomy":"post_tag","embeddable":true,"href":"https:\/\/goias.gov.br\/emater\/wp-json\/wp\/v2\/tags?post=294977"}],"curies":[{"name":"wp","href":"https:\/\/api.w.org\/{rel}","templated":true}]}}