

{"id":294968,"date":"2026-03-10T10:06:31","date_gmt":"2026-03-10T13:06:31","guid":{"rendered":"https:\/\/goias.gov.br\/emater\/?p=294968"},"modified":"2026-03-10T10:38:28","modified_gmt":"2026-03-10T13:38:28","slug":"com-apoio-da-emater-goias-produtor-transforma-propriedade-em-renda-e-dobra-rebanho-em-sanclerlandia","status":"publish","type":"post","link":"https:\/\/goias.gov.br\/emater\/com-apoio-da-emater-goias-produtor-transforma-propriedade-em-renda-e-dobra-rebanho-em-sanclerlandia\/","title":{"rendered":"Com apoio da Emater Goi\u00e1s, produtor transforma propriedade em renda e dobra rebanho em Sanclerl\u00e2ndia"},"content":{"rendered":"<p style=\"text-align: center\"><em>Recupera\u00e7\u00e3o de pastagens, manejo e acesso a pol\u00edticas p\u00fablicas ampliam rebanho de 35 para 81 cabe\u00e7as e produtor garante que o futuro da fam\u00edlia agora est\u00e1 na pr\u00f3pria terra<\/em><\/p>\n<p>O<strong> trabalho de assist\u00eancia t\u00e9cnica<\/strong> da Emater Goi\u00e1s est\u00e1 <strong>mudando a realidade de produtores<\/strong> rurais em todo o estado. <strong>Em\u00a0 Sanclerl\u00e2ndia,<\/strong> na regi\u00e3o oeste de Goi\u00e1s, o produtor de leite <strong>S\u00e9rgio Faria<\/strong> conseguiu <strong>recuperar \u00e1reas degradadas<\/strong> da propriedade, ampliar o rebanho e voltar a tirar da pr\u00f3pria terra o sustento da fam\u00edlia.<\/p>\n<blockquote><p>\u201cHoje eu sei que \u00e9 poss\u00edvel <strong>viver da propriedade<\/strong> e ter renda digna para sustentar minha fam\u00edlia. Agora tenho <strong>planos para o futuro<\/strong> e vou conquist\u00e1-los\u201d, afirma o produtor.<\/p><\/blockquote>\n<p>Comprada h\u00e1 12 anos, a propriedade <strong>permaneceu<\/strong> por muito tempo subutilizada. <strong>Sem orienta\u00e7\u00e3o t\u00e9cnica<\/strong> para manejar o solo e organizar a produ\u00e7\u00e3o, S\u00e9rgio precisou trabalhar em outra fazenda para garantir renda. A mudan\u00e7a come\u00e7ou com o <strong>acompanhamento da Emater<\/strong> Goi\u00e1s, por meio do <strong>Projeto Bovinocultura Sustent\u00e1vel.<\/strong><\/p>\n<p>Segundo a engenheira agr\u00f4noma da unidade local da Emater,<strong> Luciana Christina Alves,<\/strong> a \u00e1rea apresentava <strong>pastagens degradadas<\/strong> e aus\u00eancia de pr\u00e1ticas de conserva\u00e7\u00e3o do solo. A estrat\u00e9gia foi <strong>recuperar tr\u00eas hectares<\/strong> da propriedade, combinando manejo de pastagem e produ\u00e7\u00e3o de<strong> alimento para o rebanho.<\/strong><\/p>\n<blockquote><p>&#8220;Com o projeto de Bovinocultura Sustent\u00e1vel, foram implantados piquetes para pastejo rotacionado, t\u00e9cnica que melhora o aproveitamento da forragem e permite maior lota\u00e7\u00e3o por hectare&#8221;, explica.<\/p><\/blockquote>\n<p>Em pouco tempo, a \u00e1rea degradada deu lugar a uma <strong>pastagem de qualidade.<\/strong><\/p>\n<blockquote><p>\u201cA recupera\u00e7\u00e3o foi um <strong>sucesso.<\/strong> O resultado aparece na produ\u00e7\u00e3o: a lota\u00e7\u00e3o da propriedade <strong>aumentou de 35 para 81 cabe\u00e7as de gado<\/strong>, ampliando a atividade leiteira e a renda da fam\u00edlia&#8221;, relatou Luciana.<\/p><\/blockquote>\n<p><strong>Semear Social<\/strong><br \/>\nAgora, o apoio foi ampliado com o <strong>Programa Semear Social,<\/strong> que possibilitou ao produtor receber um <strong>kit de insumos agr\u00edcolas<\/strong> composto por sementes de milho e braqui\u00e1ria, ureia e condicionador de solo. Os insumos foram utilizados <strong>na recupera\u00e7\u00e3o<\/strong> de \u00e1reas de pastagem e no plantio de milho destinado \u00e0 produ\u00e7\u00e3o de silagem para o rebanho.<\/p>\n<p>De acordo com a t\u00e9cnica da Emater Goi\u00e1s Luciana Alves, a integra\u00e7\u00e3o das a\u00e7\u00f5es <strong>fortalece o sistema produtivo<\/strong> da propriedade.<\/p>\n<blockquote><p>\u201cA lavoura de milho vai garantir alimento de qualidade para os <strong>animais durante todo o ano<\/strong>, principalmente no per\u00edodo seco, reduzindo custos do produtor e dando mais seguran\u00e7a para a atividade leiteira\u201d, explica.<\/p><\/blockquote>\n<p><img fetchpriority=\"high\" decoding=\"async\" class=\"aligncenter wp-image-294969 size-full\" src=\"https:\/\/goias.gov.br\/emater\/wp-content\/uploads\/sites\/62\/2026\/03\/Com-apoio-da-Emater-Goias-produtor-transforma-propriedade-em-renda-e-dobra-rebanho-em-Sanclerlandia-1.jpeg\" alt=\"\" width=\"2560\" height=\"1440\" srcset=\"https:\/\/goias.gov.br\/emater\/wp-content\/uploads\/sites\/62\/2026\/03\/Com-apoio-da-Emater-Goias-produtor-transforma-propriedade-em-renda-e-dobra-rebanho-em-Sanclerlandia-1.jpeg 2560w, https:\/\/goias.gov.br\/emater\/wp-content\/uploads\/sites\/62\/2026\/03\/Com-apoio-da-Emater-Goias-produtor-transforma-propriedade-em-renda-e-dobra-rebanho-em-Sanclerlandia-1-300x169.jpeg 300w, https:\/\/goias.gov.br\/emater\/wp-content\/uploads\/sites\/62\/2026\/03\/Com-apoio-da-Emater-Goias-produtor-transforma-propriedade-em-renda-e-dobra-rebanho-em-Sanclerlandia-1-1024x576.jpeg 1024w, https:\/\/goias.gov.br\/emater\/wp-content\/uploads\/sites\/62\/2026\/03\/Com-apoio-da-Emater-Goias-produtor-transforma-propriedade-em-renda-e-dobra-rebanho-em-Sanclerlandia-1-768x432.jpeg 768w, https:\/\/goias.gov.br\/emater\/wp-content\/uploads\/sites\/62\/2026\/03\/Com-apoio-da-Emater-Goias-produtor-transforma-propriedade-em-renda-e-dobra-rebanho-em-Sanclerlandia-1-1536x864.jpeg 1536w, https:\/\/goias.gov.br\/emater\/wp-content\/uploads\/sites\/62\/2026\/03\/Com-apoio-da-Emater-Goias-produtor-transforma-propriedade-em-renda-e-dobra-rebanho-em-Sanclerlandia-1-2048x1152.jpeg 2048w\" sizes=\"(max-width: 2560px) 100vw, 2560px\" \/><\/p>\n<p>Segundo o presidente da Emater Goi\u00e1s, <strong>Rafael Gouveia,<\/strong> a assist\u00eancia t\u00e9cnica oferecida pela institui\u00e7\u00e3o vai muito al\u00e9m da entrega de benef\u00edcios e inser\u00e7\u00e3o das fam\u00edlias nas <strong>pol\u00edticas p\u00fablicas.<\/strong><\/p>\n<blockquote><p>\u201cNosso papel \u00e9 orientar o produtor a aproveitar o potencial da pr\u00f3pria propriedade, recuperando \u00e1reas produtivas, reduzindo custos de produ\u00e7\u00e3o e fortalecendo a renda da fam\u00edlia rural\u201d, destaca.<\/p><\/blockquote>\n<p>Al\u00e9m da melhoria na produ\u00e7\u00e3o, o casal tamb\u00e9m <strong>ampliou as oportunidades<\/strong> de renda. S\u00e9rgio ser\u00e1 contemplado tamb\u00e9m com um <strong>kit de ordenha<\/strong> mecanizada do Governo de Goi\u00e1s, tecnologia que deve otimizar o trabalho da fam\u00edlia e modernizar a produ\u00e7\u00e3o.<\/p>\n<p>J\u00e1 sua esposa, <strong>Zenaid Lopes,<\/strong> decidiu investir no empreendedorismo rural. Ap\u00f3s participar do curso de <strong>produ\u00e7\u00e3o de bolos<\/strong> pelo <strong>Agro \u00e9 Social,<\/strong> recebeu Cr\u00e9dito Social de R$ 5 mil e passou a fornecer alimentos para programas como o <strong>PNAE e o PAA Goi\u00e1s.<\/strong><\/p>\n<p><strong>Animado<\/strong> com os resultados, S\u00e9rgio garante que o futuro da fam\u00edlia agora est\u00e1 na pr\u00f3pria terra.<\/p>\n<p>\u201cA ro\u00e7a est\u00e1 <strong>bonita, toda verdinha.<\/strong> A lota\u00e7\u00e3o de<strong> gado aumentou<\/strong> e ainda tenho pasto de qualidade. Cada vez mais quero investir na nossa <strong>propriedade<\/strong>\u201d, comemora S\u00e9rgio.<\/p>\n<p><strong>__<br \/>\nComunica\u00e7\u00e3o Setorial da Emater \u2013 Governo de Goi\u00e1s<br \/>\ncomunicacao.ematergo@gmail.com | +55 (62) 98152-2322<br \/>\n<a href=\"http:\/\/goias.gov.br\/emater\">goias.gov.br\/emater<\/a><br \/>\n<a href=\"http:\/\/instagram.com\/ematergoias\">@ematergoias<\/a><\/strong><\/p>\n","protected":false},"excerpt":{"rendered":"<p>Recupera\u00e7\u00e3o de pastagens, manejo e acesso a pol\u00edticas p\u00fablicas ampliam rebanho de 35 para 81 cabe\u00e7as e produtor garante que o futuro da fam\u00edlia agora est\u00e1 na pr\u00f3pria terra O trabalho de assist\u00eancia t\u00e9cnica da Emater Goi\u00e1s est\u00e1 mudando a realidade de produtores rurais em todo o estado. Em\u00a0 Sanclerl\u00e2ndia, na regi\u00e3o oeste de Goi\u00e1s, [&hellip;]<\/p>\n","protected":false},"author":301,"featured_media":294970,"comment_status":"closed","ping_status":"open","sticky":false,"template":"","format":"standard","meta":{"_acf_changed":false,"footnotes":""},"categories":[33,1],"tags":[],"class_list":["post-294968","post","type-post","status-publish","format-standard","has-post-thumbnail","hentry","category-dia-de-campo","category-noticias"],"acf":[],"rttpg_featured_image_url":{"full":["https:\/\/goias.gov.br\/emater\/wp-content\/uploads\/sites\/62\/2026\/03\/Com-apoio-da-Emater-Goias-produtor-transforma-propriedade-em-renda-e-dobra-rebanho-em-Sanclerlandia-2.jpeg",2560,1280,false],"landscape":["https:\/\/goias.gov.br\/emater\/wp-content\/uploads\/sites\/62\/2026\/03\/Com-apoio-da-Emater-Goias-produtor-transforma-propriedade-em-renda-e-dobra-rebanho-em-Sanclerlandia-2.jpeg",2560,1280,false],"portraits":["https:\/\/goias.gov.br\/emater\/wp-content\/uploads\/sites\/62\/2026\/03\/Com-apoio-da-Emater-Goias-produtor-transforma-propriedade-em-renda-e-dobra-rebanho-em-Sanclerlandia-2.jpeg",2560,1280,false],"thumbnail":["https:\/\/goias.gov.br\/emater\/wp-content\/uploads\/sites\/62\/2026\/03\/Com-apoio-da-Emater-Goias-produtor-transforma-propriedade-em-renda-e-dobra-rebanho-em-Sanclerlandia-2-150x150.jpeg",150,150,true],"medium":["https:\/\/goias.gov.br\/emater\/wp-content\/uploads\/sites\/62\/2026\/03\/Com-apoio-da-Emater-Goias-produtor-transforma-propriedade-em-renda-e-dobra-rebanho-em-Sanclerlandia-2-300x150.jpeg",300,150,true],"large":["https:\/\/goias.gov.br\/emater\/wp-content\/uploads\/sites\/62\/2026\/03\/Com-apoio-da-Emater-Goias-produtor-transforma-propriedade-em-renda-e-dobra-rebanho-em-Sanclerlandia-2-1024x512.jpeg",1024,512,true],"1536x1536":["https:\/\/goias.gov.br\/emater\/wp-content\/uploads\/sites\/62\/2026\/03\/Com-apoio-da-Emater-Goias-produtor-transforma-propriedade-em-renda-e-dobra-rebanho-em-Sanclerlandia-2-1536x768.jpeg",1536,768,true],"2048x2048":["https:\/\/goias.gov.br\/emater\/wp-content\/uploads\/sites\/62\/2026\/03\/Com-apoio-da-Emater-Goias-produtor-transforma-propriedade-em-renda-e-dobra-rebanho-em-Sanclerlandia-2-2048x1024.jpeg",2048,1024,true]},"rttpg_author":{"display_name":"marciacunha","author_link":"https:\/\/goias.gov.br\/emater\/author\/marciacunha\/"},"rttpg_comment":0,"rttpg_category":"<a href=\"https:\/\/goias.gov.br\/emater\/categoria\/dia-de-campo\/\" rel=\"category tag\">Dia de Campo<\/a> <a href=\"https:\/\/goias.gov.br\/emater\/categoria\/noticias\/\" rel=\"category tag\">Not\u00edcias<\/a>","rttpg_excerpt":"Recupera\u00e7\u00e3o de pastagens, manejo e acesso a pol\u00edticas p\u00fablicas ampliam rebanho de 35 para 81 cabe\u00e7as e produtor garante que o futuro da fam\u00edlia agora est\u00e1 na pr\u00f3pria terra O trabalho de assist\u00eancia t\u00e9cnica da Emater Goi\u00e1s est\u00e1 mudando a realidade de produtores rurais em todo o estado. Em\u00a0 Sanclerl\u00e2ndia, na regi\u00e3o oeste de Goi\u00e1s,&hellip;","_links":{"self":[{"href":"https:\/\/goias.gov.br\/emater\/wp-json\/wp\/v2\/posts\/294968","targetHints":{"allow":["GET"]}}],"collection":[{"href":"https:\/\/goias.gov.br\/emater\/wp-json\/wp\/v2\/posts"}],"about":[{"href":"https:\/\/goias.gov.br\/emater\/wp-json\/wp\/v2\/types\/post"}],"author":[{"embeddable":true,"href":"https:\/\/goias.gov.br\/emater\/wp-json\/wp\/v2\/users\/301"}],"replies":[{"embeddable":true,"href":"https:\/\/goias.gov.br\/emater\/wp-json\/wp\/v2\/comments?post=294968"}],"version-history":[{"count":2,"href":"https:\/\/goias.gov.br\/emater\/wp-json\/wp\/v2\/posts\/294968\/revisions"}],"predecessor-version":[{"id":294973,"href":"https:\/\/goias.gov.br\/emater\/wp-json\/wp\/v2\/posts\/294968\/revisions\/294973"}],"wp:featuredmedia":[{"embeddable":true,"href":"https:\/\/goias.gov.br\/emater\/wp-json\/wp\/v2\/media\/294970"}],"wp:attachment":[{"href":"https:\/\/goias.gov.br\/emater\/wp-json\/wp\/v2\/media?parent=294968"}],"wp:term":[{"taxonomy":"category","embeddable":true,"href":"https:\/\/goias.gov.br\/emater\/wp-json\/wp\/v2\/categories?post=294968"},{"taxonomy":"post_tag","embeddable":true,"href":"https:\/\/goias.gov.br\/emater\/wp-json\/wp\/v2\/tags?post=294968"}],"curies":[{"name":"wp","href":"https:\/\/api.w.org\/{rel}","templated":true}]}}