

{"id":294943,"date":"2026-02-26T16:39:56","date_gmt":"2026-02-26T19:39:56","guid":{"rendered":"https:\/\/goias.gov.br\/emater\/?p=294943"},"modified":"2026-02-26T16:41:08","modified_gmt":"2026-02-26T19:41:08","slug":"gracinha-caiado-anuncia-r-84-milhoes-para-agricultura-familiar-em-caldazinha-e-silvania","status":"publish","type":"post","link":"https:\/\/goias.gov.br\/emater\/gracinha-caiado-anuncia-r-84-milhoes-para-agricultura-familiar-em-caldazinha-e-silvania\/","title":{"rendered":"Gracinha Caiado anuncia R$ 8,4 milh\u00f5es para agricultura familiar em Caldazinha e Silv\u00e2nia"},"content":{"rendered":"<p style=\"text-align: center\"><em>A\u00e7\u00f5es do Agro \u00e9 Social incluem apoio a feirantes, fortalecimento da bacia leiteira e lan\u00e7amento do PAA Leite 2026<\/em><\/p>\n<p>A coordenadora do Goi\u00e1s Social, primeira-dama Gracinha Caiado, participou, nesta quinta-feira (26\/2), de uma s\u00e9rie de a\u00e7\u00f5es do programa Agro \u00e9 Social nos munic\u00edpios de Caldazinha e Silv\u00e2nia. As iniciativas beneficiam agricultores familiares, com foco na gera\u00e7\u00e3o de renda, inclus\u00e3o produtiva e fortalecimento da economia local. Tamb\u00e9m foi lan\u00e7ado o Programa de Aquisi\u00e7\u00e3o de Alimentos &#8211; PAA Leite 2026.<\/p>\n<p>Em Caldazinha, Gracinha inaugurou o Projeto Feira do Produtor, que prev\u00ea investimento de R$ 752 mil para apoiar a comercializa\u00e7\u00e3o das mercadorias produzidas no campo. Foram entregues 20 conjuntos, compostos por barraca padronizada e dez caixas pl\u00e1sticas para transporte e acondicionamento de alimentos. Em todo o estado, a iniciativa est\u00e1 distribuindo 800 kits, totalizando 800 barracas e 8 mil caixas pl\u00e1sticas.<\/p>\n<blockquote><p>\u201cCriamos o Agro \u00e9 Social para estender a m\u00e3o \u00e0 agricultura familiar. Ver as feiras organizadas, padronizadas e com qualidade \u00e9 garantir respeito ao produtor\u201d, afirmou Gracinha Caiado. \u201cO pequeno produtor n\u00e3o quer favor. Ele quer oportunidade e ferramenta para trabalhar. Essas barracas representam dignidade para quem acorda de madrugada, produz com qualidade e precisa de estrutura adequada para vender seu produto\u201d.<\/p><\/blockquote>\n<p>Em Silv\u00e2nia, a primeira-dama de Goi\u00e1s lan\u00e7ou a\u00e7\u00f5es focadas na produ\u00e7\u00e3o de leite, com destaque para o Programa de Aquisi\u00e7\u00e3o de Alimentos \u2013 PAA Leite 2026, que destina R$ 5 milh\u00f5es para a compra de leite de cooperativas e associa\u00e7\u00f5es para atender fam\u00edlias carentes. A mesma categoria ser\u00e1 beneficiada pelo Programa de Melhoramento Gen\u00e9tico Bovino, que investir\u00e1 R$ 1,07 milh\u00e3o para aprimorar a qualidade do rebanho; al\u00e9m da cess\u00e3o de kits de ordenha mec\u00e2nica, no valor de R$ 831,6 mil.<\/p>\n<p>Os investimentos anunciados durante a passagem pelas duas cidades ultrapassam R$ 8,4 milh\u00f5es.<\/p>\n<blockquote><p>\u201cEstamos investindo para que o pequeno produtor tenha cr\u00e9dito, tecnologia e oportunidade. O PAA Leite, em particular, garante mercado para quem produz e alimento para quem precisa\u201d, destacou a primeira-dama. As medidas, de acordo com ela, foram poss\u00edveis gra\u00e7as \u00e0 atua\u00e7\u00e3o de conjunta de diversas pastas no Agro \u00e9 Social.<\/p><\/blockquote>\n<p><img fetchpriority=\"high\" decoding=\"async\" class=\"alignnone size-full wp-image-294945\" src=\"https:\/\/goias.gov.br\/emater\/wp-content\/uploads\/sites\/62\/2026\/02\/Fotos-Montagem-para-Site.jpg\" alt=\"\" width=\"1772\" height=\"1240\" srcset=\"https:\/\/goias.gov.br\/emater\/wp-content\/uploads\/sites\/62\/2026\/02\/Fotos-Montagem-para-Site.jpg 1772w, https:\/\/goias.gov.br\/emater\/wp-content\/uploads\/sites\/62\/2026\/02\/Fotos-Montagem-para-Site-300x210.jpg 300w, https:\/\/goias.gov.br\/emater\/wp-content\/uploads\/sites\/62\/2026\/02\/Fotos-Montagem-para-Site-1024x717.jpg 1024w, https:\/\/goias.gov.br\/emater\/wp-content\/uploads\/sites\/62\/2026\/02\/Fotos-Montagem-para-Site-768x537.jpg 768w, https:\/\/goias.gov.br\/emater\/wp-content\/uploads\/sites\/62\/2026\/02\/Fotos-Montagem-para-Site-1536x1075.jpg 1536w\" sizes=\"(max-width: 1772px) 100vw, 1772px\" \/><\/p>\n<p><strong>Autoridades<\/strong><br \/>\nO secret\u00e1rio da Agricultura, Pecu\u00e1ria e Abastecimento (Seapa), Pedro Leonardo, explicou que a comercializa\u00e7\u00e3o \u00e9 um dos maiores desafios para os pequenos produtores, o que refor\u00e7a a import\u00e2ncia das feiras e do PAA Leite:<\/p>\n<blockquote><p>\u201cNosso objetivo \u00e9 garantir dignidade nesse momento, fortalecendo as feiras municipais, que s\u00e3o fundamentais para a economia local, e tamb\u00e9m a bacia leiteira\u201d.<\/p><\/blockquote>\n<p>Tamb\u00e9m presente na solenidade, o presidente da Emater Goi\u00e1s, Rafael Gouveia, ressaltou que o Estado \u201ctem atuado em v\u00e1rias frentes\u201d para dar melhores condi\u00e7\u00f5es a quem vive no campo. J\u00e1 os prefeitos de Caldazinha, Solange Gouveia, e de Silv\u00e2nia, Carl\u00e3o, agradeceram o apoio do governo para a economia rural.<\/p>\n<p>O deputado estadual Issy Quinan e o superintendente do Minist\u00e9rio da Agricultura, Pecu\u00e1ria e Abastecimento (Mapa) em Goi\u00e1s, Jos\u00e9 Eduardo de Fran\u00e7a, tamb\u00e9m participaram das agendas. Em Caldazinha, a C\u00e2mara Municipal concedeu a Gracinha Caiado o t\u00edtulo de cidad\u00e3 caldazinhense.<\/p>\n<p><strong>Produtores<\/strong><br \/>\nA agricultora familiar Vanilda Pontes de Oliveira, 54 anos, produz pimenta, lim\u00e3o, goiaba, baru e jurubeba, dentre outros alimentos, na ch\u00e1cara da fam\u00edlia, localizada na zona rural de Caldazinha. Ela tamb\u00e9m vende mudas de \u00e1rvores frut\u00edferas e foi contemplada com a estrutura para montar a pr\u00f3pria barraca na feira do munic\u00edpio.<\/p>\n<blockquote><p>\u201cEstou muito feliz de ganhar a barraca, que \u00e9 para gente poder ganhar o nosso dinheiro, participando das feiras. N\u00e3o somente aqui, mas em outros lugares\u201d, comentou.<\/p><\/blockquote>\n<p>Presidente do Sindicato Rural de Silv\u00e2nia, Dalmo S\u00e1vio, destacou que as entregas mostram que o campo tem potencial para se desenvolver ainda mais.<\/p>\n<blockquote><p>\u201cTemos como melhorar, com tecnologia e muito esfor\u00e7o, cada um com seu tipo de produto. Essa entrega dos kits para os produtores de leite \u00e9 um passo para a melhoria de qualidade, de produtividade e tamb\u00e9m de valor do nosso produto\u201d, disse.<\/p><\/blockquote>\n<hr \/>\n<p><strong>Secretaria de Comunica\u00e7\u00e3o \u2013 Governo de Goi\u00e1s<\/strong><\/p>\n","protected":false},"excerpt":{"rendered":"<p>A\u00e7\u00f5es do Agro \u00e9 Social incluem apoio a feirantes, fortalecimento da bacia leiteira e lan\u00e7amento do PAA Leite 2026 A coordenadora do Goi\u00e1s Social, primeira-dama Gracinha Caiado, participou, nesta quinta-feira (26\/2), de uma s\u00e9rie de a\u00e7\u00f5es do programa Agro \u00e9 Social nos munic\u00edpios de Caldazinha e Silv\u00e2nia. As iniciativas beneficiam agricultores familiares, com foco na [&hellip;]<\/p>\n","protected":false},"author":729,"featured_media":294944,"comment_status":"closed","ping_status":"open","sticky":false,"template":"","format":"standard","meta":{"_acf_changed":false,"footnotes":""},"categories":[1],"tags":[],"class_list":["post-294943","post","type-post","status-publish","format-standard","has-post-thumbnail","hentry","category-noticias"],"acf":[],"rttpg_featured_image_url":{"full":["https:\/\/goias.gov.br\/emater\/wp-content\/uploads\/sites\/62\/2026\/02\/Emater-Site-1150-x-575-1.jpg",1150,575,false],"landscape":["https:\/\/goias.gov.br\/emater\/wp-content\/uploads\/sites\/62\/2026\/02\/Emater-Site-1150-x-575-1.jpg",1150,575,false],"portraits":["https:\/\/goias.gov.br\/emater\/wp-content\/uploads\/sites\/62\/2026\/02\/Emater-Site-1150-x-575-1.jpg",1150,575,false],"thumbnail":["https:\/\/goias.gov.br\/emater\/wp-content\/uploads\/sites\/62\/2026\/02\/Emater-Site-1150-x-575-1-150x150.jpg",150,150,true],"medium":["https:\/\/goias.gov.br\/emater\/wp-content\/uploads\/sites\/62\/2026\/02\/Emater-Site-1150-x-575-1-300x150.jpg",300,150,true],"large":["https:\/\/goias.gov.br\/emater\/wp-content\/uploads\/sites\/62\/2026\/02\/Emater-Site-1150-x-575-1-1024x512.jpg",1024,512,true],"1536x1536":["https:\/\/goias.gov.br\/emater\/wp-content\/uploads\/sites\/62\/2026\/02\/Emater-Site-1150-x-575-1.jpg",1150,575,false],"2048x2048":["https:\/\/goias.gov.br\/emater\/wp-content\/uploads\/sites\/62\/2026\/02\/Emater-Site-1150-x-575-1.jpg",1150,575,false]},"rttpg_author":{"display_name":"isadoraandrada","author_link":"https:\/\/goias.gov.br\/emater\/author\/isadoraandrada\/"},"rttpg_comment":0,"rttpg_category":"<a href=\"https:\/\/goias.gov.br\/emater\/categoria\/noticias\/\" rel=\"category tag\">Not\u00edcias<\/a>","rttpg_excerpt":"A\u00e7\u00f5es do Agro \u00e9 Social incluem apoio a feirantes, fortalecimento da bacia leiteira e lan\u00e7amento do PAA Leite 2026 A coordenadora do Goi\u00e1s Social, primeira-dama Gracinha Caiado, participou, nesta quinta-feira (26\/2), de uma s\u00e9rie de a\u00e7\u00f5es do programa Agro \u00e9 Social nos munic\u00edpios de Caldazinha e Silv\u00e2nia. As iniciativas beneficiam agricultores familiares, com foco na&hellip;","_links":{"self":[{"href":"https:\/\/goias.gov.br\/emater\/wp-json\/wp\/v2\/posts\/294943","targetHints":{"allow":["GET"]}}],"collection":[{"href":"https:\/\/goias.gov.br\/emater\/wp-json\/wp\/v2\/posts"}],"about":[{"href":"https:\/\/goias.gov.br\/emater\/wp-json\/wp\/v2\/types\/post"}],"author":[{"embeddable":true,"href":"https:\/\/goias.gov.br\/emater\/wp-json\/wp\/v2\/users\/729"}],"replies":[{"embeddable":true,"href":"https:\/\/goias.gov.br\/emater\/wp-json\/wp\/v2\/comments?post=294943"}],"version-history":[{"count":2,"href":"https:\/\/goias.gov.br\/emater\/wp-json\/wp\/v2\/posts\/294943\/revisions"}],"predecessor-version":[{"id":294947,"href":"https:\/\/goias.gov.br\/emater\/wp-json\/wp\/v2\/posts\/294943\/revisions\/294947"}],"wp:featuredmedia":[{"embeddable":true,"href":"https:\/\/goias.gov.br\/emater\/wp-json\/wp\/v2\/media\/294944"}],"wp:attachment":[{"href":"https:\/\/goias.gov.br\/emater\/wp-json\/wp\/v2\/media?parent=294943"}],"wp:term":[{"taxonomy":"category","embeddable":true,"href":"https:\/\/goias.gov.br\/emater\/wp-json\/wp\/v2\/categories?post=294943"},{"taxonomy":"post_tag","embeddable":true,"href":"https:\/\/goias.gov.br\/emater\/wp-json\/wp\/v2\/tags?post=294943"}],"curies":[{"name":"wp","href":"https:\/\/api.w.org\/{rel}","templated":true}]}}