

{"id":2945,"date":"2019-05-07T09:00:32","date_gmt":"2019-05-07T12:00:32","guid":{"rendered":"https:\/\/goias.gov.br\/emater\/?p=2945"},"modified":"2022-10-04T16:11:02","modified_gmt":"2022-10-04T19:11:02","slug":"emater-leva-conhecimento-a-agrotecnoeste-2019","status":"publish","type":"post","link":"https:\/\/goias.gov.br\/emater\/emater-leva-conhecimento-a-agrotecnoeste-2019\/","title":{"rendered":"Emater leva conhecimento \u00e0 Agrotecnoeste 2019"},"content":{"rendered":"\n<p style=\"text-align:left\">A Agrotecnoeste \u2013 Feira de Potencialidades do Oeste Goiano come\u00e7a suas atividades nesta ter\u00e7a-feira (07). Promovida pelo Instituto Federal Goiano, o evento estimula a integra\u00e7\u00e3o e o compartilhamento de informa\u00e7\u00f5es e experi\u00eancias entre institui\u00e7\u00f5es e os diversos setores produtivos da regi\u00e3o. <\/p>\n\n\n\n<p>A Emater \u2013 Ag\u00eancia Goiana de Assist\u00eancia T\u00e9cnica, Extens\u00e3o Rural e Pesquisa Agropecu\u00e1ria \u00e9 uma das institui\u00e7\u00f5es parceiras e ir\u00e1 divulgar os produtos desenvolvido pelo programa de melhoramento, apresentando o estande com exemplares do Milho Emgopa 501, sorgo forrageiro, mandioca, abacaxi de cultura de tecido, plantas medicinais e mudas nativas. <\/p>\n\n\n\n<figure class=\"wp-block-image\"><img fetchpriority=\"high\" decoding=\"async\" width=\"1024\" height=\"498\" src=\"https:\/\/goias.gov.br\/emater\/wp-content\/uploads\/sites\/62\/2019\/05\/WhatsApp-Image-2019-05-07-at-09.42.38-1024x498.jpeg\" alt=\"\" class=\"wp-image-2962\" srcset=\"https:\/\/goias.gov.br\/emater\/wp-content\/uploads\/sites\/62\/2019\/05\/WhatsApp-Image-2019-05-07-at-09.42.38-1024x498.jpeg 1024w, https:\/\/goias.gov.br\/emater\/wp-content\/uploads\/sites\/62\/2019\/05\/WhatsApp-Image-2019-05-07-at-09.42.38-300x146.jpeg 300w, https:\/\/goias.gov.br\/emater\/wp-content\/uploads\/sites\/62\/2019\/05\/WhatsApp-Image-2019-05-07-at-09.42.38-768x373.jpeg 768w, https:\/\/goias.gov.br\/emater\/wp-content\/uploads\/sites\/62\/2019\/05\/WhatsApp-Image-2019-05-07-at-09.42.38.jpeg 1280w\" sizes=\"(max-width: 1024px) 100vw, 1024px\" \/><\/figure>\n\n\n\n<p>Al\u00e9m de apresentar resultados do programa de melhoramento, a Ag\u00eancia vai realizar palestras sobre sustentabilidade durante o evento. O t\u00e9cnico da Emater Renato Slepicka ficar\u00e1 respons\u00e1vel pela palestra sobre Recursos H\u00eddricos. J\u00e1 Tatyla Tamara Cunha Faustino ir\u00e1 ministrar a palestra sobre Recursos S\u00f3lidos.<\/p>\n\n\n\n<p>O evento tem como objetivo promover a integra\u00e7\u00e3o e a troca de informa\u00e7\u00e3o entre os diversos elos da cadeia produtiva de Goi\u00e1s, contribuindo para o avan\u00e7o de melhorias aos produtores rurais no estado. <\/p>\n\n\n\n<figure class=\"wp-block-image\"><img decoding=\"async\" width=\"1024\" height=\"576\" src=\"https:\/\/goias.gov.br\/emater\/wp-content\/uploads\/sites\/62\/2019\/05\/WhatsApp-Image-2019-05-06-at-16.21.39-1024x576.jpeg\" alt=\"\" class=\"wp-image-2947\" srcset=\"https:\/\/goias.gov.br\/emater\/wp-content\/uploads\/sites\/62\/2019\/05\/WhatsApp-Image-2019-05-06-at-16.21.39-1024x576.jpeg 1024w, https:\/\/goias.gov.br\/emater\/wp-content\/uploads\/sites\/62\/2019\/05\/WhatsApp-Image-2019-05-06-at-16.21.39-300x169.jpeg 300w, https:\/\/goias.gov.br\/emater\/wp-content\/uploads\/sites\/62\/2019\/05\/WhatsApp-Image-2019-05-06-at-16.21.39-768x432.jpeg 768w, https:\/\/goias.gov.br\/emater\/wp-content\/uploads\/sites\/62\/2019\/05\/WhatsApp-Image-2019-05-06-at-16.21.39.jpeg 1032w\" sizes=\"(max-width: 1024px) 100vw, 1024px\" \/><\/figure>\n\n\n\n<p><strong>Agrotecnoeste 2019<\/strong><br><strong>Data: <\/strong>07 e 10 de maio<br><strong>Local:<\/strong> Fazenda Escola do IF Goiano \u2013 Campus Ipor\u00e1<\/p>\n\n\n\n<p> <br><strong><em>Ger\u00eancia de Comunica\u00e7\u00e3o para Inova\u00e7\u00e3o \u2013 Emater<\/em><\/strong><br>Texto: Matheus Alves | Fotos: Divulga\u00e7\u00e3o<br>Informa\u00e7\u00f5es \u00e0 imprensa: (62) 3201-8767 \/ 3201-8814<br>comunicacao.ematergo@gmail.com <\/p>\n","protected":false},"excerpt":{"rendered":"<p>A Agrotecnoeste \u2013 Feira de Potencialidades do Oeste Goiano come\u00e7a suas atividades nesta ter\u00e7a-feira (07). Promovida pelo Instituto Federal Goiano, o evento estimula a integra\u00e7\u00e3o e o compartilhamento de informa\u00e7\u00f5es e experi\u00eancias entre institui\u00e7\u00f5es e os diversos setores produtivos da regi\u00e3o. A Emater \u2013 Ag\u00eancia Goiana de Assist\u00eancia T\u00e9cnica, Extens\u00e3o Rural e Pesquisa Agropecu\u00e1ria \u00e9 [&hellip;]<\/p>\n","protected":false},"author":2,"featured_media":2960,"comment_status":"open","ping_status":"open","sticky":false,"template":"","format":"standard","meta":{"_acf_changed":false,"footnotes":""},"categories":[53],"tags":[],"class_list":["post-2945","post","type-post","status-publish","format-standard","has-post-thumbnail","hentry","category-cursos"],"acf":[],"rttpg_featured_image_url":{"full":["https:\/\/goias.gov.br\/emater\/wp-content\/uploads\/sites\/62\/2019\/05\/WhatsApp-Image-2019-05-07-at-09.40.29.jpeg",1280,622,false],"landscape":["https:\/\/goias.gov.br\/emater\/wp-content\/uploads\/sites\/62\/2019\/05\/WhatsApp-Image-2019-05-07-at-09.40.29.jpeg",1280,622,false],"portraits":["https:\/\/goias.gov.br\/emater\/wp-content\/uploads\/sites\/62\/2019\/05\/WhatsApp-Image-2019-05-07-at-09.40.29.jpeg",1280,622,false],"thumbnail":["https:\/\/goias.gov.br\/emater\/wp-content\/uploads\/sites\/62\/2019\/05\/WhatsApp-Image-2019-05-07-at-09.40.29-150x150.jpeg",150,150,true],"medium":["https:\/\/goias.gov.br\/emater\/wp-content\/uploads\/sites\/62\/2019\/05\/WhatsApp-Image-2019-05-07-at-09.40.29-300x146.jpeg",300,146,true],"large":["https:\/\/goias.gov.br\/emater\/wp-content\/uploads\/sites\/62\/2019\/05\/WhatsApp-Image-2019-05-07-at-09.40.29-1024x498.jpeg",1024,498,true],"1536x1536":["https:\/\/goias.gov.br\/emater\/wp-content\/uploads\/sites\/62\/2019\/05\/WhatsApp-Image-2019-05-07-at-09.40.29.jpeg",1280,622,false],"2048x2048":["https:\/\/goias.gov.br\/emater\/wp-content\/uploads\/sites\/62\/2019\/05\/WhatsApp-Image-2019-05-07-at-09.40.29.jpeg",1280,622,false]},"rttpg_author":{"display_name":"rogerioduarte","author_link":"https:\/\/goias.gov.br\/emater\/author\/rogerioduarte\/"},"rttpg_comment":0,"rttpg_category":"<a href=\"https:\/\/goias.gov.br\/emater\/categoria\/cursos\/\" rel=\"category tag\">Cursos<\/a>","rttpg_excerpt":"A Agrotecnoeste \u2013 Feira de Potencialidades do Oeste Goiano come\u00e7a suas atividades nesta ter\u00e7a-feira (07). Promovida pelo Instituto Federal Goiano, o evento estimula a integra\u00e7\u00e3o e o compartilhamento de informa\u00e7\u00f5es e experi\u00eancias entre institui\u00e7\u00f5es e os diversos setores produtivos da regi\u00e3o. A Emater \u2013 Ag\u00eancia Goiana de Assist\u00eancia T\u00e9cnica, Extens\u00e3o Rural e Pesquisa Agropecu\u00e1ria \u00e9&hellip;","_links":{"self":[{"href":"https:\/\/goias.gov.br\/emater\/wp-json\/wp\/v2\/posts\/2945","targetHints":{"allow":["GET"]}}],"collection":[{"href":"https:\/\/goias.gov.br\/emater\/wp-json\/wp\/v2\/posts"}],"about":[{"href":"https:\/\/goias.gov.br\/emater\/wp-json\/wp\/v2\/types\/post"}],"author":[{"embeddable":true,"href":"https:\/\/goias.gov.br\/emater\/wp-json\/wp\/v2\/users\/2"}],"replies":[{"embeddable":true,"href":"https:\/\/goias.gov.br\/emater\/wp-json\/wp\/v2\/comments?post=2945"}],"version-history":[{"count":0,"href":"https:\/\/goias.gov.br\/emater\/wp-json\/wp\/v2\/posts\/2945\/revisions"}],"wp:featuredmedia":[{"embeddable":true,"href":"https:\/\/goias.gov.br\/emater\/wp-json\/wp\/v2\/media\/2960"}],"wp:attachment":[{"href":"https:\/\/goias.gov.br\/emater\/wp-json\/wp\/v2\/media?parent=2945"}],"wp:term":[{"taxonomy":"category","embeddable":true,"href":"https:\/\/goias.gov.br\/emater\/wp-json\/wp\/v2\/categories?post=2945"},{"taxonomy":"post_tag","embeddable":true,"href":"https:\/\/goias.gov.br\/emater\/wp-json\/wp\/v2\/tags?post=2945"}],"curies":[{"name":"wp","href":"https:\/\/api.w.org\/{rel}","templated":true}]}}