

{"id":292879,"date":"2025-11-19T18:41:16","date_gmt":"2025-11-19T21:41:16","guid":{"rendered":"https:\/\/goias.gov.br\/emater\/?p=292879"},"modified":"2025-11-26T09:11:41","modified_gmt":"2025-11-26T12:11:41","slug":"gracinha-e-daniel-encerram-mais-um-agro-e-social-em-nova-crixas","status":"publish","type":"post","link":"https:\/\/goias.gov.br\/emater\/gracinha-e-daniel-encerram-mais-um-agro-e-social-em-nova-crixas\/","title":{"rendered":"Governo de Goi\u00e1s encerra mais um Agro \u00e9 Social em Nova Crix\u00e1s"},"content":{"rendered":"<p style=\"text-align: center\"><em>Evento capacita 495 produtores rurais e destina R$ 2 milh\u00f5es em cr\u00e9ditos<\/em><\/p>\n<p>A coordenadora do Goi\u00e1s Social, primeira-dama Gracinha Caiado, e o vice-governador Daniel Vilela encerraram, nesta quarta-feira (19\/11), a <strong>20\u00aa edi\u00e7\u00e3o do programa Agro \u00e9 Social em Nova Crix\u00e1s<\/strong>. A a\u00e7\u00e3o marcou um dia hist\u00f3rico na regi\u00e3o, associando pol\u00edticas de desenvolvimento rural e inclus\u00e3o social.<\/p>\n<p>Durante o evento, realizado na Pra\u00e7a Tr\u00eas Poderes, 495 produtores rurais receberam certificados de conclus\u00e3o de cursos e <strong>417 cart\u00f5es do Cr\u00e9dito Social<\/strong>, somando <strong>mais de R$ 2 milh\u00f5es em investimentos<\/strong> para impulsionar pequenos neg\u00f3cios e atividades produtivas rurais.<\/p>\n<blockquote><p>\u201cAs pessoas em situa\u00e7\u00e3o de vulnerabilidade n\u00e3o querem favor. Elas querem oportunidades, ferramentas para trabalhar e mudar a renda familiar. E \u00e9 isso que estamos proporcionando com o Agro \u00e9 Social\u201d, afirmou Gracinha Caiado.<\/p><\/blockquote>\n<p>O vice-governador Daniel Vilela classificou o Vale do Araguaia como \u201ca regi\u00e3o do futuro\u201d e afirmou que o Estado tem feito a sua parte para contribuir com o avan\u00e7o regional.<\/p>\n<blockquote><p>\u201cOs cart\u00f5es sociais s\u00e3o para que voc\u00eas construam o pr\u00f3prio neg\u00f3cio de forma mais qualificada, e aumentem a renda\u201d, recomendou aos contemplados. O prefeito de Nova Crix\u00e1s, Rodrigo Tavares, agradeceu a parceria do Estado. \u201cNossa cidade \u00e9 pujante e vive um momento \u00edmpar de desenvolvimento\u201d, destacou.<\/p><\/blockquote>\n<p><img fetchpriority=\"high\" decoding=\"async\" class=\"alignnone wp-image-292883 size-large\" src=\"https:\/\/goias.gov.br\/emater\/wp-content\/uploads\/sites\/62\/2025\/11\/Fotos-Montagem-para-Site-1024x717.jpg\" alt=\"\" width=\"1024\" height=\"717\" srcset=\"https:\/\/goias.gov.br\/emater\/wp-content\/uploads\/sites\/62\/2025\/11\/Fotos-Montagem-para-Site-1024x717.jpg 1024w, https:\/\/goias.gov.br\/emater\/wp-content\/uploads\/sites\/62\/2025\/11\/Fotos-Montagem-para-Site-300x210.jpg 300w, https:\/\/goias.gov.br\/emater\/wp-content\/uploads\/sites\/62\/2025\/11\/Fotos-Montagem-para-Site-768x537.jpg 768w, https:\/\/goias.gov.br\/emater\/wp-content\/uploads\/sites\/62\/2025\/11\/Fotos-Montagem-para-Site-1536x1075.jpg 1536w, https:\/\/goias.gov.br\/emater\/wp-content\/uploads\/sites\/62\/2025\/11\/Fotos-Montagem-para-Site-2048x1433.jpg 2048w\" sizes=\"(max-width: 1024px) 100vw, 1024px\" \/><\/p>\n<p>Para o presidente da Emater Goi\u00e1s, Rafael Gouveia, o momento consolida o impacto do programa na regi\u00e3o.<\/p>\n<blockquote>\n<p style=\"text-align: left\">\u201cO Agro \u00e9 Social foi uma das brilhantes ideias da senhora, dona Gracinha, junto com o Cr\u00e9dito Social, que hoje transforma a realidade de muita gente. Tivemos a primeira entrega em Itau\u00e7u e hoje encerramos o ciclo no Vale do Araguaia com mais de R$ 2 milh\u00f5es destinados aos munic\u00edpios. No total, j\u00e1 s\u00e3o quase R$ 6 milh\u00f5es de investimentos apenas nesta regi\u00e3o. E isso se traduz em oportunidades: mais de mil pessoas capacitadas e com acesso ao Cr\u00e9dito Social para fortalecer ou iniciar seus neg\u00f3cios.\u201d<\/p>\n<\/blockquote>\n<p>Cleia Ferreira, de 44 anos, foi uma das beneficiadas e contou como a participa\u00e7\u00e3o no curso de bolos artesanais mudou sua vida.<\/p>\n<blockquote><p>\u201cEu era motorista, agora abri minha lanchonete. Foi uma experi\u00eancia \u00fanica\u201d, disse a empreendedora. A estrutura do Agro \u00e9 Social disponibilizou atendimentos em sa\u00fade e assist\u00eancia, emiss\u00e3o de documentos, servi\u00e7os do Vapt Vupt, distribui\u00e7\u00e3o de mudas e a\u00e7\u00f5es educativas.<\/p><\/blockquote>\n<p>\u2013<\/p>\n<p><strong>Comunica\u00e7\u00e3o Setorial da Emater \u2013 Governo de Goi\u00e1s<\/strong><br \/>\ncomunicacao.ematergo@gmail.com<br \/>\n<a href=\"https:\/\/goias.gov.br\/emater\/\">goias.gov.br\/emater<\/a><br \/>\n<a href=\"https:\/\/www.instagram.com\/ematergoias\/\">@ematergoias<\/a><\/p>\n","protected":false},"excerpt":{"rendered":"<p>Evento capacita 495 produtores rurais e destina R$ 2 milh\u00f5es em cr\u00e9ditos A coordenadora do Goi\u00e1s Social, primeira-dama Gracinha Caiado, e o vice-governador Daniel Vilela encerraram, nesta quarta-feira (19\/11), a 20\u00aa edi\u00e7\u00e3o do programa Agro \u00e9 Social em Nova Crix\u00e1s. A a\u00e7\u00e3o marcou um dia hist\u00f3rico na regi\u00e3o, associando pol\u00edticas de desenvolvimento rural e inclus\u00e3o [&hellip;]<\/p>\n","protected":false},"author":697,"featured_media":292880,"comment_status":"closed","ping_status":"open","sticky":false,"template":"","format":"standard","meta":{"_acf_changed":false,"footnotes":""},"categories":[1],"tags":[],"class_list":["post-292879","post","type-post","status-publish","format-standard","has-post-thumbnail","hentry","category-noticias"],"acf":[],"rttpg_featured_image_url":{"full":["https:\/\/goias.gov.br\/emater\/wp-content\/uploads\/sites\/62\/2025\/11\/Emater-Site-1150-x-575.jpg",2588,1294,false],"landscape":["https:\/\/goias.gov.br\/emater\/wp-content\/uploads\/sites\/62\/2025\/11\/Emater-Site-1150-x-575.jpg",2588,1294,false],"portraits":["https:\/\/goias.gov.br\/emater\/wp-content\/uploads\/sites\/62\/2025\/11\/Emater-Site-1150-x-575.jpg",2588,1294,false],"thumbnail":["https:\/\/goias.gov.br\/emater\/wp-content\/uploads\/sites\/62\/2025\/11\/Emater-Site-1150-x-575-150x150.jpg",150,150,true],"medium":["https:\/\/goias.gov.br\/emater\/wp-content\/uploads\/sites\/62\/2025\/11\/Emater-Site-1150-x-575-300x150.jpg",300,150,true],"large":["https:\/\/goias.gov.br\/emater\/wp-content\/uploads\/sites\/62\/2025\/11\/Emater-Site-1150-x-575-1024x512.jpg",1024,512,true],"1536x1536":["https:\/\/goias.gov.br\/emater\/wp-content\/uploads\/sites\/62\/2025\/11\/Emater-Site-1150-x-575-1536x768.jpg",1536,768,true],"2048x2048":["https:\/\/goias.gov.br\/emater\/wp-content\/uploads\/sites\/62\/2025\/11\/Emater-Site-1150-x-575-2048x1024.jpg",2048,1024,true]},"rttpg_author":{"display_name":"klaubueno","author_link":"https:\/\/goias.gov.br\/emater\/author\/klaubueno\/"},"rttpg_comment":0,"rttpg_category":"<a href=\"https:\/\/goias.gov.br\/emater\/categoria\/noticias\/\" rel=\"category tag\">Not\u00edcias<\/a>","rttpg_excerpt":"Evento capacita 495 produtores rurais e destina R$ 2 milh\u00f5es em cr\u00e9ditos A coordenadora do Goi\u00e1s Social, primeira-dama Gracinha Caiado, e o vice-governador Daniel Vilela encerraram, nesta quarta-feira (19\/11), a 20\u00aa edi\u00e7\u00e3o do programa Agro \u00e9 Social em Nova Crix\u00e1s. A a\u00e7\u00e3o marcou um dia hist\u00f3rico na regi\u00e3o, associando pol\u00edticas de desenvolvimento rural e inclus\u00e3o&hellip;","_links":{"self":[{"href":"https:\/\/goias.gov.br\/emater\/wp-json\/wp\/v2\/posts\/292879","targetHints":{"allow":["GET"]}}],"collection":[{"href":"https:\/\/goias.gov.br\/emater\/wp-json\/wp\/v2\/posts"}],"about":[{"href":"https:\/\/goias.gov.br\/emater\/wp-json\/wp\/v2\/types\/post"}],"author":[{"embeddable":true,"href":"https:\/\/goias.gov.br\/emater\/wp-json\/wp\/v2\/users\/697"}],"replies":[{"embeddable":true,"href":"https:\/\/goias.gov.br\/emater\/wp-json\/wp\/v2\/comments?post=292879"}],"version-history":[{"count":3,"href":"https:\/\/goias.gov.br\/emater\/wp-json\/wp\/v2\/posts\/292879\/revisions"}],"predecessor-version":[{"id":292896,"href":"https:\/\/goias.gov.br\/emater\/wp-json\/wp\/v2\/posts\/292879\/revisions\/292896"}],"wp:featuredmedia":[{"embeddable":true,"href":"https:\/\/goias.gov.br\/emater\/wp-json\/wp\/v2\/media\/292880"}],"wp:attachment":[{"href":"https:\/\/goias.gov.br\/emater\/wp-json\/wp\/v2\/media?parent=292879"}],"wp:term":[{"taxonomy":"category","embeddable":true,"href":"https:\/\/goias.gov.br\/emater\/wp-json\/wp\/v2\/categories?post=292879"},{"taxonomy":"post_tag","embeddable":true,"href":"https:\/\/goias.gov.br\/emater\/wp-json\/wp\/v2\/tags?post=292879"}],"curies":[{"name":"wp","href":"https:\/\/api.w.org\/{rel}","templated":true}]}}