

{"id":2924,"date":"2019-05-06T17:17:30","date_gmt":"2019-05-06T20:17:30","guid":{"rendered":"https:\/\/goias.gov.br\/emater\/?p=2924"},"modified":"2022-10-04T16:11:02","modified_gmt":"2022-10-04T19:11:02","slug":"emater-inicia-planejamento-para-programa-de-preservacao-da-agua-na-cidade-de-goias","status":"publish","type":"post","link":"https:\/\/goias.gov.br\/emater\/emater-inicia-planejamento-para-programa-de-preservacao-da-agua-na-cidade-de-goias\/","title":{"rendered":"Emater inicia planejamento para programa de preserva\u00e7\u00e3o da \u00e1gua na cidade de Goi\u00e1s"},"content":{"rendered":"\n<p>A Emater \u2013 Ag\u00eancia Goiana de Assist\u00eancia T\u00e9cnica, Extens\u00e3o Rural e Pesquisa Agropecu\u00e1ria, em parceria com Minist\u00e9rio P\u00fablico, Prefeitura da cidade de Goi\u00e1s, Saneago &#8211; Companhia de Saneamento de Goi\u00e1s e IVBG &#8211; Instituto Vilas Boas de Goi\u00e1s, realizou no in\u00edcio de maio uma reuni\u00e3o para discutir o projeto Ser Natureza na cidade de Goi\u00e1s. A proposta ambiental tem como objetivo promover a preserva\u00e7\u00e3o do solo, da \u00e1gua e da vegeta\u00e7\u00e3o, entre outros recursos ambientais.<\/p>\n\n\n\n<p>O projeto teve in\u00edcio em 2016 e j\u00e1 atendeu mais de 32 nascentes na cidade de Goi\u00e1s e nos munic\u00edpios da regi\u00e3o, aplicando t\u00e9cnicas de preserva\u00e7\u00e3o em estabelecimentos rurais, visando a recupera\u00e7\u00e3o e a conserva\u00e7\u00e3o de nascentes degradadas, com o objetivo de contribuir para o abastecimento de \u00e1gua nos munic\u00edpios e propriedades rurais. Al\u00e9m disso, o projeto tamb\u00e9m prop\u00f5e aos produtores rurais investir em a\u00e7\u00f5es de preserva\u00e7\u00e3o. <\/p>\n\n\n\n<figure class=\"wp-block-image\"><img fetchpriority=\"high\" decoding=\"async\" width=\"1024\" height=\"768\" src=\"https:\/\/goias.gov.br\/emater\/wp-content\/uploads\/sites\/62\/2019\/05\/DSC09438-1024x768.jpg\" alt=\"\" class=\"wp-image-2925\" srcset=\"https:\/\/goias.gov.br\/emater\/wp-content\/uploads\/sites\/62\/2019\/05\/DSC09438-1024x768.jpg 1024w, https:\/\/goias.gov.br\/emater\/wp-content\/uploads\/sites\/62\/2019\/05\/DSC09438-300x225.jpg 300w, https:\/\/goias.gov.br\/emater\/wp-content\/uploads\/sites\/62\/2019\/05\/DSC09438-768x576.jpg 768w, https:\/\/goias.gov.br\/emater\/wp-content\/uploads\/sites\/62\/2019\/05\/DSC09438.jpg 2048w\" sizes=\"(max-width: 1024px) 100vw, 1024px\" \/><\/figure>\n\n\n\n<p><strong>Etapas<\/strong><\/p>\n\n\n\n<p>Durante a reuni\u00e3o foi discutido como ser\u00e3o realizadas as quatros etapas de implanta\u00e7\u00e3o dos projetos em mais de 15 propriedades rurais da cidade de Goi\u00e1s, sendo elas cercamentos das nascentes; plantio de nativas para recompor a mata ciliares e as nascentes; conserva\u00e7\u00e3o de solo; cercamento das matas ciliares. Essas etapas s\u00e3o fundamentais para o desenvolvimento do projeto. <\/p>\n\n\n\n<p>\u00c0 medida que as etapas forem sendo implantadas, os produtores rurais possuir\u00e3o assist\u00eancia t\u00e9cnica para o desenvolvimento da pr\u00e1tica ambiental por meio da Emater. De acordo com o t\u00e9cnico da Emater respons\u00e1vel pelo projeto, Rubens Donisete, \u201ca Emater vai contribuir com o aux\u00edlio t\u00e9cnico ao produtor, aplicando as etapas e desenvolvendo elas junto aos demais parceiros\u201d. <\/p>\n\n\n\n<p><strong>Desenvolvimento<\/strong><\/p>\n\n\n\n<p>O encontro firmou a parceria entre as entidades para a implanta\u00e7\u00e3o do projeto em estabelecimentos rurais do munic\u00edpio e regi\u00e3o, contribuindo com o desenvolvimento da preserva\u00e7\u00e3o da \u00e1gua. A coordenadora regional da Emater na cidade de Goi\u00e1s, Esmeralda Arcanjo, ressalta a import\u00e2ncia do Ser Natureza na regi\u00e3o: \u201c\u00e9 um trabalho de grande import\u00e2ncia para o desenvolvimento da preserva\u00e7\u00e3o e do abastecimento de \u00e1gua na regi\u00e3o, promovendo a melhorias a longo prazo para a popula\u00e7\u00e3o rural e urbana&#8221;. <\/p>\n\n\n\n<p>Segundo Esmeralda Arcanjo<strong>, <\/strong>a proposta ambiental serve de modelo para que outros produtores adquiram ao programa, mostrando a efic\u00e1cia do projeto e a import\u00e2ncia da recupera\u00e7\u00e3o de nascentes, come\u00e7ando a criar uma conscientiza\u00e7\u00e3o entre os produtores. As etapas de recupera\u00e7\u00e3o come\u00e7aram a ser implantadas ainda em maio. <\/p>\n\n\n\n<p>Texto: Matheus Alves | Fotos: Divulga\u00e7\u00e3o<br>Informa\u00e7\u00f5es \u00e0 imprensa: (62) 3201-8767 \/ 3201-8814<br>comunicacao.ematergo@gmail.com <\/p>\n","protected":false},"excerpt":{"rendered":"<p>A Emater \u2013 Ag\u00eancia Goiana de Assist\u00eancia T\u00e9cnica, Extens\u00e3o Rural e Pesquisa Agropecu\u00e1ria, em parceria com Minist\u00e9rio P\u00fablico, Prefeitura da cidade de Goi\u00e1s, Saneago &#8211; Companhia de Saneamento de Goi\u00e1s e IVBG &#8211; Instituto Vilas Boas de Goi\u00e1s, realizou no in\u00edcio de maio uma reuni\u00e3o para discutir o projeto Ser Natureza na cidade de Goi\u00e1s. [&hellip;]<\/p>\n","protected":false},"author":2,"featured_media":2952,"comment_status":"open","ping_status":"open","sticky":false,"template":"","format":"standard","meta":{"_acf_changed":false,"footnotes":""},"categories":[43,59],"tags":[],"class_list":["post-2924","post","type-post","status-publish","format-standard","has-post-thumbnail","hentry","category-parceiros","category-reuniao"],"acf":[],"rttpg_featured_image_url":{"full":["https:\/\/goias.gov.br\/emater\/wp-content\/uploads\/sites\/62\/2019\/05\/\u00e1gua.jpg",945,630,false],"landscape":["https:\/\/goias.gov.br\/emater\/wp-content\/uploads\/sites\/62\/2019\/05\/\u00e1gua.jpg",945,630,false],"portraits":["https:\/\/goias.gov.br\/emater\/wp-content\/uploads\/sites\/62\/2019\/05\/\u00e1gua.jpg",945,630,false],"thumbnail":["https:\/\/goias.gov.br\/emater\/wp-content\/uploads\/sites\/62\/2019\/05\/\u00e1gua-150x150.jpg",150,150,true],"medium":["https:\/\/goias.gov.br\/emater\/wp-content\/uploads\/sites\/62\/2019\/05\/\u00e1gua-300x200.jpg",300,200,true],"large":["https:\/\/goias.gov.br\/emater\/wp-content\/uploads\/sites\/62\/2019\/05\/\u00e1gua.jpg",945,630,false],"1536x1536":["https:\/\/goias.gov.br\/emater\/wp-content\/uploads\/sites\/62\/2019\/05\/\u00e1gua.jpg",945,630,false],"2048x2048":["https:\/\/goias.gov.br\/emater\/wp-content\/uploads\/sites\/62\/2019\/05\/\u00e1gua.jpg",945,630,false]},"rttpg_author":{"display_name":"rogerioduarte","author_link":"https:\/\/goias.gov.br\/emater\/author\/rogerioduarte\/"},"rttpg_comment":0,"rttpg_category":"<a href=\"https:\/\/goias.gov.br\/emater\/categoria\/parceiros\/\" rel=\"category tag\">Parceiros<\/a> <a href=\"https:\/\/goias.gov.br\/emater\/categoria\/evento\/reuniao\/\" rel=\"category tag\">Reuni\u00e3o<\/a>","rttpg_excerpt":"A Emater \u2013 Ag\u00eancia Goiana de Assist\u00eancia T\u00e9cnica, Extens\u00e3o Rural e Pesquisa Agropecu\u00e1ria, em parceria com Minist\u00e9rio P\u00fablico, Prefeitura da cidade de Goi\u00e1s, Saneago &#8211; Companhia de Saneamento de Goi\u00e1s e IVBG &#8211; Instituto Vilas Boas de Goi\u00e1s, realizou no in\u00edcio de maio uma reuni\u00e3o para discutir o projeto Ser Natureza na cidade de Goi\u00e1s.&hellip;","_links":{"self":[{"href":"https:\/\/goias.gov.br\/emater\/wp-json\/wp\/v2\/posts\/2924","targetHints":{"allow":["GET"]}}],"collection":[{"href":"https:\/\/goias.gov.br\/emater\/wp-json\/wp\/v2\/posts"}],"about":[{"href":"https:\/\/goias.gov.br\/emater\/wp-json\/wp\/v2\/types\/post"}],"author":[{"embeddable":true,"href":"https:\/\/goias.gov.br\/emater\/wp-json\/wp\/v2\/users\/2"}],"replies":[{"embeddable":true,"href":"https:\/\/goias.gov.br\/emater\/wp-json\/wp\/v2\/comments?post=2924"}],"version-history":[{"count":0,"href":"https:\/\/goias.gov.br\/emater\/wp-json\/wp\/v2\/posts\/2924\/revisions"}],"wp:featuredmedia":[{"embeddable":true,"href":"https:\/\/goias.gov.br\/emater\/wp-json\/wp\/v2\/media\/2952"}],"wp:attachment":[{"href":"https:\/\/goias.gov.br\/emater\/wp-json\/wp\/v2\/media?parent=2924"}],"wp:term":[{"taxonomy":"category","embeddable":true,"href":"https:\/\/goias.gov.br\/emater\/wp-json\/wp\/v2\/categories?post=2924"},{"taxonomy":"post_tag","embeddable":true,"href":"https:\/\/goias.gov.br\/emater\/wp-json\/wp\/v2\/tags?post=2924"}],"curies":[{"name":"wp","href":"https:\/\/api.w.org\/{rel}","templated":true}]}}