

{"id":290422,"date":"2025-09-26T09:43:16","date_gmt":"2025-09-26T12:43:16","guid":{"rendered":"https:\/\/goias.gov.br\/emater\/?p=290422"},"modified":"2025-11-03T08:44:30","modified_gmt":"2025-11-03T11:44:30","slug":"290422-2","status":"publish","type":"post","link":"https:\/\/goias.gov.br\/emater\/290422-2\/","title":{"rendered":"Emater Goi\u00e1s encerra 17\u00aa edi\u00e7\u00e3o do Agro \u00e9 Social em Formosa com programa\u00e7\u00e3o especial"},"content":{"rendered":"<p style=\"text-align: center\"><em>Ser\u00e3o entregues mais de R$ 3,5 milh\u00f5es em cart\u00f5es do Cr\u00e9dito Social a produtores rurais de nove munic\u00edpios da regional Planalto<\/em><\/p>\n<p><strong>Agro \u00e9 Social<\/strong> se prepara para finalizar mais uma edi\u00e7\u00e3o na<strong> Regional Planalto.<\/strong> O encerramento do programa ser\u00e1 no dia 29 de setembro, no Centro Esportivo Jardim Calif\u00f3rnia, em Formosa. O evento ser\u00e1 uma <strong>edi\u00e7\u00e3o especial<\/strong> em parceria com o <strong>Goi\u00e1s Social<\/strong>, que levar\u00e1 diversos servi\u00e7os e a\u00e7\u00f5es do Governo de Goi\u00e1s para toda a popula\u00e7\u00e3o da regi\u00e3o, em especial para produtores rurais.<\/p>\n<p>A 17\u00aa edi\u00e7\u00e3o do Agro \u00e9 Social, na Regional do Planalto, <strong>capacitou<\/strong> mais de 1,1 mil produtores rurais em <strong>19 munic\u00edpios<\/strong>, com cursos e capacita\u00e7\u00f5es <strong>gratuitas<\/strong> ministradas por extensionistas da Emater Goi\u00e1s. Entre os <strong>temas abordados<\/strong> estiveram avicultura, apicultura, bovinocultura, salgados, panifica\u00e7\u00e3o, doces artesanais, horticultura e conservas.<\/p>\n<p>Durante o evento, ser\u00e3o entregues a produtores rurais de<strong> nove munic\u00edpios<\/strong> certificados de conclus\u00e3o de cursos e <strong>690 cart\u00f5es do Cr\u00e9dito Social,<\/strong> benef\u00edcio de at\u00e9 <strong>R$ 5 mil<\/strong> por produtor, totalizando aproximadamente <strong>R$ 3,5 milh\u00f5es em investimentos<\/strong>. O recurso tem como objetivo fortalecer o empreendedorismo rural, estimulando a produ\u00e7\u00e3o e a gera\u00e7\u00e3o de renda no campo.<\/p>\n<p>Para facilitar a mobiliza\u00e7\u00e3o, o evento de Formosa reunir\u00e1 agricultores de <strong>nove munic\u00edpios:<\/strong> \u00c1gua Fria de Goi\u00e1s, Cabeceiras, Flores de Goi\u00e1s, Mimoso de Goi\u00e1s, Padre Bernardo, Planaltina, Santo Ant\u00f4nio do Descoberto, Vila Boa e produtores locais.<\/p>\n<p>O encerramento da 17\u00aa edi\u00e7\u00e3o continua no dia 15 de outubro, em Luzi\u00e2nia, com a<strong> participa\u00e7\u00e3o dos produtores<\/strong> de \u00c1guas Lindas de Goi\u00e1s, Alex\u00e2nia, Cidade Ocidental, Cocalzinho, Corumb\u00e1, Cristalina, Novo Gama, S\u00e3o Jo\u00e3o da Alian\u00e7a e Valpara\u00edso.<\/p>\n<p><strong>Atividades abertas ao p\u00fablico<\/strong><br \/>\nA edi\u00e7\u00e3o especial do evento Agro \u00e9 Social com Goi\u00e1s Social contar\u00e1 com uma ampla oferta de <strong>atividades abertas ao p\u00fablico<\/strong>, levadas pelo Governo de Goi\u00e1s, como: entrega de certificados e cart\u00f5es do Cr\u00e9dito Social, atendimento Sic\/Sebrae, atendimento de sa\u00fade, atendimento jur\u00eddico, atendimento social\/ Cad \u00danico, distribui\u00e7\u00e3o de mudas, emiss\u00e3o de RG, divers\u00e3o para a crian\u00e7ada, servi\u00e7os do Vapt Vupt, servi\u00e7os da Equatorial, servi\u00e7os da Agrodefesa e muito mais.<\/p>\n<p><strong>Sobre o programa<\/strong><br \/>\nO Agro \u00e9 Social \u00e9 uma iniciativa do Governo de Goi\u00e1s, realizada por meio da<strong> Emater<\/strong>, em parceria com a Secretaria de Estado de Agricultura, Pecu\u00e1ria e Abastecimento (Seapa) e o Goi\u00e1s Social. O programa tem como foco o <strong>desenvolvimento social e produtivo<\/strong> das comunidades rurais, promovendo a capacita\u00e7\u00e3o dos produtores e ampliando o acesso \u00e0s pol\u00edticas p\u00fablicas de inclus\u00e3o produtiva.<\/p>\n<p>&#8211;<\/p>\n<p><strong>Comunica\u00e7\u00e3o Setorial da Emater \u2013 Governo de Goi\u00e1s<\/strong><br \/>\n<a href=\"http:\/\/%20comunicacao.ematergo@gmail.com\/\">comunicacao.ematergo@gmail.com<\/a>\u00a0| +55 (62) 98152-2322<br \/>\n<a href=\"http:\/\/goias.gov.br\/emater\/\">http:\/\/goias.gov.br\/emater\/<\/a><br \/>\n<a href=\"http:\/\/instagram.com\/ematergoias\">@ematergoias<\/a><\/p>\n","protected":false},"excerpt":{"rendered":"<p>Ser\u00e3o entregues mais de R$ 3,5 milh\u00f5es em cart\u00f5es do Cr\u00e9dito Social a produtores rurais de nove munic\u00edpios da regional Planalto Agro \u00e9 Social se prepara para finalizar mais uma edi\u00e7\u00e3o na Regional Planalto. O encerramento do programa ser\u00e1 no dia 29 de setembro, no Centro Esportivo Jardim Calif\u00f3rnia, em Formosa. O evento ser\u00e1 uma [&hellip;]<\/p>\n","protected":false},"author":301,"featured_media":290423,"comment_status":"closed","ping_status":"open","sticky":false,"template":"","format":"standard","meta":{"_acf_changed":false,"footnotes":""},"categories":[1],"tags":[],"class_list":["post-290422","post","type-post","status-publish","format-standard","has-post-thumbnail","hentry","category-noticias","tipo_de_noticia-governo"],"acf":[],"rttpg_featured_image_url":{"full":["https:\/\/goias.gov.br\/emater\/wp-content\/uploads\/sites\/62\/2025\/09\/Emater-Goias-encerra-17a-edicao-do-Agro-e-Social-em-Formosa-com-programacao-especial.jpeg",1150,575,false],"landscape":["https:\/\/goias.gov.br\/emater\/wp-content\/uploads\/sites\/62\/2025\/09\/Emater-Goias-encerra-17a-edicao-do-Agro-e-Social-em-Formosa-com-programacao-especial.jpeg",1150,575,false],"portraits":["https:\/\/goias.gov.br\/emater\/wp-content\/uploads\/sites\/62\/2025\/09\/Emater-Goias-encerra-17a-edicao-do-Agro-e-Social-em-Formosa-com-programacao-especial.jpeg",1150,575,false],"thumbnail":["https:\/\/goias.gov.br\/emater\/wp-content\/uploads\/sites\/62\/2025\/09\/Emater-Goias-encerra-17a-edicao-do-Agro-e-Social-em-Formosa-com-programacao-especial-150x150.jpeg",150,150,true],"medium":["https:\/\/goias.gov.br\/emater\/wp-content\/uploads\/sites\/62\/2025\/09\/Emater-Goias-encerra-17a-edicao-do-Agro-e-Social-em-Formosa-com-programacao-especial-300x150.jpeg",300,150,true],"large":["https:\/\/goias.gov.br\/emater\/wp-content\/uploads\/sites\/62\/2025\/09\/Emater-Goias-encerra-17a-edicao-do-Agro-e-Social-em-Formosa-com-programacao-especial-1024x512.jpeg",1024,512,true],"1536x1536":["https:\/\/goias.gov.br\/emater\/wp-content\/uploads\/sites\/62\/2025\/09\/Emater-Goias-encerra-17a-edicao-do-Agro-e-Social-em-Formosa-com-programacao-especial.jpeg",1150,575,false],"2048x2048":["https:\/\/goias.gov.br\/emater\/wp-content\/uploads\/sites\/62\/2025\/09\/Emater-Goias-encerra-17a-edicao-do-Agro-e-Social-em-Formosa-com-programacao-especial.jpeg",1150,575,false]},"rttpg_author":{"display_name":"marciacunha","author_link":"https:\/\/goias.gov.br\/emater\/author\/marciacunha\/"},"rttpg_comment":0,"rttpg_category":"<a href=\"https:\/\/goias.gov.br\/emater\/categoria\/noticias\/\" rel=\"category tag\">Not\u00edcias<\/a>","rttpg_excerpt":"Ser\u00e3o entregues mais de R$ 3,5 milh\u00f5es em cart\u00f5es do Cr\u00e9dito Social a produtores rurais de nove munic\u00edpios da regional Planalto Agro \u00e9 Social se prepara para finalizar mais uma edi\u00e7\u00e3o na Regional Planalto. O encerramento do programa ser\u00e1 no dia 29 de setembro, no Centro Esportivo Jardim Calif\u00f3rnia, em Formosa. O evento ser\u00e1 uma&hellip;","_links":{"self":[{"href":"https:\/\/goias.gov.br\/emater\/wp-json\/wp\/v2\/posts\/290422","targetHints":{"allow":["GET"]}}],"collection":[{"href":"https:\/\/goias.gov.br\/emater\/wp-json\/wp\/v2\/posts"}],"about":[{"href":"https:\/\/goias.gov.br\/emater\/wp-json\/wp\/v2\/types\/post"}],"author":[{"embeddable":true,"href":"https:\/\/goias.gov.br\/emater\/wp-json\/wp\/v2\/users\/301"}],"replies":[{"embeddable":true,"href":"https:\/\/goias.gov.br\/emater\/wp-json\/wp\/v2\/comments?post=290422"}],"version-history":[{"count":3,"href":"https:\/\/goias.gov.br\/emater\/wp-json\/wp\/v2\/posts\/290422\/revisions"}],"predecessor-version":[{"id":290426,"href":"https:\/\/goias.gov.br\/emater\/wp-json\/wp\/v2\/posts\/290422\/revisions\/290426"}],"wp:featuredmedia":[{"embeddable":true,"href":"https:\/\/goias.gov.br\/emater\/wp-json\/wp\/v2\/media\/290423"}],"wp:attachment":[{"href":"https:\/\/goias.gov.br\/emater\/wp-json\/wp\/v2\/media?parent=290422"}],"wp:term":[{"taxonomy":"category","embeddable":true,"href":"https:\/\/goias.gov.br\/emater\/wp-json\/wp\/v2\/categories?post=290422"},{"taxonomy":"post_tag","embeddable":true,"href":"https:\/\/goias.gov.br\/emater\/wp-json\/wp\/v2\/tags?post=290422"}],"curies":[{"name":"wp","href":"https:\/\/api.w.org\/{rel}","templated":true}]}}