

{"id":2877,"date":"2019-04-29T13:42:03","date_gmt":"2019-04-29T16:42:03","guid":{"rendered":"https:\/\/goias.gov.br\/emater\/?p=2877"},"modified":"2022-10-04T16:11:03","modified_gmt":"2022-10-04T19:11:03","slug":"dia-de-campo-em-formosa-divulga-cultura-de-mamao","status":"publish","type":"post","link":"https:\/\/goias.gov.br\/emater\/dia-de-campo-em-formosa-divulga-cultura-de-mamao\/","title":{"rendered":"Dia de Campo em Formosa divulga cultura do mam\u00e3o"},"content":{"rendered":"\n<p><strong>Cultura do mam\u00e3o movimenta Dia de\nCampo em Formosa <\/strong><\/p>\n\n\n\n<p>A Emater &#8211; Ag\u00eancia Goiana de Assist\u00eancia T\u00e9cnica, Extens\u00e3o Rural e Pesquisa Agropecu\u00e1ria realiza, no dia 10 de maio, o 1\u00b0 Dia de Campo Cultura de Mam\u00e3o. A atividade ocorrer\u00e1 no munic\u00edpio de Formosa (GO), expondo resultados da Unidade Demonstrativa do Mam\u00e3o, implantada no assentamento Santa Cruz. Durante a atividade, os produtores receber\u00e3o informa\u00e7\u00f5es sobre a prepara\u00e7\u00e3o do solo e tratos culturais, aduba\u00e7\u00e3o,  escolha da semente e uso de defensivos no cultivo do Mam\u00e3o Formosa. <\/p>\n\n\n\n<p>O Dia de Campo ir\u00e1 demostrar os resultados da implanta\u00e7\u00e3o, no local, de 1 hectare do Mam\u00e3o Formosa variedade Tainung. A fruta foi objeto de estudo durante 8 meses em pesquisa desenvolvida em parceria pela Emater, Embrapa Cerrado, Heringer e Horizonte. Os resultados mostrados no evento ser\u00e3o a viabilidade do mam\u00e3o, os custos de produ\u00e7\u00e3o, as melhores formas para produ\u00e7\u00e3o e condi\u00e7\u00f5es da regi\u00e3o.<\/p>\n\n\n\n<figure class=\"wp-block-image\"><img fetchpriority=\"high\" decoding=\"async\" width=\"951\" height=\"383\" src=\"https:\/\/goias.gov.br\/emater\/wp-content\/uploads\/sites\/62\/2019\/04\/WhatsApp-Image-2019-04-25-at-16.12.22.jpeg\" alt=\"\" class=\"wp-image-2888\" srcset=\"https:\/\/goias.gov.br\/emater\/wp-content\/uploads\/sites\/62\/2019\/04\/WhatsApp-Image-2019-04-25-at-16.12.22.jpeg 951w, https:\/\/goias.gov.br\/emater\/wp-content\/uploads\/sites\/62\/2019\/04\/WhatsApp-Image-2019-04-25-at-16.12.22-300x121.jpeg 300w, https:\/\/goias.gov.br\/emater\/wp-content\/uploads\/sites\/62\/2019\/04\/WhatsApp-Image-2019-04-25-at-16.12.22-768x309.jpeg 768w\" sizes=\"(max-width: 951px) 100vw, 951px\" \/><figcaption> <br><strong><em>Unidade Demonstrativa <\/em>do Mam\u00e3o<\/strong> <\/figcaption><\/figure>\n\n\n\n<p>A atividade oferecer\u00e1 palestra sobre a Produ\u00e7\u00e3o do Mam\u00e3o Formosa, ministrada pelo t\u00e9cnico da Embrapa Cerrado, Dr. Nilton Junqueira. Al\u00e9m disso, os participantes ter\u00e3o acesso ao plano t\u00e9cnico operacional da implanta\u00e7\u00e3o da cultura de mam\u00e3o pelo t\u00e9cnico em agropecu\u00e1ria e supervisor local da Emater em Formosa, Jos\u00e9 Laerte Correia Junior. O propriet\u00e1rio que cedeu 1 hectare para implanta\u00e7\u00e3o da unidade demonstrativa, Francisco Mendes Gomes, tamb\u00e9m ir\u00e1 palestrar expondo como foi o processo de implanta\u00e7\u00e3o e os resultados obtidos na propriedade.<\/p>\n\n\n\n<h4 class=\"wp-block-heading\"><strong>A cultura do mam\u00e3o <\/strong><\/h4>\n\n\n\n<p>A produ\u00e7\u00e3o de mam\u00e3o cresce em Goi\u00e1s a cada ano. De acordo com dados do IMB &#8211; Instituto Mauro Borges, em 2017 foram produzidas mais de 700 toneladas da fruta no estado.<\/p>\n\n\n\n<figure class=\"wp-block-image\"><img decoding=\"async\" width=\"800\" height=\"800\" src=\"https:\/\/goias.gov.br\/emater\/wp-content\/uploads\/sites\/62\/2019\/04\/Um-p\u00e9-de-mam\u00e3o-produz-60-frutas-no-1\u00b0-ano-e-30-frutas-no-2\u00b0-ano.-A-fruta-rende-ao-produtor-90-frutos-em-2-anos-1.png\" alt=\"\" class=\"wp-image-2893\" srcset=\"https:\/\/goias.gov.br\/emater\/wp-content\/uploads\/sites\/62\/2019\/04\/Um-p\u00e9-de-mam\u00e3o-produz-60-frutas-no-1\u00b0-ano-e-30-frutas-no-2\u00b0-ano.-A-fruta-rende-ao-produtor-90-frutos-em-2-anos-1.png 800w, https:\/\/goias.gov.br\/emater\/wp-content\/uploads\/sites\/62\/2019\/04\/Um-p\u00e9-de-mam\u00e3o-produz-60-frutas-no-1\u00b0-ano-e-30-frutas-no-2\u00b0-ano.-A-fruta-rende-ao-produtor-90-frutos-em-2-anos-1-150x150.png 150w, https:\/\/goias.gov.br\/emater\/wp-content\/uploads\/sites\/62\/2019\/04\/Um-p\u00e9-de-mam\u00e3o-produz-60-frutas-no-1\u00b0-ano-e-30-frutas-no-2\u00b0-ano.-A-fruta-rende-ao-produtor-90-frutos-em-2-anos-1-300x300.png 300w, https:\/\/goias.gov.br\/emater\/wp-content\/uploads\/sites\/62\/2019\/04\/Um-p\u00e9-de-mam\u00e3o-produz-60-frutas-no-1\u00b0-ano-e-30-frutas-no-2\u00b0-ano.-A-fruta-rende-ao-produtor-90-frutos-em-2-anos-1-768x768.png 768w\" sizes=\"(max-width: 800px) 100vw, 800px\" \/><\/figure>\n\n\n\n<p>O Dia de Campo tem como metodologia a introdu\u00e7\u00e3o e demonstra\u00e7\u00e3o de pesquisas por meio de grupos, atingindo o m\u00e1ximo de produtores. S\u00e3o esperadas as visitas de mais de 200 produtores da regi\u00e3o para conhecer as tecnologias de produ\u00e7\u00e3o da a cultura de mam\u00e3o. O t\u00e9cnico Alexandre Resende ressalta que a Emater tem como objetivo atingir todos os produtores em um \u00fanico dia, levando t\u00e9cnica e conhecimento. <\/p>\n\n\n\n<figure class=\"wp-block-image\"><img decoding=\"async\" width=\"724\" height=\"1024\" src=\"https:\/\/goias.gov.br\/emater\/wp-content\/uploads\/sites\/62\/2019\/04\/WhatsApp-Image-2019-04-25-at-16.10.17-724x1024.jpeg\" alt=\"\" class=\"wp-image-2885\" srcset=\"https:\/\/goias.gov.br\/emater\/wp-content\/uploads\/sites\/62\/2019\/04\/WhatsApp-Image-2019-04-25-at-16.10.17-724x1024.jpeg 724w, https:\/\/goias.gov.br\/emater\/wp-content\/uploads\/sites\/62\/2019\/04\/WhatsApp-Image-2019-04-25-at-16.10.17-212x300.jpeg 212w, https:\/\/goias.gov.br\/emater\/wp-content\/uploads\/sites\/62\/2019\/04\/WhatsApp-Image-2019-04-25-at-16.10.17-768x1086.jpeg 768w, https:\/\/goias.gov.br\/emater\/wp-content\/uploads\/sites\/62\/2019\/04\/WhatsApp-Image-2019-04-25-at-16.10.17.jpeg 905w\" sizes=\"(max-width: 724px) 100vw, 724px\" \/><\/figure>\n\n\n\n<h4 class=\"wp-block-heading\"><strong>Dia de Campo Cultura do Mam\u00e3o                                                              <\/strong><\/h4>\n\n\n\n<p>Data:\n10 de maio <\/p>\n\n\n\n<p>Local: 22,8 km do centro de Formosa, entrando no Santa Cruz.  -15.51194, -47.19487  &#8211; https:\/\/maps.app.goo.gl\/3dx9s <\/p>\n\n\n\n<p>Hor\u00e1rio:\n8:30 \u00e1s 12:00 <\/p>\n\n\n\n<figure class=\"wp-block-image\"><img loading=\"lazy\" decoding=\"async\" width=\"960\" height=\"334\" src=\"https:\/\/goias.gov.br\/emater\/wp-content\/uploads\/sites\/62\/2019\/04\/WhatsApp-Image-2019-04-25-at-16.10.51-1.jpeg\" alt=\"\" class=\"wp-image-2890\" srcset=\"https:\/\/goias.gov.br\/emater\/wp-content\/uploads\/sites\/62\/2019\/04\/WhatsApp-Image-2019-04-25-at-16.10.51-1.jpeg 960w, https:\/\/goias.gov.br\/emater\/wp-content\/uploads\/sites\/62\/2019\/04\/WhatsApp-Image-2019-04-25-at-16.10.51-1-300x104.jpeg 300w, https:\/\/goias.gov.br\/emater\/wp-content\/uploads\/sites\/62\/2019\/04\/WhatsApp-Image-2019-04-25-at-16.10.51-1-768x267.jpeg 768w\" sizes=\"(max-width: 960px) 100vw, 960px\" \/><\/figure>\n\n\n\n<p> <br><em><strong>Ger\u00eancia de Comunica\u00e7\u00e3o para Inova\u00e7\u00e3o \u2013 Emater<\/strong><\/em><br>Texto: Matheus Alves | Foto: Nivaldo Ferreira<br>Informa\u00e7\u00f5es \u00e0 imprensa: (62) 3201-8767 \/ 3201-8814<br>comunicacao.ematergo@gmail.com <strong>                          <\/strong><\/p>\n","protected":false},"excerpt":{"rendered":"<p>Cultura do mam\u00e3o movimenta Dia de Campo em Formosa A Emater &#8211; Ag\u00eancia Goiana de Assist\u00eancia T\u00e9cnica, Extens\u00e3o Rural e Pesquisa Agropecu\u00e1ria realiza, no dia 10 de maio, o 1\u00b0 Dia de Campo Cultura de Mam\u00e3o. A atividade ocorrer\u00e1 no munic\u00edpio de Formosa (GO), expondo resultados da Unidade Demonstrativa do Mam\u00e3o, implantada no assentamento Santa [&hellip;]<\/p>\n","protected":false},"author":2,"featured_media":2886,"comment_status":"open","ping_status":"open","sticky":false,"template":"","format":"standard","meta":{"_acf_changed":false,"footnotes":""},"categories":[33],"tags":[],"class_list":["post-2877","post","type-post","status-publish","format-standard","has-post-thumbnail","hentry","category-dia-de-campo"],"acf":[],"rttpg_featured_image_url":{"full":["https:\/\/goias.gov.br\/emater\/wp-content\/uploads\/sites\/62\/2019\/04\/WhatsApp-Image-2019-04-25-at-16.10.38.jpeg",1032,774,false],"landscape":["https:\/\/goias.gov.br\/emater\/wp-content\/uploads\/sites\/62\/2019\/04\/WhatsApp-Image-2019-04-25-at-16.10.38.jpeg",1032,774,false],"portraits":["https:\/\/goias.gov.br\/emater\/wp-content\/uploads\/sites\/62\/2019\/04\/WhatsApp-Image-2019-04-25-at-16.10.38.jpeg",1032,774,false],"thumbnail":["https:\/\/goias.gov.br\/emater\/wp-content\/uploads\/sites\/62\/2019\/04\/WhatsApp-Image-2019-04-25-at-16.10.38-150x150.jpeg",150,150,true],"medium":["https:\/\/goias.gov.br\/emater\/wp-content\/uploads\/sites\/62\/2019\/04\/WhatsApp-Image-2019-04-25-at-16.10.38-300x225.jpeg",300,225,true],"large":["https:\/\/goias.gov.br\/emater\/wp-content\/uploads\/sites\/62\/2019\/04\/WhatsApp-Image-2019-04-25-at-16.10.38-1024x768.jpeg",1024,768,true],"1536x1536":["https:\/\/goias.gov.br\/emater\/wp-content\/uploads\/sites\/62\/2019\/04\/WhatsApp-Image-2019-04-25-at-16.10.38.jpeg",1032,774,false],"2048x2048":["https:\/\/goias.gov.br\/emater\/wp-content\/uploads\/sites\/62\/2019\/04\/WhatsApp-Image-2019-04-25-at-16.10.38.jpeg",1032,774,false]},"rttpg_author":{"display_name":"rogerioduarte","author_link":"https:\/\/goias.gov.br\/emater\/author\/rogerioduarte\/"},"rttpg_comment":0,"rttpg_category":"<a href=\"https:\/\/goias.gov.br\/emater\/categoria\/dia-de-campo\/\" rel=\"category tag\">Dia de Campo<\/a>","rttpg_excerpt":"Cultura do mam\u00e3o movimenta Dia de Campo em Formosa A Emater &#8211; Ag\u00eancia Goiana de Assist\u00eancia T\u00e9cnica, Extens\u00e3o Rural e Pesquisa Agropecu\u00e1ria realiza, no dia 10 de maio, o 1\u00b0 Dia de Campo Cultura de Mam\u00e3o. A atividade ocorrer\u00e1 no munic\u00edpio de Formosa (GO), expondo resultados da Unidade Demonstrativa do Mam\u00e3o, implantada no assentamento Santa&hellip;","_links":{"self":[{"href":"https:\/\/goias.gov.br\/emater\/wp-json\/wp\/v2\/posts\/2877","targetHints":{"allow":["GET"]}}],"collection":[{"href":"https:\/\/goias.gov.br\/emater\/wp-json\/wp\/v2\/posts"}],"about":[{"href":"https:\/\/goias.gov.br\/emater\/wp-json\/wp\/v2\/types\/post"}],"author":[{"embeddable":true,"href":"https:\/\/goias.gov.br\/emater\/wp-json\/wp\/v2\/users\/2"}],"replies":[{"embeddable":true,"href":"https:\/\/goias.gov.br\/emater\/wp-json\/wp\/v2\/comments?post=2877"}],"version-history":[{"count":0,"href":"https:\/\/goias.gov.br\/emater\/wp-json\/wp\/v2\/posts\/2877\/revisions"}],"wp:featuredmedia":[{"embeddable":true,"href":"https:\/\/goias.gov.br\/emater\/wp-json\/wp\/v2\/media\/2886"}],"wp:attachment":[{"href":"https:\/\/goias.gov.br\/emater\/wp-json\/wp\/v2\/media?parent=2877"}],"wp:term":[{"taxonomy":"category","embeddable":true,"href":"https:\/\/goias.gov.br\/emater\/wp-json\/wp\/v2\/categories?post=2877"},{"taxonomy":"post_tag","embeddable":true,"href":"https:\/\/goias.gov.br\/emater\/wp-json\/wp\/v2\/tags?post=2877"}],"curies":[{"name":"wp","href":"https:\/\/api.w.org\/{rel}","templated":true}]}}