

{"id":285538,"date":"2025-08-12T14:10:36","date_gmt":"2025-08-12T17:10:36","guid":{"rendered":"https:\/\/goias.gov.br\/emater\/?p=285538"},"modified":"2025-08-13T11:35:57","modified_gmt":"2025-08-13T14:35:57","slug":"gracinha-caiado-entrega-beneficios-do-agro-e-social-e-lanca-edital-do-programa-de-aquisicao-de-alimentos-em-rio-verde","status":"publish","type":"post","link":"https:\/\/goias.gov.br\/emater\/gracinha-caiado-entrega-beneficios-do-agro-e-social-e-lanca-edital-do-programa-de-aquisicao-de-alimentos-em-rio-verde\/","title":{"rendered":"Gracinha Caiado entrega benef\u00edcios do Agro \u00e9 Social e lan\u00e7a edital do Programa de Aquisi\u00e7\u00e3o de Alimentos em Rio Verde"},"content":{"rendered":"<p style=\"text-align: center\"><em>Em sua 15\u00aa edi\u00e7\u00e3o, iniciativa celebra forma\u00e7\u00e3o de 580 produtores em cursos t\u00e9cnicos, al\u00e9m de distribuir R$ 1,8 milh\u00e3o em cart\u00f5es do Cr\u00e9dito Social (Fotos: Lucas Diener)<\/em><\/p>\n<p>Com objetivo de <strong>fortalecer o campo<\/strong>, a partir da oferta de oportunidades e qualifica\u00e7\u00e3o, a coordenadora do Goi\u00e1s Social e primeira-dama do Estado, Gracinha Caiado, participou, nesta ter\u00e7a-feira (12\/8), a 15\u00aa edi\u00e7\u00e3o do Agro \u00e9 Social em Rio Verde. O evento marcou a <strong>entrega de 580 certificados de conclus\u00e3o de cursos de capacita\u00e7\u00e3o e 370 cart\u00f5es do Cr\u00e9dito Social<\/strong> a produtores rurais, <strong>totalizando R$ 1,8 milh\u00e3o em investimentos<\/strong> por meio do Goi\u00e1s Social. Gracinha tamb\u00e9m lan\u00e7ou o edital do <strong>Programa de Aquisi\u00e7\u00e3o de Alimentos (PAA Goi\u00e1s), que neste ano ter\u00e1 aporte de R$ 30 milh\u00f5es<\/strong>.<\/p>\n<p>A coordenadora do Goi\u00e1s Social destacou a import\u00e2ncia de dar suporte ao pequeno produtor, que movimenta a economia brasileira e coloca comida na mesa das fam\u00edlias.<\/p>\n<blockquote><p>\u201cO pequeno produtor merece oportunidades e ferramentas para trabalhar, e \u00e9 isso que estamos fazendo aqui hoje\u201d, afirmou Gracinha. De acordo com ela, o programa j\u00e1 distribuiu 15 mil certificados de cursos de capacita\u00e7\u00e3o em Goi\u00e1s.<\/p>\n<p>\u201c\u00c0quelas pessoas que vivem em vulnerabilidade, damos Cr\u00e9dito Social de at\u00e9 R$ 5 mil para que possam produzir\u201d, complementou.<\/p><\/blockquote>\n<p>A primeira-dama parabenizou os produtores que passaram pelos cursos t\u00e9cnicos.<\/p>\n<blockquote><p>\u201cA pessoa que vive no campo tem tantas adversidades. Voc\u00eas encontraram tempo e disposi\u00e7\u00e3o para buscar conhecimento, para capacitar e melhorar os produtos\u201d, reconheceu. As capacita\u00e7\u00f5es foram ofertadas entre mar\u00e7o e junho pela Secretaria de Agricultura, Pecu\u00e1ria e Abastecimento (Seapa), em parceria com a Emater Goi\u00e1s, nas \u00e1reas de avicultura, conserva de vegetais, horticultura, fruticultura, panifica\u00e7\u00e3o, pintura em tecido, desossa de frango, salgados, doces artesanais e outros.<\/p><\/blockquote>\n<p><strong>Planos<\/strong><br \/>\nO agricultor Wellington Nascimento, de 56 anos, mora em um assentamento e trabalha com hortifruti. Ele fez o <strong>curso de fruticultura<\/strong> para aperfei\u00e7oar seus conhecimentos. Al\u00e9m do certificado de conclus\u00e3o de curso, recebeu o Cr\u00e9dito Social e j\u00e1 tem planos.<\/p>\n<blockquote><p>\u201cCom o acompanhamento do t\u00e9cnico da Emater, vamos comprar insumos sem medo para melhorar a nossa produtividade, para produzir os alimentos saud\u00e1veis e com seguran\u00e7a\u201d, contou Nascimento, que \u00e9 feirante h\u00e1 15 anos.<\/p><\/blockquote>\n<p>A 15\u00aa edi\u00e7\u00e3o do Agro \u00e9 Social <strong>beneficiou agricultores de 13 munic\u00edpios<\/strong> do Sudoeste Goiano. Anfitri\u00e3o do evento, o prefeito de Rio Verde, Wellington Carrijo, afirmou que a gest\u00e3o do governador Ronaldo Caiado \u201cdiminui a dist\u00e2ncia do falar e do fazer\u201d e que isso contribui para a melhoria da qualidade de vida da popula\u00e7\u00e3o.<\/p>\n<blockquote><p>\u201cInveste na agricultura familiar, na inclus\u00e3o, na produ\u00e7\u00e3o de riqueza e no aumento de renda de cada fam\u00edlia, n\u00e3o s\u00f3 em Rio Verde, mas em todo o estado de Goi\u00e1s\u201d, destacou.<\/p><\/blockquote>\n<p><strong>PAA Goi\u00e1s<\/strong><br \/>\nApresentado por Gracinha durante o evento, o edital do Programa de Aquisi\u00e7\u00e3o de Alimentos (PAA Goi\u00e1s) em 2025 prev\u00ea um investimento recorde de <strong>R$ 30 milh\u00f5es<\/strong>, por meio do Goi\u00e1s Social. O secret\u00e1rio de Agricultura, Pecu\u00e1ria e Abastecimento, Pedro Leonardo, resumiu a import\u00e2ncia do programa.<\/p>\n<p><img fetchpriority=\"high\" decoding=\"async\" class=\"alignnone wp-image-285587 size-full\" src=\"https:\/\/goias.gov.br\/emater\/wp-content\/uploads\/sites\/62\/2025\/08\/Gracinha-Caiado-entrega-beneficios-do-Agro-e-Social-e-lanca-edital-do-Programa-de-Aquisicao-de-Alimentos-em-Rio-Verde-d.jpg\" alt=\"\" width=\"2444\" height=\"1222\" srcset=\"https:\/\/goias.gov.br\/emater\/wp-content\/uploads\/sites\/62\/2025\/08\/Gracinha-Caiado-entrega-beneficios-do-Agro-e-Social-e-lanca-edital-do-Programa-de-Aquisicao-de-Alimentos-em-Rio-Verde-d.jpg 2444w, https:\/\/goias.gov.br\/emater\/wp-content\/uploads\/sites\/62\/2025\/08\/Gracinha-Caiado-entrega-beneficios-do-Agro-e-Social-e-lanca-edital-do-Programa-de-Aquisicao-de-Alimentos-em-Rio-Verde-d-300x150.jpg 300w, https:\/\/goias.gov.br\/emater\/wp-content\/uploads\/sites\/62\/2025\/08\/Gracinha-Caiado-entrega-beneficios-do-Agro-e-Social-e-lanca-edital-do-Programa-de-Aquisicao-de-Alimentos-em-Rio-Verde-d-1024x512.jpg 1024w, https:\/\/goias.gov.br\/emater\/wp-content\/uploads\/sites\/62\/2025\/08\/Gracinha-Caiado-entrega-beneficios-do-Agro-e-Social-e-lanca-edital-do-Programa-de-Aquisicao-de-Alimentos-em-Rio-Verde-d-768x384.jpg 768w, https:\/\/goias.gov.br\/emater\/wp-content\/uploads\/sites\/62\/2025\/08\/Gracinha-Caiado-entrega-beneficios-do-Agro-e-Social-e-lanca-edital-do-Programa-de-Aquisicao-de-Alimentos-em-Rio-Verde-d-1536x768.jpg 1536w, https:\/\/goias.gov.br\/emater\/wp-content\/uploads\/sites\/62\/2025\/08\/Gracinha-Caiado-entrega-beneficios-do-Agro-e-Social-e-lanca-edital-do-Programa-de-Aquisicao-de-Alimentos-em-Rio-Verde-d-2048x1024.jpg 2048w\" sizes=\"(max-width: 2444px) 100vw, 2444px\" \/><\/p>\n<blockquote><p>\u201cO Governo de Goi\u00e1s ir\u00e1 adquirir toda a produ\u00e7\u00e3o da agricultura familiar, realizando a imediata doa\u00e7\u00e3o dos alimentos \u00e0s entidades filantr\u00f3picas cadastradas pela Organiza\u00e7\u00e3o das Volunt\u00e1rias de Goi\u00e1s, fortalecendo n\u00e3o s\u00f3 a agricultura familiar, mas o apoio \u00e0s fam\u00edlias em situa\u00e7\u00e3o de inseguran\u00e7a alimentar\u201d, afirmou.<\/p><\/blockquote>\n<p>A 15\u00aa edi\u00e7\u00e3o do Agro \u00e9 Social, uma iniciativa do Goi\u00e1s Social e da Seapa, est\u00e1 sendo realizada na sede do Sindicato Rural de Rio Verde. A estrutura oferece uma s\u00e9rie de <strong>servi\u00e7os gratuitos<\/strong> para a comunidade local, como atendimentos de sa\u00fade, distribui\u00e7\u00e3o de mudas, emiss\u00e3o de carteira de identidade, servi\u00e7os do Vapt-Vupt e da Equatorial, al\u00e9m de atividades recreativas para as crian\u00e7as. A a\u00e7\u00e3o tem como foco a promo\u00e7\u00e3o da autonomia no campo goiano, com atividades para qualifica\u00e7\u00e3o e fortalecimento da agricultura familiar.<\/p>\n<p><strong>Terra Protegida<\/strong><br \/>\nAinda durante o evento, houve o lan\u00e7amento da Opera\u00e7\u00e3o Integrada \u201cTerra Protegida\u201d. Trata-se de uma a\u00e7\u00e3o conjunta, entre Estado e munic\u00edpio, com o objetivo de <strong>refor\u00e7ar a seguran\u00e7a<\/strong> na zona rural, especialmente no per\u00edodo em que os produtores <strong>recebem insumos para o plantio<\/strong>. A opera\u00e7\u00e3o conta com a participa\u00e7\u00e3o do Comando de Opera\u00e7\u00f5es de Divisas (COD), Comando de Opera\u00e7\u00f5es do Cerrado (COC), Comando de Miss\u00f5es Especiais (CME), 2\u00ba Batalh\u00e3o da Pol\u00edcia Militar (BPM), Batalh\u00e3o Ambiental, Batalh\u00e3o Rural, al\u00e9m da Guarda Civil Municipal de Rio Verde. Mais de 20 viaturas participam do monitoramento da regi\u00e3o.<\/p>\n<p>\u2013<\/p>\n<p><strong>Comunica\u00e7\u00e3o Setorial da Emater \u2013 Governo de Goi\u00e1s<\/strong><br \/>\n<a href=\"http:\/\/%20comunicacao.ematergo@gmail.com\/\">comunicacao.ematergo@gmail.com<\/a>\u00a0| +55 (62) 98152-2322<br \/>\n<a href=\"http:\/\/goias.gov.br\/emater\/\">http:\/\/goias.gov.br\/emater\/<\/a><br \/>\n<a href=\"http:\/\/instagram.com\/ematergoias\">@ematergoias<\/a><\/p>\n","protected":false},"excerpt":{"rendered":"<p>Em sua 15\u00aa edi\u00e7\u00e3o, iniciativa celebra forma\u00e7\u00e3o de 580 produtores em cursos t\u00e9cnicos, al\u00e9m de distribuir R$ 1,8 milh\u00e3o em cart\u00f5es do Cr\u00e9dito Social (Fotos: Lucas Diener) Com objetivo de fortalecer o campo, a partir da oferta de oportunidades e qualifica\u00e7\u00e3o, a coordenadora do Goi\u00e1s Social e primeira-dama do Estado, Gracinha Caiado, participou, nesta ter\u00e7a-feira [&hellip;]<\/p>\n","protected":false},"author":301,"featured_media":285541,"comment_status":"closed","ping_status":"open","sticky":false,"template":"","format":"standard","meta":{"_acf_changed":false,"footnotes":""},"categories":[53,33,181,1],"tags":[],"class_list":["post-285538","post","type-post","status-publish","format-standard","has-post-thumbnail","hentry","category-cursos","category-dia-de-campo","category-institucional","category-noticias","tipo_de_noticia-governo","tipo_de_noticia-novidades"],"acf":[],"rttpg_featured_image_url":{"full":["https:\/\/goias.gov.br\/emater\/wp-content\/uploads\/sites\/62\/2025\/08\/Gracinha-Caiado-entrega-beneficios-do-Agro-e-Social-e-lanca-edital-do-Programa-de-Aquisicao-de-Alimentos-em-Rio-Verde-3.jpeg",1280,853,false],"landscape":["https:\/\/goias.gov.br\/emater\/wp-content\/uploads\/sites\/62\/2025\/08\/Gracinha-Caiado-entrega-beneficios-do-Agro-e-Social-e-lanca-edital-do-Programa-de-Aquisicao-de-Alimentos-em-Rio-Verde-3.jpeg",1280,853,false],"portraits":["https:\/\/goias.gov.br\/emater\/wp-content\/uploads\/sites\/62\/2025\/08\/Gracinha-Caiado-entrega-beneficios-do-Agro-e-Social-e-lanca-edital-do-Programa-de-Aquisicao-de-Alimentos-em-Rio-Verde-3.jpeg",1280,853,false],"thumbnail":["https:\/\/goias.gov.br\/emater\/wp-content\/uploads\/sites\/62\/2025\/08\/Gracinha-Caiado-entrega-beneficios-do-Agro-e-Social-e-lanca-edital-do-Programa-de-Aquisicao-de-Alimentos-em-Rio-Verde-3-150x150.jpeg",150,150,true],"medium":["https:\/\/goias.gov.br\/emater\/wp-content\/uploads\/sites\/62\/2025\/08\/Gracinha-Caiado-entrega-beneficios-do-Agro-e-Social-e-lanca-edital-do-Programa-de-Aquisicao-de-Alimentos-em-Rio-Verde-3-300x200.jpeg",300,200,true],"large":["https:\/\/goias.gov.br\/emater\/wp-content\/uploads\/sites\/62\/2025\/08\/Gracinha-Caiado-entrega-beneficios-do-Agro-e-Social-e-lanca-edital-do-Programa-de-Aquisicao-de-Alimentos-em-Rio-Verde-3-1024x682.jpeg",1024,682,true],"1536x1536":["https:\/\/goias.gov.br\/emater\/wp-content\/uploads\/sites\/62\/2025\/08\/Gracinha-Caiado-entrega-beneficios-do-Agro-e-Social-e-lanca-edital-do-Programa-de-Aquisicao-de-Alimentos-em-Rio-Verde-3.jpeg",1280,853,false],"2048x2048":["https:\/\/goias.gov.br\/emater\/wp-content\/uploads\/sites\/62\/2025\/08\/Gracinha-Caiado-entrega-beneficios-do-Agro-e-Social-e-lanca-edital-do-Programa-de-Aquisicao-de-Alimentos-em-Rio-Verde-3.jpeg",1280,853,false]},"rttpg_author":{"display_name":"marciacunha","author_link":"https:\/\/goias.gov.br\/emater\/author\/marciacunha\/"},"rttpg_comment":0,"rttpg_category":"<a href=\"https:\/\/goias.gov.br\/emater\/categoria\/cursos\/\" rel=\"category tag\">Cursos<\/a> <a href=\"https:\/\/goias.gov.br\/emater\/categoria\/dia-de-campo\/\" rel=\"category tag\">Dia de Campo<\/a> <a href=\"https:\/\/goias.gov.br\/emater\/categoria\/institucional\/\" rel=\"category tag\">Institucional<\/a> <a href=\"https:\/\/goias.gov.br\/emater\/categoria\/noticias\/\" rel=\"category tag\">Not\u00edcias<\/a>","rttpg_excerpt":"Em sua 15\u00aa edi\u00e7\u00e3o, iniciativa celebra forma\u00e7\u00e3o de 580 produtores em cursos t\u00e9cnicos, al\u00e9m de distribuir R$ 1,8 milh\u00e3o em cart\u00f5es do Cr\u00e9dito Social (Fotos: Lucas Diener) Com objetivo de fortalecer o campo, a partir da oferta de oportunidades e qualifica\u00e7\u00e3o, a coordenadora do Goi\u00e1s Social e primeira-dama do Estado, Gracinha Caiado, participou, nesta ter\u00e7a-feira&hellip;","_links":{"self":[{"href":"https:\/\/goias.gov.br\/emater\/wp-json\/wp\/v2\/posts\/285538","targetHints":{"allow":["GET"]}}],"collection":[{"href":"https:\/\/goias.gov.br\/emater\/wp-json\/wp\/v2\/posts"}],"about":[{"href":"https:\/\/goias.gov.br\/emater\/wp-json\/wp\/v2\/types\/post"}],"author":[{"embeddable":true,"href":"https:\/\/goias.gov.br\/emater\/wp-json\/wp\/v2\/users\/301"}],"replies":[{"embeddable":true,"href":"https:\/\/goias.gov.br\/emater\/wp-json\/wp\/v2\/comments?post=285538"}],"version-history":[{"count":3,"href":"https:\/\/goias.gov.br\/emater\/wp-json\/wp\/v2\/posts\/285538\/revisions"}],"predecessor-version":[{"id":285602,"href":"https:\/\/goias.gov.br\/emater\/wp-json\/wp\/v2\/posts\/285538\/revisions\/285602"}],"wp:featuredmedia":[{"embeddable":true,"href":"https:\/\/goias.gov.br\/emater\/wp-json\/wp\/v2\/media\/285541"}],"wp:attachment":[{"href":"https:\/\/goias.gov.br\/emater\/wp-json\/wp\/v2\/media?parent=285538"}],"wp:term":[{"taxonomy":"category","embeddable":true,"href":"https:\/\/goias.gov.br\/emater\/wp-json\/wp\/v2\/categories?post=285538"},{"taxonomy":"post_tag","embeddable":true,"href":"https:\/\/goias.gov.br\/emater\/wp-json\/wp\/v2\/tags?post=285538"}],"curies":[{"name":"wp","href":"https:\/\/api.w.org\/{rel}","templated":true}]}}