

{"id":285523,"date":"2025-08-11T13:25:50","date_gmt":"2025-08-11T16:25:50","guid":{"rendered":"https:\/\/goias.gov.br\/emater\/?p=285523"},"modified":"2025-08-13T11:40:16","modified_gmt":"2025-08-13T14:40:16","slug":"emater-goias-abre-inscricoes-para-o-agro-e-social-jovem","status":"publish","type":"post","link":"https:\/\/goias.gov.br\/emater\/emater-goias-abre-inscricoes-para-o-agro-e-social-jovem\/","title":{"rendered":"Emater Goi\u00e1s abre inscri\u00e7\u00f5es para o Agro \u00e9 Social Jovem"},"content":{"rendered":"<p style=\"text-align: center\"><em><span style=\"font-weight: 400\">Programa voltado para capacita\u00e7\u00e3o e incentivo ao empreendedorismo rural, come\u00e7a a receber inscri\u00e7\u00f5es nesta segunda-feira (11). A forma\u00e7\u00e3o \u00e9 gratuita e direcionada para filhos e filhas de produtores rurais<\/span><\/em><\/p>\n<p><span style=\"font-weight: 400\">A Emater Goi\u00e1s d\u00e1 in\u00edcio, nesta segunda-feira (11\/08), <strong>ao processo de inscri\u00e7\u00f5es para o Agro \u00e9 Social Jovem<\/strong>, nova etapa do Programa Agro \u00e9 Social, <strong>voltada exclusivamente para jovens do meio rural<\/strong>. A iniciativa, que conta com a parceria do Col\u00e9gio Tecnol\u00f3gico do Estado de Goi\u00e1s (COTEC), <strong>visa promover a sucess\u00e3o familiar no campo e fomentar o empreendedorismo rural entre filhos e filhas de produtores, com forma\u00e7\u00e3o t\u00e9cnica gratuita e acesso a pol\u00edticas p\u00fablicas<\/strong>.<\/span><\/p>\n<p><span style=\"font-weight: 400\">A proposta \u00e9 <strong>capacitar jovens<\/strong> para que possam transformar suas realidades a partir de projetos vi\u00e1veis e sustent\u00e1veis, garantindo perman\u00eancia no campo, gera\u00e7\u00e3o de renda e <strong>protagonismo<\/strong> nas propriedades rurais. As inscri\u00e7\u00f5es seguem at\u00e9 o dia 31 de agosto e podem ser feitas por meio do <a href=\"https:\/\/forms.gle\/U2pn9K9YyHH2p2k59\">formul\u00e1rio dispon\u00edvel no portal de not\u00edcias da Emater Goi\u00e1s<\/a>.\u00a0<\/span><\/p>\n<blockquote><p><span style=\"font-weight: 400\">\u201cO Agro \u00e9 Social j\u00e1 se consolidou como programa que transforma a realidade de milhares de produtores em Goi\u00e1s com capacita\u00e7\u00e3o e incentivo financeiro. Agora, nossa miss\u00e3o \u00e9 levar toda essa experi\u00eancia para contribuir com a profissionaliza\u00e7\u00e3o do p\u00fablico jovem, que est\u00e1 buscando oportunidade para empreender e ter uma fonte de renda onde vive\u201d, afirma o presidente da Emater Goi\u00e1s, Rafael Gouveia.<\/span><\/p><\/blockquote>\n<p><span style=\"font-weight: 400\">Durante todo o processo, os participantes tamb\u00e9m contar\u00e3o com <strong>orienta\u00e7\u00e3o especializada<\/strong> para acessar linhas de financiamento voltadas para a juventude rural, como o Pronaf Jovem e o Cr\u00e9dito Social, garantindo alternativas reais para viabilizar seus projetos no campo.<\/span><\/p>\n<blockquote><p><span style=\"font-weight: 400\">\u201cAo trabalhar com a juventude rural, estamos contribuindo diretamente para a sucess\u00e3o familiar nas propriedades e para a moderniza\u00e7\u00e3o das pr\u00e1ticas produtivas, ampliando o acesso dos jovens \u00e0s pol\u00edticas p\u00fablicas e o conhecimento de temas importantes como empreendedorismo, associativismo e cooperativismo\u201d, refor\u00e7a o presidente da Emater.<\/span><\/p><\/blockquote>\n<p><strong>Etapas do programa<\/strong><\/p>\n<p><span style=\"font-weight: 400\">Ap\u00f3s o per\u00edodo de inscri\u00e7\u00f5es, o resultado dos selecionados ser\u00e1 divulgado em <strong>5 de setembro<\/strong>. A aula inaugural est\u00e1 marcada para o dia 15 de setembro, dando in\u00edcio \u00e0s atividades formativas. A forma\u00e7\u00e3o ser\u00e1 oferecida em<strong> formato h\u00edbrido<\/strong>, com tr\u00eas encontros presenciais nas unidades do Cotec e atividades \u00e0 dist\u00e2ncia (EAD), abordando conte\u00fados como Empreendedorismo e Gest\u00e3o de Neg\u00f3cios.<\/span><\/p>\n<p><span style=\"font-weight: 400\">Entre outubro e novembro, os participantes desenvolver\u00e3o planos de neg\u00f3cio, com acompanhamento t\u00e9cnico da Emater. A proposta \u00e9 que os projetos tenham viabilidade econ\u00f4mica, potencial de execu\u00e7\u00e3o e impacto social. Ao final desse per\u00edodo, os planos ser\u00e3o submetidos \u00e0 banca de avalia\u00e7\u00e3o, com prazo final para entrega at\u00e9 o fim de novembro. O encerramento do programa acontece em dezembro com a realiza\u00e7\u00e3o de um Semin\u00e1rio, onde os jovens ter\u00e3o a oportunidade de apresentar suas propostas.<\/span><\/p>\n<p><strong>Sobre o Agro \u00e9 Social Jovem<\/strong><\/p>\n<p><span style=\"font-weight: 400\">O Agro \u00e9 Social Jovem \u00e9 uma amplia\u00e7\u00e3o do <strong>Programa Agro \u00e9 Social<\/strong>, j\u00e1 consolidado como uma das principais iniciativas de fomento \u00e0 agricultura familiar em Goi\u00e1s. A nova vertente foca no <strong>desenvolvimento pessoal e profissional da juventude<\/strong> rural, garantindo capacita\u00e7\u00e3o, acompanhamento t\u00e9cnico e acesso a cr\u00e9dito para implanta\u00e7\u00e3o de neg\u00f3cios sustent\u00e1veis no campo.<\/span><\/p>\n<p><a href=\"https:\/\/goias.gov.br\/emater\/wp-content\/uploads\/sites\/62\/2025\/08\/Edital-Projeto-Agro-e-Social-Jovem-1.pdf\">Edital Agro \u00e9 Social Jovem<\/a><\/p>\n<p>&#8211;<\/p>\n<p><strong>Comunica\u00e7\u00e3o Setorial da Emater \u2013 Governo de Goi\u00e1s<\/strong><br \/>\n<a href=\"http:\/\/%20comunicacao.ematergo@gmail.com\/\">comunicacao.ematergo@gmail.com<\/a>\u00a0| +55 (62) 98152-2322<br \/>\n<a href=\"http:\/\/goias.gov.br\/emater\/\">http:\/\/goias.gov.br\/emater\/<\/a><br \/>\n<a href=\"http:\/\/instagram.com\/ematergoias\">@ematergoias<\/a><\/p>\n","protected":false},"excerpt":{"rendered":"<p>Programa voltado para capacita\u00e7\u00e3o e incentivo ao empreendedorismo rural, come\u00e7a a receber inscri\u00e7\u00f5es nesta segunda-feira (11). A forma\u00e7\u00e3o \u00e9 gratuita e direcionada para filhos e filhas de produtores rurais A Emater Goi\u00e1s d\u00e1 in\u00edcio, nesta segunda-feira (11\/08), ao processo de inscri\u00e7\u00f5es para o Agro \u00e9 Social Jovem, nova etapa do Programa Agro \u00e9 Social, voltada [&hellip;]<\/p>\n","protected":false},"author":301,"featured_media":285530,"comment_status":"closed","ping_status":"open","sticky":false,"template":"","format":"standard","meta":{"_acf_changed":false,"footnotes":""},"categories":[53,33,181,1],"tags":[],"class_list":["post-285523","post","type-post","status-publish","format-standard","has-post-thumbnail","hentry","category-cursos","category-dia-de-campo","category-institucional","category-noticias"],"acf":[],"rttpg_featured_image_url":{"full":["https:\/\/goias.gov.br\/emater\/wp-content\/uploads\/sites\/62\/2025\/08\/Emater-Goias-abre-inscricoes-para-o-Agro-e-Social-Jovem.jpg",2588,1294,false],"landscape":["https:\/\/goias.gov.br\/emater\/wp-content\/uploads\/sites\/62\/2025\/08\/Emater-Goias-abre-inscricoes-para-o-Agro-e-Social-Jovem.jpg",2588,1294,false],"portraits":["https:\/\/goias.gov.br\/emater\/wp-content\/uploads\/sites\/62\/2025\/08\/Emater-Goias-abre-inscricoes-para-o-Agro-e-Social-Jovem.jpg",2588,1294,false],"thumbnail":["https:\/\/goias.gov.br\/emater\/wp-content\/uploads\/sites\/62\/2025\/08\/Emater-Goias-abre-inscricoes-para-o-Agro-e-Social-Jovem-150x150.jpg",150,150,true],"medium":["https:\/\/goias.gov.br\/emater\/wp-content\/uploads\/sites\/62\/2025\/08\/Emater-Goias-abre-inscricoes-para-o-Agro-e-Social-Jovem-300x150.jpg",300,150,true],"large":["https:\/\/goias.gov.br\/emater\/wp-content\/uploads\/sites\/62\/2025\/08\/Emater-Goias-abre-inscricoes-para-o-Agro-e-Social-Jovem-1024x512.jpg",1024,512,true],"1536x1536":["https:\/\/goias.gov.br\/emater\/wp-content\/uploads\/sites\/62\/2025\/08\/Emater-Goias-abre-inscricoes-para-o-Agro-e-Social-Jovem-1536x768.jpg",1536,768,true],"2048x2048":["https:\/\/goias.gov.br\/emater\/wp-content\/uploads\/sites\/62\/2025\/08\/Emater-Goias-abre-inscricoes-para-o-Agro-e-Social-Jovem-2048x1024.jpg",2048,1024,true]},"rttpg_author":{"display_name":"marciacunha","author_link":"https:\/\/goias.gov.br\/emater\/author\/marciacunha\/"},"rttpg_comment":0,"rttpg_category":"<a href=\"https:\/\/goias.gov.br\/emater\/categoria\/cursos\/\" rel=\"category tag\">Cursos<\/a> <a href=\"https:\/\/goias.gov.br\/emater\/categoria\/dia-de-campo\/\" rel=\"category tag\">Dia de Campo<\/a> <a href=\"https:\/\/goias.gov.br\/emater\/categoria\/institucional\/\" rel=\"category tag\">Institucional<\/a> <a href=\"https:\/\/goias.gov.br\/emater\/categoria\/noticias\/\" rel=\"category tag\">Not\u00edcias<\/a>","rttpg_excerpt":"Programa voltado para capacita\u00e7\u00e3o e incentivo ao empreendedorismo rural, come\u00e7a a receber inscri\u00e7\u00f5es nesta segunda-feira (11). A forma\u00e7\u00e3o \u00e9 gratuita e direcionada para filhos e filhas de produtores rurais A Emater Goi\u00e1s d\u00e1 in\u00edcio, nesta segunda-feira (11\/08), ao processo de inscri\u00e7\u00f5es para o Agro \u00e9 Social Jovem, nova etapa do Programa Agro \u00e9 Social, voltada&hellip;","_links":{"self":[{"href":"https:\/\/goias.gov.br\/emater\/wp-json\/wp\/v2\/posts\/285523","targetHints":{"allow":["GET"]}}],"collection":[{"href":"https:\/\/goias.gov.br\/emater\/wp-json\/wp\/v2\/posts"}],"about":[{"href":"https:\/\/goias.gov.br\/emater\/wp-json\/wp\/v2\/types\/post"}],"author":[{"embeddable":true,"href":"https:\/\/goias.gov.br\/emater\/wp-json\/wp\/v2\/users\/301"}],"replies":[{"embeddable":true,"href":"https:\/\/goias.gov.br\/emater\/wp-json\/wp\/v2\/comments?post=285523"}],"version-history":[{"count":3,"href":"https:\/\/goias.gov.br\/emater\/wp-json\/wp\/v2\/posts\/285523\/revisions"}],"predecessor-version":[{"id":285604,"href":"https:\/\/goias.gov.br\/emater\/wp-json\/wp\/v2\/posts\/285523\/revisions\/285604"}],"wp:featuredmedia":[{"embeddable":true,"href":"https:\/\/goias.gov.br\/emater\/wp-json\/wp\/v2\/media\/285530"}],"wp:attachment":[{"href":"https:\/\/goias.gov.br\/emater\/wp-json\/wp\/v2\/media?parent=285523"}],"wp:term":[{"taxonomy":"category","embeddable":true,"href":"https:\/\/goias.gov.br\/emater\/wp-json\/wp\/v2\/categories?post=285523"},{"taxonomy":"post_tag","embeddable":true,"href":"https:\/\/goias.gov.br\/emater\/wp-json\/wp\/v2\/tags?post=285523"}],"curies":[{"name":"wp","href":"https:\/\/api.w.org\/{rel}","templated":true}]}}