

{"id":282499,"date":"2025-07-11T16:03:07","date_gmt":"2025-07-11T19:03:07","guid":{"rendered":"https:\/\/goias.gov.br\/emater\/?p=282499"},"modified":"2025-07-11T16:03:07","modified_gmt":"2025-07-11T19:03:07","slug":"emater-goias-reabre-escritorio-em-bom-jesus-e-amplia-atendimento-ao-produtor-rural","status":"publish","type":"post","link":"https:\/\/goias.gov.br\/emater\/emater-goias-reabre-escritorio-em-bom-jesus-e-amplia-atendimento-ao-produtor-rural\/","title":{"rendered":"Emater Goi\u00e1s reabre escrit\u00f3rio em Bom Jesus e amplia atendimento ao produtor rural"},"content":{"rendered":"<p style=\"text-align: center\"><em>Nova estrutura garante conforto para servidores e agricultores. Parceria entre Estado e Prefeitura fortalece agricultura familiar na regi\u00e3o<\/em><\/p>\n<p>Ap\u00f3s seis anos fechado, o escrit\u00f3rio local da Emater Goi\u00e1s em Bom Jesus, no Sul do estado, foi reinaugurado nesta quinta-feira (10\/07), em parceria com a prefeitura municipal. A unidade reabre equipada com m\u00f3veis novos, equipamentos modernos e ve\u00edculo 0 km, estrutura essencial para que produtores tenham acesso a assist\u00eancia t\u00e9cnica especializada e acesso \u00e0 pol\u00edticas p\u00fablicas.<\/p>\n<p>Durante a solenidade, o presidente da Emater, Rafael Gouveia, destacou o compromisso da gest\u00e3o em fortalecer a infraestrutura das unidades no interior e valorizou o trabalho realizado pelos servidores. Para ele, a presen\u00e7a da Emater nos munic\u00edpios \u00e9 essencial para impulsionar a agricultura familiar e gerar desenvolvimento local.<\/p>\n<blockquote><p>\u201cA Emater atinge seu objetivo quando o pequeno produtor entende o potencial que tem, adota novas tecnologias, amplia suas cadeias produtivas e transforma esse trabalho em renda para sua fam\u00edlia e para o munic\u00edpio. \u00c9 por isso que precisamos estar pr\u00f3ximos, para despertar essa for\u00e7a na agricultura familiar\u201d, ressaltou.<\/p><\/blockquote>\n<p>O prefeito de Bom Jesus, Daniel J\u00fanior, relembrou que sempre defendeu a reabertura da unidade, fundamental para uma regi\u00e3o com forte tradi\u00e7\u00e3o agr\u00edcola. Ele refor\u00e7ou a import\u00e2ncia da parceria entre os governos municipal e estadual para ampliar os benef\u00edcios \u00e0 popula\u00e7\u00e3o rural.<\/p>\n<blockquote><p>\u201cTenho certeza de que os t\u00e9cnicos da Emater v\u00e3o trazer as melhores informa\u00e7\u00f5es, tecnologias e oportunidades para fortalecer ainda mais nossos pequenos produtores. Essa uni\u00e3o de esfor\u00e7os garante dignidade, renda e desenvolvimento para o campo\u201d, afirmou.<\/p><\/blockquote>\n<p>A nova estrutura tamb\u00e9m reafirma o compromisso da Emater Goi\u00e1s com a valoriza\u00e7\u00e3o dos servidores e a qualidade do atendimento. O espa\u00e7o foi reformado e equipado com novos m\u00f3veis, computadores, notebooks, uniformes e ve\u00edculos, garantindo mais conforto para as equipes e os produtores.<\/p>\n<p><img fetchpriority=\"high\" decoding=\"async\" class=\"alignnone size-full wp-image-282501\" src=\"https:\/\/goias.gov.br\/emater\/wp-content\/uploads\/sites\/62\/2025\/07\/WhatsApp-Image-2025-07-11-at-15.35.46.jpeg\" alt=\"\" width=\"1600\" height=\"1121\" srcset=\"https:\/\/goias.gov.br\/emater\/wp-content\/uploads\/sites\/62\/2025\/07\/WhatsApp-Image-2025-07-11-at-15.35.46.jpeg 1600w, https:\/\/goias.gov.br\/emater\/wp-content\/uploads\/sites\/62\/2025\/07\/WhatsApp-Image-2025-07-11-at-15.35.46-300x210.jpeg 300w, https:\/\/goias.gov.br\/emater\/wp-content\/uploads\/sites\/62\/2025\/07\/WhatsApp-Image-2025-07-11-at-15.35.46-1024x717.jpeg 1024w, https:\/\/goias.gov.br\/emater\/wp-content\/uploads\/sites\/62\/2025\/07\/WhatsApp-Image-2025-07-11-at-15.35.46-768x538.jpeg 768w, https:\/\/goias.gov.br\/emater\/wp-content\/uploads\/sites\/62\/2025\/07\/WhatsApp-Image-2025-07-11-at-15.35.46-1536x1076.jpeg 1536w\" sizes=\"(max-width: 1600px) 100vw, 1600px\" \/><\/p>\n<p>Para o coordenador da Regional Rio Parna\u00edba, S\u00e9rgio Martins de Oliveira, a reabertura marca um novo momento para a agricultura familiar de Bom Jesus.<\/p>\n<blockquote><p>\u201cTer uma unidade ativa aqui \u00e9 estrat\u00e9gico. Vamos intensificar as a\u00e7\u00f5es de Assist\u00eancia T\u00e9cnica e Extens\u00e3o Rural (Ater), oferecer cursos, orienta\u00e7\u00f5es e executar programas que impactam diretamente a agricultura familiar, fortalecendo a economia local\u201d, pontuou.<\/p><\/blockquote>\n<p>A unidade funciona na Rua Um, n\u00ba 147, no Centro de Bom Jesus de Goi\u00e1s.<\/p>\n<hr \/>\n<p><strong>Comunica\u00e7\u00e3o Setorial da Emater \u2013 Governo de Goi\u00e1s<\/strong><br \/>\n<a href=\"http:\/\/%20comunicacao.ematergo@gmail.com\/\">comunicacao.ematergo@gmail.com<\/a>\u00a0| +55 (62) 98152-2322<br \/>\n<a href=\"http:\/\/goias.gov.br\/emater\/\">http:\/\/goias.gov.br\/emater\/<\/a><br \/>\n<a href=\"http:\/\/instagram.com\/ematergoias\">@ematergoias<\/a><\/p>\n","protected":false},"excerpt":{"rendered":"<p>Nova estrutura garante conforto para servidores e agricultores. Parceria entre Estado e Prefeitura fortalece agricultura familiar na regi\u00e3o Ap\u00f3s seis anos fechado, o escrit\u00f3rio local da Emater Goi\u00e1s em Bom Jesus, no Sul do estado, foi reinaugurado nesta quinta-feira (10\/07), em parceria com a prefeitura municipal. A unidade reabre equipada com m\u00f3veis novos, equipamentos modernos [&hellip;]<\/p>\n","protected":false},"author":729,"featured_media":282500,"comment_status":"closed","ping_status":"open","sticky":false,"template":"","format":"standard","meta":{"_acf_changed":false,"footnotes":""},"categories":[1],"tags":[],"class_list":["post-282499","post","type-post","status-publish","format-standard","has-post-thumbnail","hentry","category-noticias"],"acf":[],"rttpg_featured_image_url":{"full":["https:\/\/goias.gov.br\/emater\/wp-content\/uploads\/sites\/62\/2025\/07\/WhatsApp-Image-2025-07-11-at-15.40.57.jpeg",1150,575,false],"landscape":["https:\/\/goias.gov.br\/emater\/wp-content\/uploads\/sites\/62\/2025\/07\/WhatsApp-Image-2025-07-11-at-15.40.57.jpeg",1150,575,false],"portraits":["https:\/\/goias.gov.br\/emater\/wp-content\/uploads\/sites\/62\/2025\/07\/WhatsApp-Image-2025-07-11-at-15.40.57.jpeg",1150,575,false],"thumbnail":["https:\/\/goias.gov.br\/emater\/wp-content\/uploads\/sites\/62\/2025\/07\/WhatsApp-Image-2025-07-11-at-15.40.57-150x150.jpeg",150,150,true],"medium":["https:\/\/goias.gov.br\/emater\/wp-content\/uploads\/sites\/62\/2025\/07\/WhatsApp-Image-2025-07-11-at-15.40.57-300x150.jpeg",300,150,true],"large":["https:\/\/goias.gov.br\/emater\/wp-content\/uploads\/sites\/62\/2025\/07\/WhatsApp-Image-2025-07-11-at-15.40.57-1024x512.jpeg",1024,512,true],"1536x1536":["https:\/\/goias.gov.br\/emater\/wp-content\/uploads\/sites\/62\/2025\/07\/WhatsApp-Image-2025-07-11-at-15.40.57.jpeg",1150,575,false],"2048x2048":["https:\/\/goias.gov.br\/emater\/wp-content\/uploads\/sites\/62\/2025\/07\/WhatsApp-Image-2025-07-11-at-15.40.57.jpeg",1150,575,false]},"rttpg_author":{"display_name":"isadoraandrada","author_link":"https:\/\/goias.gov.br\/emater\/author\/isadoraandrada\/"},"rttpg_comment":0,"rttpg_category":"<a href=\"https:\/\/goias.gov.br\/emater\/categoria\/noticias\/\" rel=\"category tag\">Not\u00edcias<\/a>","rttpg_excerpt":"Nova estrutura garante conforto para servidores e agricultores. Parceria entre Estado e Prefeitura fortalece agricultura familiar na regi\u00e3o Ap\u00f3s seis anos fechado, o escrit\u00f3rio local da Emater Goi\u00e1s em Bom Jesus, no Sul do estado, foi reinaugurado nesta quinta-feira (10\/07), em parceria com a prefeitura municipal. A unidade reabre equipada com m\u00f3veis novos, equipamentos modernos&hellip;","_links":{"self":[{"href":"https:\/\/goias.gov.br\/emater\/wp-json\/wp\/v2\/posts\/282499","targetHints":{"allow":["GET"]}}],"collection":[{"href":"https:\/\/goias.gov.br\/emater\/wp-json\/wp\/v2\/posts"}],"about":[{"href":"https:\/\/goias.gov.br\/emater\/wp-json\/wp\/v2\/types\/post"}],"author":[{"embeddable":true,"href":"https:\/\/goias.gov.br\/emater\/wp-json\/wp\/v2\/users\/729"}],"replies":[{"embeddable":true,"href":"https:\/\/goias.gov.br\/emater\/wp-json\/wp\/v2\/comments?post=282499"}],"version-history":[{"count":2,"href":"https:\/\/goias.gov.br\/emater\/wp-json\/wp\/v2\/posts\/282499\/revisions"}],"predecessor-version":[{"id":282504,"href":"https:\/\/goias.gov.br\/emater\/wp-json\/wp\/v2\/posts\/282499\/revisions\/282504"}],"wp:featuredmedia":[{"embeddable":true,"href":"https:\/\/goias.gov.br\/emater\/wp-json\/wp\/v2\/media\/282500"}],"wp:attachment":[{"href":"https:\/\/goias.gov.br\/emater\/wp-json\/wp\/v2\/media?parent=282499"}],"wp:term":[{"taxonomy":"category","embeddable":true,"href":"https:\/\/goias.gov.br\/emater\/wp-json\/wp\/v2\/categories?post=282499"},{"taxonomy":"post_tag","embeddable":true,"href":"https:\/\/goias.gov.br\/emater\/wp-json\/wp\/v2\/tags?post=282499"}],"curies":[{"name":"wp","href":"https:\/\/api.w.org\/{rel}","templated":true}]}}