

{"id":274329,"date":"2025-05-07T09:54:58","date_gmt":"2025-05-07T12:54:58","guid":{"rendered":"https:\/\/goias.gov.br\/emater\/?p=274329"},"modified":"2025-05-07T19:51:17","modified_gmt":"2025-05-07T22:51:17","slug":"emater-goias-leva-inovacao-servicos-e-tecnologia-a-agrotecnoleite-2025","status":"publish","type":"post","link":"https:\/\/goias.gov.br\/emater\/emater-goias-leva-inovacao-servicos-e-tecnologia-a-agrotecnoleite-2025\/","title":{"rendered":"Emater Goi\u00e1s leva inova\u00e7\u00e3o, servi\u00e7os e tecnologia \u00e0 AgroTecnoleite 2025"},"content":{"rendered":"<p><em>Com programa\u00e7\u00e3o interativa e atendimento ao produtor rural, institui\u00e7\u00e3o participa da 14\u00aa edi\u00e7\u00e3o da maior feira do agroneg\u00f3cio do sul de Goi\u00e1s<\/em><\/p>\n<p>A Emater Goi\u00e1s marca presen\u00e7a na AgroTecnoleite Complem 2025, levando uma programa\u00e7\u00e3o especial com inova\u00e7\u00e3o, tecnologia, servi\u00e7os e atendimentos voltados ao homem do campo. A 14\u00aa edi\u00e7\u00e3o da feira acontece de 6 a 9 de maio, das 8h \u00e0s 18h, no Centro Tecnol\u00f3gico Complem, em Morrinhos (GO),com entrada e estacionamento gratuitos para os visitantes.<\/p>\n<p>Entre os destaques da programa\u00e7\u00e3o da Emater est\u00e1 uma experi\u00eancia imersiva em realidade virtual, desenvolvida em parceria com a Rede ILPF (Integra\u00e7\u00e3o Lavoura-Pecu\u00e1ria-Floresta). Os visitantes poder\u00e3o fazer um tour virtual por uma propriedade rural que adota o sistema ILPF, conhecendo de perto seus benef\u00edcios ambientais, produtivos e econ\u00f4micos.<\/p>\n<blockquote><p>\u201cA AgroTecnoleite \u00e9 uma vitrine do agroneg\u00f3cio goiano e uma excelente oportunidade para mostrarmos o trabalho da Emater em todo o estado. Neste ano, levamos uma experi\u00eancia interativa e inovadora, que demonstra na pr\u00e1tica os ganhos do sistema ILPF&#8221;, destaca o presidente da Emater Goi\u00e1s, Rafael Gouveia.<\/p><\/blockquote>\n<p><strong>Espa\u00e7o da Pesquisa Agropecu\u00e1ria<\/strong><br \/>\nOutro ponto alto ser\u00e1 o Espa\u00e7o da Pesquisa Agropecu\u00e1ria, onde a Emater apresentar\u00e1 uma \u00e1rea demonstrativa de cultivo com sistemas integrados, expondo variedades como arroz BRS A504CL, mandioca BRS 429, abacaxi Jupi e batata-doce biofortificada. O objetivo \u00e9 mostrar aos agricultores novas alternativas de cultivo e estrat\u00e9gias para aumentar a produtividade das lavouras com sustentabilidade.<\/p>\n<p>Al\u00e9m disso, uma equipe de t\u00e9cnicos e profissionais da Emater estar\u00e1 \u00e0 disposi\u00e7\u00e3o para orientar os produtores sobre pol\u00edticas p\u00fablicas de inclus\u00e3o produtiva rural promovidas pelo Governo de Goi\u00e1s, com foco no fortalecimento da agricultura familiar e no acesso a programas de apoio ao desenvolvimento rural.<\/p>\n<p><strong>Sobre a feira<\/strong><br \/>\nCom o tema \u201cCultivando conex\u00f5es, colhendo inova\u00e7\u00f5es\u201d, a AgroTecnoleite 2025 re\u00fane solu\u00e7\u00f5es para as principais demandas dos produtores nas \u00e1reas de pecu\u00e1ria leiteira, de corte e agricultura. A expectativa \u00e9 de que mais de 30 mil visitantes passem pelo evento.<\/p>\n<p>Em 2024, a feira movimentou cerca de R$ 250 milh\u00f5es em neg\u00f3cios, reuniu 168 expositores e atraiu milhares de visitantes, incluindo 1.500 estudantes da rede p\u00fablica que participaram do projeto educativo \u201cCaminhos do Leite\u201d, aprendendo sobre o processo produtivo do leite da fazenda at\u00e9 a mesa.<\/p>\n<p>&nbsp;<\/p>\n<p><strong>Comunica\u00e7\u00e3o Setorial da Emater \u2013 Governo de Goi\u00e1s<\/strong><br \/>\n<strong><a href=\"http:\/\/%20comunicacao.ematergo@gmail.com\/\" target=\"_blank\" rel=\"noopener\">comunicacao.ematergo@gmail.com<\/a>\u00a0| +55 62 3201-2322<\/strong><br \/>\n<strong><a href=\"http:\/\/www.emater.go.gov.br\/\" target=\"_blank\" rel=\"noopener\">www.emater.go.gov.br<\/a><\/strong><\/p>\n","protected":false},"excerpt":{"rendered":"<p>Com programa\u00e7\u00e3o interativa e atendimento ao produtor rural, institui\u00e7\u00e3o participa da 14\u00aa edi\u00e7\u00e3o da maior feira do agroneg\u00f3cio do sul de Goi\u00e1s A Emater Goi\u00e1s marca presen\u00e7a na AgroTecnoleite Complem 2025, levando uma programa\u00e7\u00e3o especial com inova\u00e7\u00e3o, tecnologia, servi\u00e7os e atendimentos voltados ao homem do campo. A 14\u00aa edi\u00e7\u00e3o da feira acontece de 6 a [&hellip;]<\/p>\n","protected":false},"author":301,"featured_media":274330,"comment_status":"closed","ping_status":"open","sticky":false,"template":"","format":"standard","meta":{"_acf_changed":false,"footnotes":""},"categories":[42,1],"tags":[49,97],"class_list":["post-274329","post","type-post","status-publish","format-standard","has-post-thumbnail","hentry","category-evento","category-noticias","tag-agrotecnoleite","tag-emater-2","tipo_de_noticia-governo"],"acf":[],"rttpg_featured_image_url":{"full":["https:\/\/goias.gov.br\/emater\/wp-content\/uploads\/sites\/62\/2025\/05\/WhatsApp-Image-2025-05-07-at-09.45.23.jpeg",2560,1706,false],"landscape":["https:\/\/goias.gov.br\/emater\/wp-content\/uploads\/sites\/62\/2025\/05\/WhatsApp-Image-2025-05-07-at-09.45.23.jpeg",2560,1706,false],"portraits":["https:\/\/goias.gov.br\/emater\/wp-content\/uploads\/sites\/62\/2025\/05\/WhatsApp-Image-2025-05-07-at-09.45.23.jpeg",2560,1706,false],"thumbnail":["https:\/\/goias.gov.br\/emater\/wp-content\/uploads\/sites\/62\/2025\/05\/WhatsApp-Image-2025-05-07-at-09.45.23-150x150.jpeg",150,150,true],"medium":["https:\/\/goias.gov.br\/emater\/wp-content\/uploads\/sites\/62\/2025\/05\/WhatsApp-Image-2025-05-07-at-09.45.23-300x200.jpeg",300,200,true],"large":["https:\/\/goias.gov.br\/emater\/wp-content\/uploads\/sites\/62\/2025\/05\/WhatsApp-Image-2025-05-07-at-09.45.23-1024x682.jpeg",1024,682,true],"1536x1536":["https:\/\/goias.gov.br\/emater\/wp-content\/uploads\/sites\/62\/2025\/05\/WhatsApp-Image-2025-05-07-at-09.45.23-1536x1024.jpeg",1536,1024,true],"2048x2048":["https:\/\/goias.gov.br\/emater\/wp-content\/uploads\/sites\/62\/2025\/05\/WhatsApp-Image-2025-05-07-at-09.45.23-2048x1365.jpeg",2048,1365,true]},"rttpg_author":{"display_name":"marciacunha","author_link":"https:\/\/goias.gov.br\/emater\/author\/marciacunha\/"},"rttpg_comment":0,"rttpg_category":"<a href=\"https:\/\/goias.gov.br\/emater\/categoria\/evento\/\" rel=\"category tag\">Evento<\/a> <a href=\"https:\/\/goias.gov.br\/emater\/categoria\/noticias\/\" rel=\"category tag\">Not\u00edcias<\/a>","rttpg_excerpt":"Com programa\u00e7\u00e3o interativa e atendimento ao produtor rural, institui\u00e7\u00e3o participa da 14\u00aa edi\u00e7\u00e3o da maior feira do agroneg\u00f3cio do sul de Goi\u00e1s A Emater Goi\u00e1s marca presen\u00e7a na AgroTecnoleite Complem 2025, levando uma programa\u00e7\u00e3o especial com inova\u00e7\u00e3o, tecnologia, servi\u00e7os e atendimentos voltados ao homem do campo. A 14\u00aa edi\u00e7\u00e3o da feira acontece de 6 a&hellip;","_links":{"self":[{"href":"https:\/\/goias.gov.br\/emater\/wp-json\/wp\/v2\/posts\/274329","targetHints":{"allow":["GET"]}}],"collection":[{"href":"https:\/\/goias.gov.br\/emater\/wp-json\/wp\/v2\/posts"}],"about":[{"href":"https:\/\/goias.gov.br\/emater\/wp-json\/wp\/v2\/types\/post"}],"author":[{"embeddable":true,"href":"https:\/\/goias.gov.br\/emater\/wp-json\/wp\/v2\/users\/301"}],"replies":[{"embeddable":true,"href":"https:\/\/goias.gov.br\/emater\/wp-json\/wp\/v2\/comments?post=274329"}],"version-history":[{"count":2,"href":"https:\/\/goias.gov.br\/emater\/wp-json\/wp\/v2\/posts\/274329\/revisions"}],"predecessor-version":[{"id":274343,"href":"https:\/\/goias.gov.br\/emater\/wp-json\/wp\/v2\/posts\/274329\/revisions\/274343"}],"wp:featuredmedia":[{"embeddable":true,"href":"https:\/\/goias.gov.br\/emater\/wp-json\/wp\/v2\/media\/274330"}],"wp:attachment":[{"href":"https:\/\/goias.gov.br\/emater\/wp-json\/wp\/v2\/media?parent=274329"}],"wp:term":[{"taxonomy":"category","embeddable":true,"href":"https:\/\/goias.gov.br\/emater\/wp-json\/wp\/v2\/categories?post=274329"},{"taxonomy":"post_tag","embeddable":true,"href":"https:\/\/goias.gov.br\/emater\/wp-json\/wp\/v2\/tags?post=274329"}],"curies":[{"name":"wp","href":"https:\/\/api.w.org\/{rel}","templated":true}]}}