

{"id":2355,"date":"2019-03-06T15:57:14","date_gmt":"2019-03-06T18:57:14","guid":{"rendered":"https:\/\/goias.gov.br\/emater\/?p=2355"},"modified":"2022-10-04T16:11:08","modified_gmt":"2022-10-04T19:11:08","slug":"cultura-do-pequi-movimenta-agricultura-familiar-em-goias","status":"publish","type":"post","link":"https:\/\/goias.gov.br\/emater\/cultura-do-pequi-movimenta-agricultura-familiar-em-goias\/","title":{"rendered":"Cultura do pequi movimenta agricultura familiar em Goi\u00e1s"},"content":{"rendered":"\n<p>Considerado o ouro do Cerrado, o pequi \u00e9 um dos frutos mais famosos da regi\u00e3o Centro-Oeste. A \u00e1rvore, intitulada como pequizeiro, pode chegar a at\u00e9 12 metros de altura e produz seus frutos de novembro a janeiro.\u00a0 De acordo com a Produ\u00e7\u00e3o da Extra\u00e7\u00e3o Vegetal e Silvicultura (IBGE, 2017), o estado de Goi\u00e1s se manteve como segundo maior em extra\u00e7\u00e3o do fruto, com aumento de 94,44% de sua produ\u00e7\u00e3o do ano de 2016 para 2017, perdendo apenas para o estado de Minas Gerais, que fica em primeiro lugar. <\/p>\n\n\n\n<div class=\"wp-block-image\"><figure class=\"alignleft is-resized\"><img fetchpriority=\"high\" decoding=\"async\" src=\"https:\/\/goias.gov.br\/emater\/wp-content\/uploads\/sites\/62\/2019\/03\/pequi-3.jpg\" alt=\"\" class=\"wp-image-2361\" width=\"319\" height=\"213\" srcset=\"https:\/\/goias.gov.br\/emater\/wp-content\/uploads\/sites\/62\/2019\/03\/pequi-3.jpg 823w, https:\/\/goias.gov.br\/emater\/wp-content\/uploads\/sites\/62\/2019\/03\/pequi-3-300x201.jpg 300w, https:\/\/goias.gov.br\/emater\/wp-content\/uploads\/sites\/62\/2019\/03\/pequi-3-768x514.jpg 768w\" sizes=\"(max-width: 319px) 100vw, 319px\" \/><\/figure><\/div>\n\n\n\n<p>Estudante de agronomia e estagi\u00e1ria da Emater, Amanda Carvalho produziu um artigo sobre o potencial da produ\u00e7\u00e3o goiana no Cerrado, em que destacou que \u201co esperado \u00e9 que a produ\u00e7\u00e3o de pequi aumente mais ainda nos anos seguintes, devido sua grande agrega\u00e7\u00e3o de valor e visto que diversos autores mencionam o potencial desta esp\u00e9cie arb\u00f3rea para sistemas agroflorestais e seu potencial tamb\u00e9m para a produ\u00e7\u00e3o de biodiesel no Brasil\u201d.<\/p>\n\n\n\n<p>O gr\u00e1fico abaixo mostra a quantidade de pequi em toneladas produzidas no estado do Cear\u00e1, Goi\u00e1s e Minas Gerais:<\/p>\n\n\n\n<figure class=\"wp-block-image\"><img decoding=\"async\" width=\"569\" height=\"332\" src=\"https:\/\/goias.gov.br\/emater\/wp-content\/uploads\/sites\/62\/2019\/03\/tabela-artigo-pequi.png\" alt=\"\" class=\"wp-image-2356\" srcset=\"https:\/\/goias.gov.br\/emater\/wp-content\/uploads\/sites\/62\/2019\/03\/tabela-artigo-pequi.png 569w, https:\/\/goias.gov.br\/emater\/wp-content\/uploads\/sites\/62\/2019\/03\/tabela-artigo-pequi-300x175.png 300w\" sizes=\"(max-width: 569px) 100vw, 569px\" \/><figcaption>Fonte: Produ\u00e7\u00e3o da Extra\u00e7\u00e3o Vegetal e da Silvicultura (IBGE, 2014 a 2017)<\/figcaption><\/figure>\n\n\n\n<h4 class=\"wp-block-heading\"><strong>Agricultura familiar<\/strong><\/h4>\n\n\n\n<div class=\"wp-block-image\"><figure class=\"alignleft is-resized\"><img decoding=\"async\" src=\"https:\/\/goias.gov.br\/emater\/wp-content\/uploads\/sites\/62\/2019\/03\/pequi-1.jpg\" alt=\"\" class=\"wp-image-2359\" width=\"321\" height=\"482\" srcset=\"https:\/\/goias.gov.br\/emater\/wp-content\/uploads\/sites\/62\/2019\/03\/pequi-1.jpg 606w, https:\/\/goias.gov.br\/emater\/wp-content\/uploads\/sites\/62\/2019\/03\/pequi-1-199x300.jpg 199w\" sizes=\"(max-width: 321px) 100vw, 321px\" \/><\/figure><\/div>\n\n\n\n<p>A partir de seu estudo, Amanda Carvalho tamb\u00e9m ressalta a import\u00e2ncia do pequi na agricultura familiar. \u201cOs respons\u00e1veis pela comercializa\u00e7\u00e3o do pequi s\u00e3o, muitas vezes, os pr\u00f3prios agricultores que realizam o plantio e vendem diretamente ao consumidor \u00e0s margens das estradas. Os principais pontos de venda encontram-se nos mercados municipais, nas Ceasas ou por ambulantes em sem\u00e1foros, no centro das cidades, em pontos de grande circula\u00e7\u00e3o de pessoas , pr\u00f3ximos a supermercados e verdur\u00f5es\u201d.<\/p>\n\n\n\n<p>Conforme pesquisa da Conab (gr\u00e1fico 2), a produ\u00e7\u00e3o de pequi tem um custo de aproximadamente R$ 12.225,94 para uma produ\u00e7\u00e3o de 20 toneladas\/safra na agricultura familiar, sendo que a maior despesa \u00e9 no custeio da extra\u00e7\u00e3o do produto<strong>. <\/strong>O custo de produ\u00e7\u00e3o para um quilo de pequi \u00e9, em m\u00e9dia, R$ 0,61 e a produ\u00e7\u00e3o de uma caixa com 32 quilos, R$ 19,56. Desta forma, o produtor ter\u00e1 um lucro de R$ 1,32 quando a caixa for vendida a R$ 20,88 e, em contrapartida, quando a mesma for vendida a R$ 55,00, o produtor ter\u00e1 um lucro de R$ 35,44. Tendo como m\u00e9dia anual de lucro de R$ 10,47, de acordo com a varia\u00e7\u00e3o do pre\u00e7o m\u00e9dio da caixa. <\/p>\n\n\n\n<p><strong>Gr\u00e1fico 2 \u2013 Custo de produ\u00e7\u00e3o estimado do pequi na safra de 2016 na agricultura familiar na cidade de Ipor\u00e1<\/strong><\/p>\n\n\n\n<figure class=\"wp-block-image\"><img loading=\"lazy\" decoding=\"async\" width=\"530\" height=\"275\" src=\"https:\/\/goias.gov.br\/emater\/wp-content\/uploads\/sites\/62\/2019\/03\/tabela-artigo-pequi-2.png\" alt=\"\" class=\"wp-image-2357\" srcset=\"https:\/\/goias.gov.br\/emater\/wp-content\/uploads\/sites\/62\/2019\/03\/tabela-artigo-pequi-2.png 530w, https:\/\/goias.gov.br\/emater\/wp-content\/uploads\/sites\/62\/2019\/03\/tabela-artigo-pequi-2-300x156.png 300w\" sizes=\"(max-width: 530px) 100vw, 530px\" \/><figcaption>Fonte: Conab, 2017<\/figcaption><\/figure>\n\n\n\n<p>O pre\u00e7o m\u00e9dio da caixa de pequi com 32 kg comercializado no Ceasa de Goi\u00e1s no ano de 2017 variou bastante entre os meses de janeiro a dezembro, isso ocorreu devido a demanda e a oferta do fruto. No m\u00eas de agosto, o pre\u00e7o m\u00e9dio chegou a R$ 55,00 a caixa, e teve uma queda nos pre\u00e7os nos meses seguintes (gr\u00e1fico 3).<\/p>\n\n\n\n<p><strong>Gr\u00e1fico 3 &#8211; Pre\u00e7o m\u00e9dio da caixa com 32 kg de pequi com casca no estado de Goi\u00e1s no ano de 2017<\/strong><\/p>\n\n\n\n<figure class=\"wp-block-image\"><img loading=\"lazy\" decoding=\"async\" width=\"600\" height=\"343\" src=\"https:\/\/goias.gov.br\/emater\/wp-content\/uploads\/sites\/62\/2019\/03\/tabela-artigo-pequi-3.png\" alt=\"\" class=\"wp-image-2358\" srcset=\"https:\/\/goias.gov.br\/emater\/wp-content\/uploads\/sites\/62\/2019\/03\/tabela-artigo-pequi-3.png 600w, https:\/\/goias.gov.br\/emater\/wp-content\/uploads\/sites\/62\/2019\/03\/tabela-artigo-pequi-3-300x172.png 300w\" sizes=\"(max-width: 600px) 100vw, 600px\" \/><\/figure>\n\n\n\n<h4 class=\"wp-block-heading\"><strong>Usos e formas de explora\u00e7\u00e3o do pequi<\/strong>: <\/h4>\n\n\n\n<figure class=\"wp-block-image\"><img loading=\"lazy\" decoding=\"async\" width=\"781\" height=\"519\" src=\"https:\/\/goias.gov.br\/emater\/wp-content\/uploads\/sites\/62\/2019\/03\/pequi-2.jpg\" alt=\"\" class=\"wp-image-2360\" srcset=\"https:\/\/goias.gov.br\/emater\/wp-content\/uploads\/sites\/62\/2019\/03\/pequi-2.jpg 781w, https:\/\/goias.gov.br\/emater\/wp-content\/uploads\/sites\/62\/2019\/03\/pequi-2-300x199.jpg 300w, https:\/\/goias.gov.br\/emater\/wp-content\/uploads\/sites\/62\/2019\/03\/pequi-2-768x510.jpg 768w\" sizes=\"(max-width: 781px) 100vw, 781px\" \/><\/figure>\n\n\n\n<p>O pequi \u00e9 uma esp\u00e9cie vegetal do qual se pode extrair diversos produtos. Pode-se resumir alguns usos do pequizeiro separados por partes da \u00e1rvore, tais como:<\/p>\n\n\n\n<ol class=\"wp-block-list\"><li><strong>Raiz:<\/strong> \u00e9 toxica e, quando macerada, pode matar peixes; <\/li><li><strong>Caule<\/strong>: \u00e9 usado na fabrica\u00e7\u00e3o de carv\u00e3o sider\u00fargico e nas constru\u00e7\u00f5es civil, rural e naval;<\/li><li><strong>Folhas<\/strong>: uso medicinal, no tratamento de gripes, bronquites e doen\u00e7as do f\u00edgado, e na regulariza\u00e7\u00e3o do \ufb02uxo menstrual;<\/li><li><strong>Casca<\/strong>: fabrica\u00e7\u00e3o de sab\u00e3o, ra\u00e7\u00e3o animal, tinturaria e farinha;<\/li><li><strong>Castanha<\/strong>: \u00e9 comest\u00edvel e utilizada na fabrica\u00e7\u00e3o de pa\u00e7oca e \u00f3leo branco;<\/li><li><strong>Polpa<\/strong>: utilizado principalmente na culin\u00e1ria regional, \u00f3leos que s\u00e3o utilizados como condimentos, na fabrica\u00e7\u00e3o de licores, na ind\u00fastria de lubri\ufb01cantes e de cosm\u00e9ticos (sab\u00e3o, sabonete e cremes) e na tradi\u00e7\u00e3o popular para tratar problemas respirat\u00f3rios;<\/li><li><strong>Cultivo em sistemas agro\ufb02orestais<\/strong> com outras plantas nativas (favela, cagaita, mangaba, etc.) e plantas cultivadas (jaborandi, plantas c\u00edtricas, abacaxi, etc). <\/li><\/ol>\n\n\n\n<p><em>O artigo mencionado \u00e9 uma produ\u00e7\u00e3o da Ger\u00eancia de Intelig\u00eancia Territorial da Emater, com escrita da estagi\u00e1ria em agronomia Amanda Carvalho Monteiro e supervis\u00e3o do gerente do setor, Guilherme Resende Oliveira e o analista da Emater, Adriano Silva de Faria.<\/em><\/p>\n\n\n\n<p><em><strong>Ger\u00eancia de Comunica\u00e7\u00e3o para Inova\u00e7\u00e3o \u2013 Emater<\/strong><\/em><br>Texto: Beatriz Alves | Fotos: Nivaldo Ferr<br>Informa\u00e7\u00f5es \u00e0 imprensa: (62) 3201-8814 \/ 99276-8126<br><a href=\"mailto:comunicacao.ematergo@gmail.com\">comunicacao.ematergo@gmail.com<\/a><br><a href=\"https:\/\/goias.gov.br\/emater\/\">www.emater.go.gov.br<\/a><\/p>\n","protected":false},"excerpt":{"rendered":"<p>Considerado o ouro do Cerrado, o pequi \u00e9 um dos frutos mais famosos da regi\u00e3o Centro-Oeste. A \u00e1rvore, intitulada como pequizeiro, pode chegar a at\u00e9 12 metros de altura e produz seus frutos de novembro a janeiro.\u00a0 De acordo com a Produ\u00e7\u00e3o da Extra\u00e7\u00e3o Vegetal e Silvicultura (IBGE, 2017), o estado de Goi\u00e1s se manteve [&hellip;]<\/p>\n","protected":false},"author":2,"featured_media":2362,"comment_status":"open","ping_status":"open","sticky":false,"template":"","format":"standard","meta":{"_acf_changed":false,"footnotes":""},"categories":[67],"tags":[111,116],"class_list":["post-2355","post","type-post","status-publish","format-standard","has-post-thumbnail","hentry","category-publicacoes","tag-agricultura-familiar","tag-pequi"],"acf":[],"rttpg_featured_image_url":{"full":["https:\/\/goias.gov.br\/emater\/wp-content\/uploads\/sites\/62\/2019\/03\/pequi.jpg",858,570,false],"landscape":["https:\/\/goias.gov.br\/emater\/wp-content\/uploads\/sites\/62\/2019\/03\/pequi.jpg",858,570,false],"portraits":["https:\/\/goias.gov.br\/emater\/wp-content\/uploads\/sites\/62\/2019\/03\/pequi.jpg",858,570,false],"thumbnail":["https:\/\/goias.gov.br\/emater\/wp-content\/uploads\/sites\/62\/2019\/03\/pequi-150x150.jpg",150,150,true],"medium":["https:\/\/goias.gov.br\/emater\/wp-content\/uploads\/sites\/62\/2019\/03\/pequi-300x199.jpg",300,199,true],"large":["https:\/\/goias.gov.br\/emater\/wp-content\/uploads\/sites\/62\/2019\/03\/pequi.jpg",858,570,false],"1536x1536":["https:\/\/goias.gov.br\/emater\/wp-content\/uploads\/sites\/62\/2019\/03\/pequi.jpg",858,570,false],"2048x2048":["https:\/\/goias.gov.br\/emater\/wp-content\/uploads\/sites\/62\/2019\/03\/pequi.jpg",858,570,false]},"rttpg_author":{"display_name":"rogerioduarte","author_link":"https:\/\/goias.gov.br\/emater\/author\/rogerioduarte\/"},"rttpg_comment":0,"rttpg_category":"<a href=\"https:\/\/goias.gov.br\/emater\/categoria\/publicacoes\/\" rel=\"category tag\">Publica\u00e7\u00f5es<\/a>","rttpg_excerpt":"Considerado o ouro do Cerrado, o pequi \u00e9 um dos frutos mais famosos da regi\u00e3o Centro-Oeste. A \u00e1rvore, intitulada como pequizeiro, pode chegar a at\u00e9 12 metros de altura e produz seus frutos de novembro a janeiro.\u00a0 De acordo com a Produ\u00e7\u00e3o da Extra\u00e7\u00e3o Vegetal e Silvicultura (IBGE, 2017), o estado de Goi\u00e1s se manteve&hellip;","_links":{"self":[{"href":"https:\/\/goias.gov.br\/emater\/wp-json\/wp\/v2\/posts\/2355","targetHints":{"allow":["GET"]}}],"collection":[{"href":"https:\/\/goias.gov.br\/emater\/wp-json\/wp\/v2\/posts"}],"about":[{"href":"https:\/\/goias.gov.br\/emater\/wp-json\/wp\/v2\/types\/post"}],"author":[{"embeddable":true,"href":"https:\/\/goias.gov.br\/emater\/wp-json\/wp\/v2\/users\/2"}],"replies":[{"embeddable":true,"href":"https:\/\/goias.gov.br\/emater\/wp-json\/wp\/v2\/comments?post=2355"}],"version-history":[{"count":0,"href":"https:\/\/goias.gov.br\/emater\/wp-json\/wp\/v2\/posts\/2355\/revisions"}],"wp:featuredmedia":[{"embeddable":true,"href":"https:\/\/goias.gov.br\/emater\/wp-json\/wp\/v2\/media\/2362"}],"wp:attachment":[{"href":"https:\/\/goias.gov.br\/emater\/wp-json\/wp\/v2\/media?parent=2355"}],"wp:term":[{"taxonomy":"category","embeddable":true,"href":"https:\/\/goias.gov.br\/emater\/wp-json\/wp\/v2\/categories?post=2355"},{"taxonomy":"post_tag","embeddable":true,"href":"https:\/\/goias.gov.br\/emater\/wp-json\/wp\/v2\/tags?post=2355"}],"curies":[{"name":"wp","href":"https:\/\/api.w.org\/{rel}","templated":true}]}}